{"id":957937,"date":"2024-02-01T16:14:21","date_gmt":"2024-02-01T19:14:21","guid":{"rendered":"https:\/\/www.cnbb.org.br\/?p=957937"},"modified":"2024-02-01T16:15:04","modified_gmt":"2024-02-01T19:15:04","slug":"cultura-global-e-seus-desafios","status":"publish","type":"post","link":"https:\/\/www.cnbb.org.br\/cultura-global-e-seus-desafios\/","title":{"rendered":"Cultura Global e seus desafios\u00a0\u00a0"},"content":{"rendered":"<p style=\"text-align: right;\"><strong>Dom Jo\u00e3o Santos Cardoso<br \/>\nArcebispo de Natal (RN)<\/strong><\/p>\n<p style=\"text-align: justify;\"><span data-ccp-props=\"{&quot;201341983&quot;:0,&quot;335551550&quot;:3,&quot;335551620&quot;:3,&quot;335559739&quot;:0,&quot;335559740&quot;:240}\">\u00a0<\/span><\/p>\n<p style=\"text-align: justify;\"><span data-contrast=\"auto\">A palavra &#8220;cultura&#8221;, de origem latina, remete ao cultivo da terra e \u00e0 transforma\u00e7\u00e3o da natureza para aperfei\u00e7oar o ser humano. A corrente idealista associa a cultura \u00e0s grandes realiza\u00e7\u00f5es do esp\u00edrito humano, como arte, literatura, ci\u00eancia e religi\u00e3o. De acordo com essa concep\u00e7\u00e3o, cultura \u00e9 sin\u00f4nimo de civiliza\u00e7\u00e3o e progresso. No entanto, esse conceito carrega o risco de distin\u00e7\u00f5es etnoc\u00eantricas entre culturas, classificando algumas como superiores e outras como inferiores. A perspectiva marxista entende a cultura como ideologia que resulta da forma como uma sociedade estrutura seu modo de produ\u00e7\u00e3o e tem a fun\u00e7\u00e3o de garantir o funcionamento do sistema econ\u00f4mico. Na antropologia cultural, a diferen\u00e7a espec\u00edfica de cada povo caracteriza o conceito de cultura. Segundo essa compreens\u00e3o, a cultura determina todos os aspectos da forma de vida humana de um povo, desde pr\u00e1ticas culin\u00e1rias at\u00e9 constru\u00e7\u00f5es sociais, simb\u00f3licas e religiosas. Cultura \u00e9 o ch\u00e3o particular de cada grupo social, e os fen\u00f4menos culturais formam um ecossistema humano, um ambiente criado pelos povos para se protegerem e se perpetuarem.<\/span><span data-ccp-props=\"{&quot;201341983&quot;:0,&quot;335551550&quot;:6,&quot;335551620&quot;:6,&quot;335559731&quot;:567,&quot;335559739&quot;:40,&quot;335559740&quot;:240}\">\u00a0<\/span><\/p>\n<p style=\"text-align: justify;\"><span data-contrast=\"auto\">Partindo do esclarecimento gramatical do conceito de cultura, gostaria de discutir sobre o que se chama de globaliza\u00e7\u00e3o da cultura ou cultura global. E, aceitando que estamos diante de manifesta\u00e7\u00f5es culturais universais que se sobrep\u00f5em \u00e0s culturas locais, quais seriam ent\u00e3o as caracter\u00edsticas e impactos dessa cultura sobre o indiv\u00edduo, e como lidar com essa onda que molda mentalidades, comportamentos e atitudes?<\/span><span data-ccp-props=\"{&quot;201341983&quot;:0,&quot;335551550&quot;:6,&quot;335551620&quot;:6,&quot;335559731&quot;:567,&quot;335559739&quot;:40,&quot;335559740&quot;:240}\">\u00a0<\/span><\/p>\n<p style=\"text-align: justify;\"><span data-contrast=\"auto\">A express\u00e3o &#8220;cultura global&#8221; \u00e9, de certa forma, inadequada, pois sugere a exist\u00eancia de uma cultura universal compartilhada por todos os povos. Contrariamente, vivemos em uma era de multiplicidade cultural, sem um centro ordenador comum. A cultura, enquanto sistema de valores, express\u00f5es simb\u00f3licas e cren\u00e7as, n\u00e3o consegue ser reduzida a uma \u00fanica perspectiva universal. Admitindo esta vis\u00e3o, ent\u00e3o o que se chama de cultura global seria, em grande parte, um processo de massifica\u00e7\u00e3o disseminado pelas m\u00eddias de comunica\u00e7\u00e3o, influenciando esteticamente, ideologicamente e linguisticamente as comunidades ao redor do mundo. No caso, ter\u00edamos a express\u00e3o de um fen\u00f4meno ligado \u00e0 globaliza\u00e7\u00e3o da economia, que impacta as culturas e influencia a percep\u00e7\u00e3o da realidade de cada povo.<\/span><span data-ccp-props=\"{&quot;201341983&quot;:0,&quot;335551550&quot;:6,&quot;335551620&quot;:6,&quot;335559731&quot;:567,&quot;335559739&quot;:40,&quot;335559740&quot;:240}\">\u00a0<\/span><\/p>\n<p style=\"text-align: justify;\"><span data-contrast=\"auto\">Ent\u00e3o, o fen\u00f4meno da globaliza\u00e7\u00e3o da cultura apresenta algumas caracter\u00edsticas, como a massifica\u00e7\u00e3o, homogeneiza\u00e7\u00e3o cultural, individualismo, globaliza\u00e7\u00e3o de determinadas tend\u00eancias que impactam o comportamento das pessoas na contemporaneidade. Assim, o fen\u00f4meno da globaliza\u00e7\u00e3o tende \u00e0 uniformiza\u00e7\u00e3o das culturas locais, impondo costumes e formas de vida atrav\u00e9s das m\u00eddias de comunica\u00e7\u00e3o. Em muitos contextos, presenciamos a dilui\u00e7\u00e3o das identidades culturais atrav\u00e9s de um processo de homogeneiza\u00e7\u00e3o de comportamentos, suplantando os saberes tradicionais, negligenciando as riquezas das culturas aut\u00f3ctones e tradi\u00e7\u00f5es locais. Cada vez mais, o fen\u00f4meno da globaliza\u00e7\u00e3o suplanta as culturas locais, promove um estilo de vida individualista, rompendo o senso de comunidade, de solidariedade e a\u00e7\u00e3o coletiva.\u00a0<\/span><span data-ccp-props=\"{&quot;201341983&quot;:0,&quot;335551550&quot;:6,&quot;335551620&quot;:6,&quot;335559731&quot;:567,&quot;335559739&quot;:40,&quot;335559740&quot;:240}\">\u00a0<\/span><\/p>\n<p style=\"text-align: justify;\"><span data-contrast=\"auto\">Ent\u00e3o, a cultura globalizada se caracteriza pela autorrefer\u00eancia do indiv\u00edduo, que o conduz \u00e0 indiferen\u00e7a pelo outro, de quem n\u00e3o necessita e por quem n\u00e3o se sente respons\u00e1vel. Nesse contexto, perde-se a confian\u00e7a em solu\u00e7\u00f5es buscadas de forma coletiva. O indiv\u00edduo se desencanta com as utopias e os projetos totais de mudan\u00e7as das estruturas. A economia de mercado parece ter triunfado! Descrente com a transforma\u00e7\u00e3o das estruturas, cada um busca gerenciar de forma individual o seu pr\u00f3prio bem-estar e encontrar um lugar ao sol no mundo do consumo.<\/span><span data-ccp-props=\"{&quot;201341983&quot;:0,&quot;335551550&quot;:6,&quot;335551620&quot;:6,&quot;335559731&quot;:567,&quot;335559739&quot;:40,&quot;335559740&quot;:240}\">\u00a0<\/span><\/p>\n<p style=\"text-align: justify;\"><span data-contrast=\"auto\">Essa nova tend\u00eancia cultural tem impactos imediatos sobre os comportamentos e atinge a todos, especialmente a juventude, moldando sua vis\u00e3o de mundo, prefer\u00eancias est\u00e9ticas e valores. De fato, as novas gera\u00e7\u00f5es s\u00e3o as mais afetadas, em suas aspira\u00e7\u00f5es pessoais profundas, pela cultura do consumo. Crescem na l\u00f3gica do individualismo pragm\u00e1tico e narcisista, que desperta nelas mundos imagin\u00e1rios especiais de liberdade e igualdade.<\/span><span data-ccp-props=\"{&quot;201341983&quot;:0,&quot;335551550&quot;:6,&quot;335551620&quot;:6,&quot;335559731&quot;:567,&quot;335559739&quot;:40,&quot;335559740&quot;:240}\">\u00a0<\/span><\/p>\n<p style=\"text-align: justify;\"><span data-contrast=\"auto\">Com o avan\u00e7o da tecnologia de comunica\u00e7\u00e3o, o mundo, cada vez mais interconectado, experimenta uma globaliza\u00e7\u00e3o da cultura, tornando-se uma \u00fanica aldeia global. Essa homogeneiza\u00e7\u00e3o cultural pode resultar em uma perda de identidade e dificultar a aprecia\u00e7\u00e3o das riquezas das culturas locais. Isso coloca o desafio de preservar e valorizar as tradi\u00e7\u00f5es e hist\u00f3rias das culturas locais diante da imposi\u00e7\u00e3o da cultura globalizada, bem como promover uma educa\u00e7\u00e3o cr\u00edtica para que os jovens possam analisar e questionar as influ\u00eancias culturais, desenvolvendo uma consci\u00eancia pr\u00f3pria e preservando sua identidade. Em conclus\u00e3o, a cultura global, sendo um fen\u00f4meno complexo, exige uma abordagem aprofundada. Entretanto, reconhecer e respeitar a pluralidade cultural \u00e9 essencial para construir uma sociedade mais justa, solid\u00e1ria, democr\u00e1tica e inclusiva.<\/span><span data-ccp-props=\"{&quot;201341983&quot;:0,&quot;335551550&quot;:6,&quot;335551620&quot;:6,&quot;335559731&quot;:567,&quot;335559739&quot;:40,&quot;335559740&quot;:240}\">\u00a0<\/span><\/p>\n<p><span data-ccp-props=\"{}\">\u00a0<\/span><\/p>\n","protected":false},"excerpt":{"rendered":"<p>Dom Jo\u00e3o Santos Cardoso Arcebispo de Natal (RN) \u00a0 A palavra &#8220;cultura&#8221;, de origem latina, remete ao cultivo da terra e \u00e0 transforma\u00e7\u00e3o da natureza para aperfei\u00e7oar o ser humano. A corrente idealista associa a cultura \u00e0s grandes realiza\u00e7\u00f5es do esp\u00edrito humano, como arte, literatura, ci\u00eancia e religi\u00e3o. De acordo com essa concep\u00e7\u00e3o, cultura \u00e9 &hellip;<\/p>\n<p class=\"read-more\"> <a class=\"\" href=\"https:\/\/www.cnbb.org.br\/cultura-global-e-seus-desafios\/\"> <span class=\"screen-reader-text\">Cultura Global e seus desafios\u00a0\u00a0<\/span> Leia mais &raquo;<\/a><\/p>\n","protected":false},"author":105,"featured_media":0,"comment_status":"closed","ping_status":"closed","sticky":false,"template":"","format":"standard","meta":{"site-sidebar-layout":"default","site-content-layout":"default","ast-global-header-display":"","ast-banner-title-visibility":"","ast-main-header-display":"","ast-hfb-above-header-display":"","ast-hfb-below-header-display":"","ast-hfb-mobile-header-display":"","site-post-title":"","ast-breadcrumbs-content":"","ast-featured-img":"","footer-sml-layout":"","theme-transparent-header-meta":"default","adv-header-id-meta":"","stick-header-meta":"","header-above-stick-meta":"","header-main-stick-meta":"","header-below-stick-meta":""},"categories":[758,1837],"tags":[],"acf":[],"_links":{"self":[{"href":"https:\/\/www.cnbb.org.br\/cnbb-app\/wp\/v2\/posts\/957937"}],"collection":[{"href":"https:\/\/www.cnbb.org.br\/cnbb-app\/wp\/v2\/posts"}],"about":[{"href":"https:\/\/www.cnbb.org.br\/cnbb-app\/wp\/v2\/types\/post"}],"author":[{"embeddable":true,"href":"https:\/\/www.cnbb.org.br\/cnbb-app\/wp\/v2\/users\/105"}],"replies":[{"embeddable":true,"href":"https:\/\/www.cnbb.org.br\/cnbb-app\/wp\/v2\/comments?post=957937"}],"version-history":[{"count":2,"href":"https:\/\/www.cnbb.org.br\/cnbb-app\/wp\/v2\/posts\/957937\/revisions"}],"predecessor-version":[{"id":957939,"href":"https:\/\/www.cnbb.org.br\/cnbb-app\/wp\/v2\/posts\/957937\/revisions\/957939"}],"wp:attachment":[{"href":"https:\/\/www.cnbb.org.br\/cnbb-app\/wp\/v2\/media?parent=957937"}],"wp:term":[{"taxonomy":"category","embeddable":true,"href":"https:\/\/www.cnbb.org.br\/cnbb-app\/wp\/v2\/categories?post=957937"},{"taxonomy":"post_tag","embeddable":true,"href":"https:\/\/www.cnbb.org.br\/cnbb-app\/wp\/v2\/tags?post=957937"}],"curies":[{"name":"wp","href":"https:\/\/api.w.org\/{rel}","templated":true}]}}