{"id":958021,"date":"2024-02-05T11:08:51","date_gmt":"2024-02-05T14:08:51","guid":{"rendered":"https:\/\/www.cnbb.org.br\/?p=958021"},"modified":"2024-02-05T11:09:29","modified_gmt":"2024-02-05T14:09:29","slug":"5-domingo-do-tempo-comum","status":"publish","type":"post","link":"https:\/\/www.cnbb.org.br\/5-domingo-do-tempo-comum\/","title":{"rendered":"5\u00b0 Domingo do Tempo Comum"},"content":{"rendered":"<p style=\"text-align: right;\"><b><span data-contrast=\"auto\">Dom Carmo Jo\u00e3o Rhoden<br \/>\n<\/span><\/b><b><span data-contrast=\"auto\">Bispo Em\u00e9rito de Taubat\u00e9 (SP)<\/span><\/b><span data-ccp-props=\"{&quot;201341983&quot;:0,&quot;335551550&quot;:2,&quot;335551620&quot;:2,&quot;335559739&quot;:160,&quot;335559740&quot;:360}\">\u00a0<\/span><\/p>\n<p>&nbsp;<\/p>\n<p>&nbsp;<\/p>\n<p style=\"text-align: justify;\"><b><span data-contrast=\"auto\">5\u00b0 Domingo do Tempo Comum (Mc 1, 29-39). 04\/02\/24<\/span><\/b><span data-ccp-props=\"{&quot;201341983&quot;:0,&quot;335551550&quot;:2,&quot;335551620&quot;:2,&quot;335559739&quot;:160,&quot;335559740&quot;:360}\">\u00a0<\/span><\/p>\n<p style=\"text-align: justify;\"><i><span data-contrast=\"auto\">Texto referencial: \u201cVamos a outros lugares, as aldeias da redondeza! Devo pregar, tamb\u00e9m ali, pois foi para isso que Eu vim\u201d. (Mc 1, 38).<\/span><\/i><span data-ccp-props=\"{&quot;201341983&quot;:0,&quot;335551550&quot;:2,&quot;335551620&quot;:2,&quot;335559739&quot;:160,&quot;335559740&quot;:360}\">\u00a0<\/span><\/p>\n<p style=\"text-align: justify;\"><span data-contrast=\"auto\">Marcos, costuma acentuar, que a miss\u00e3o de Jesus \u00e9 ensinar (evangelizar), vencer o esp\u00edrito do mal (dem\u00f4nio), pela a\u00e7\u00e3o e ora\u00e7\u00e3o, curar doentes, anunciar e implantar o Reino de Deus. Cabe-nos, portanto, Nele, hoje, entrar e continuar a edific\u00e1-lo.<\/span><span data-ccp-props=\"{&quot;201341983&quot;:0,&quot;335551550&quot;:6,&quot;335551620&quot;:6,&quot;335559739&quot;:160,&quot;335559740&quot;:360}\">\u00a0<\/span><\/p>\n<p style=\"text-align: justify;\"><span data-contrast=\"auto\">Jesus est\u00e1 bem consciente de sua miss\u00e3o e uma vez batizado, a assume, sem temor algum. Vai evangelizando e curando para cumprir a miss\u00e3o recebida do Pai. Sabe que para isso, veio e nada o impede de realizar a miss\u00e3o, nem mesmo a morte na cruz.<\/span><span data-ccp-props=\"{&quot;201341983&quot;:0,&quot;335551550&quot;:6,&quot;335551620&quot;:6,&quot;335559739&quot;:160,&quot;335559740&quot;:360}\">\u00a0<\/span><\/p>\n<p style=\"text-align: justify;\"><span data-contrast=\"auto\">A sogra de Pedro, curada, p\u00f4s-se a servi-los. Todos n\u00f3s somos servidos na vida, por Deus. Estamos, ent\u00e3o, tamb\u00e9m, conscientes, de que devemos servir como a sogra de Pedro? Cada hora a mais em nossa vida \u00e9, no fundo, um dom de Deus. O mundo atual est\u00e1, espiritualmente, doente. \u00c0s vezes, talvez at\u00e9, em coma. Somos, tamb\u00e9m n\u00f3s, membros de uma Igreja servidora e evangelizadora? Ou, j\u00e1 esquecemos, que somos crist\u00e3os? N\u00e3o basta rezar e frequentar a Igreja, \u00e9 preciso imitar a Jesus, como disc\u00edpulos ou disc\u00edpulas. Na vida crist\u00e3, n\u00e3o h\u00e1 aposentadoria por tempo de servi\u00e7o. Como analiso, ent\u00e3o, minha vida?<\/span><span data-ccp-props=\"{&quot;201341983&quot;:0,&quot;335551550&quot;:6,&quot;335551620&quot;:6,&quot;335559739&quot;:160,&quot;335559740&quot;:360}\">\u00a0<\/span><\/p>\n<p><span data-ccp-props=\"{&quot;201341983&quot;:0,&quot;335551550&quot;:6,&quot;335551620&quot;:6,&quot;335559739&quot;:160,&quot;335559740&quot;:360}\">\u00a0<\/span><\/p>\n<p>&nbsp;<\/p>\n<p><span data-ccp-props=\"{&quot;201341983&quot;:0,&quot;335551550&quot;:6,&quot;335551620&quot;:6,&quot;335559739&quot;:160,&quot;335559740&quot;:360}\">\u00a0<\/span><\/p>\n<p><span data-ccp-props=\"{&quot;201341983&quot;:0,&quot;335551550&quot;:6,&quot;335551620&quot;:6,&quot;335559739&quot;:160,&quot;335559740&quot;:360}\">\u00a0<\/span><\/p>\n","protected":false},"excerpt":{"rendered":"<p>Dom Carmo Jo\u00e3o Rhoden Bispo Em\u00e9rito de Taubat\u00e9 (SP)\u00a0 &nbsp; &nbsp; 5\u00b0 Domingo do Tempo Comum (Mc 1, 29-39). 04\/02\/24\u00a0 Texto referencial: \u201cVamos a outros lugares, as aldeias da redondeza! Devo pregar, tamb\u00e9m ali, pois foi para isso que Eu vim\u201d. (Mc 1, 38).\u00a0 Marcos, costuma acentuar, que a miss\u00e3o de Jesus \u00e9 ensinar (evangelizar), &hellip;<\/p>\n<p class=\"read-more\"> <a class=\"\" href=\"https:\/\/www.cnbb.org.br\/5-domingo-do-tempo-comum\/\"> <span class=\"screen-reader-text\">5\u00b0 Domingo do Tempo Comum<\/span> Leia mais &raquo;<\/a><\/p>\n","protected":false},"author":132,"featured_media":0,"comment_status":"closed","ping_status":"closed","sticky":false,"template":"","format":"standard","meta":{"site-sidebar-layout":"default","site-content-layout":"default","ast-global-header-display":"","ast-banner-title-visibility":"","ast-main-header-display":"","ast-hfb-above-header-display":"","ast-hfb-below-header-display":"","ast-hfb-mobile-header-display":"","site-post-title":"","ast-breadcrumbs-content":"","ast-featured-img":"","footer-sml-layout":"","theme-transparent-header-meta":"default","adv-header-id-meta":"","stick-header-meta":"","header-above-stick-meta":"","header-main-stick-meta":"","header-below-stick-meta":""},"categories":[758],"tags":[],"acf":[],"_links":{"self":[{"href":"https:\/\/www.cnbb.org.br\/cnbb-app\/wp\/v2\/posts\/958021"}],"collection":[{"href":"https:\/\/www.cnbb.org.br\/cnbb-app\/wp\/v2\/posts"}],"about":[{"href":"https:\/\/www.cnbb.org.br\/cnbb-app\/wp\/v2\/types\/post"}],"author":[{"embeddable":true,"href":"https:\/\/www.cnbb.org.br\/cnbb-app\/wp\/v2\/users\/132"}],"replies":[{"embeddable":true,"href":"https:\/\/www.cnbb.org.br\/cnbb-app\/wp\/v2\/comments?post=958021"}],"version-history":[{"count":2,"href":"https:\/\/www.cnbb.org.br\/cnbb-app\/wp\/v2\/posts\/958021\/revisions"}],"predecessor-version":[{"id":958023,"href":"https:\/\/www.cnbb.org.br\/cnbb-app\/wp\/v2\/posts\/958021\/revisions\/958023"}],"wp:attachment":[{"href":"https:\/\/www.cnbb.org.br\/cnbb-app\/wp\/v2\/media?parent=958021"}],"wp:term":[{"taxonomy":"category","embeddable":true,"href":"https:\/\/www.cnbb.org.br\/cnbb-app\/wp\/v2\/categories?post=958021"},{"taxonomy":"post_tag","embeddable":true,"href":"https:\/\/www.cnbb.org.br\/cnbb-app\/wp\/v2\/tags?post=958021"}],"curies":[{"name":"wp","href":"https:\/\/api.w.org\/{rel}","templated":true}]}}