{"id":958024,"date":"2024-02-05T11:14:51","date_gmt":"2024-02-05T14:14:51","guid":{"rendered":"https:\/\/www.cnbb.org.br\/?p=958024"},"modified":"2024-02-05T11:15:46","modified_gmt":"2024-02-05T14:15:46","slug":"chamados-a-comunhao-e-a-fraternidade-cuidar-dos-doentes-e-suas-relacoes","status":"publish","type":"post","link":"https:\/\/www.cnbb.org.br\/chamados-a-comunhao-e-a-fraternidade-cuidar-dos-doentes-e-suas-relacoes\/","title":{"rendered":"\u201cChamados \u00e0 comunh\u00e3o e a fraternidade\u201d; cuidar dos doentes e suas rela\u00e7\u00f5es\u00a0"},"content":{"rendered":"<p style=\"text-align: right;\"><b><span data-contrast=\"none\">Dom Roberto Francisco Ferreria Paz<\/span><\/b><span data-ccp-props=\"{&quot;201341983&quot;:0,&quot;335551550&quot;:2,&quot;335551620&quot;:2,&quot;335559739&quot;:0,&quot;335559740&quot;:240}\"><br \/>\n<\/span><b><span data-contrast=\"none\">Bispo de Campos (RJ)<\/span><\/b><span data-ccp-props=\"{&quot;201341983&quot;:0,&quot;335551550&quot;:2,&quot;335551620&quot;:2,&quot;335559739&quot;:0,&quot;335559740&quot;:240}\">\u00a0<\/span><\/p>\n<p style=\"text-align: justify;\"><span data-ccp-props=\"{&quot;201341983&quot;:0,&quot;335551550&quot;:2,&quot;335551620&quot;:2,&quot;335559739&quot;:0,&quot;335559740&quot;:240}\">\u00a0<\/span><\/p>\n<p style=\"text-align: justify;\"><span data-contrast=\"none\">A mensagem do Papa Francisco para o 32\u00ba Dia mundial do enfermo de 2024, inspira-se na frase de Gen. 2,18: \u201c N\u00e3o \u00e9 conveniente que o homem esteja s\u00f3\u201d. Serve-se desta express\u00e3o b\u00edblica da Cria\u00e7\u00e3o para fundamentar a antropologia crist\u00e3 centrada na imagem do Deus Trindade, fonte e raiz de relacionamentos. Retoma a traum\u00e1tica experi\u00eancia da pandemia onde milhares de vitimas do COVID viveram a situa\u00e7\u00e3o da solid\u00e3o e do isolamento, acrescentando ao seu padecimento o distanciamento e a perda de contatos humanos.\u00a0<\/span><span data-ccp-props=\"{&quot;201341983&quot;:0,&quot;335551550&quot;:6,&quot;335551620&quot;:6,&quot;335559739&quot;:0,&quot;335559740&quot;:240}\">\u00a0<\/span><\/p>\n<p style=\"text-align: justify;\"><span data-contrast=\"none\">Mas tamb\u00e9m os profissionais da sa\u00fade experimentaram a seu modo e na sua extenuante miss\u00e3o o ficar confinado em jornadas estafantes e lugares fechados por semanas inteiras. No atual momento que vive a humanidade, as guerras, cat\u00e1strofes clim\u00e1ticas e persegui\u00e7\u00f5es que obrigam ao desenraizamento e solid\u00e3o a milh\u00f5es de pessoas.\u00a0<\/span><span data-ccp-props=\"{&quot;201341983&quot;:0,&quot;335551550&quot;:6,&quot;335551620&quot;:6,&quot;335559739&quot;:0,&quot;335559740&quot;:240}\">\u00a0<\/span><\/p>\n<p style=\"text-align: justify;\"><span data-contrast=\"none\">Mas n\u00e3o s\u00f3 nestas realidades tr\u00e1gicas acontece a fragmenta\u00e7\u00e3o e o isolamento; pensemos nos idosos, nos portadores de defici\u00eancia, nos moradores de rua, nas pessoas com doen\u00e7as mentais que vivem no esquecimento e muitas vezes no abandono, e dos nascituros que encerram o ciclo dos que \u201c j\u00e1 n\u00e3o servem mais e dos que ainda n\u00e3o servem, para o olhar frio do mercado.\u00a0<\/span><span data-ccp-props=\"{&quot;201341983&quot;:0,&quot;335551550&quot;:6,&quot;335551620&quot;:6,&quot;335559739&quot;:0,&quot;335559740&quot;:240}\">\u00a0<\/span><\/p>\n<p style=\"text-align: justify;\"><span data-contrast=\"none\">Por isso o Papa reafirma o chamado da Cria\u00e7\u00e3o, a sermos cohumanos, isto \u00e9, a viver em comunh\u00e3o e fraternidade, a realizarmo-nos com la\u00e7os de ternura e compaix\u00e3o amorosa. Nesse sentido o primeiro cuidado com os doentes deve ser acolh\u00ea-los e trat\u00e1-los bem, sentindo-se amados e valorizados, pois o amor incondicional \u00e9 agente de cura e humaniza\u00e7\u00e3o.\u00a0<\/span><span data-ccp-props=\"{&quot;201341983&quot;:0,&quot;335551550&quot;:6,&quot;335551620&quot;:6,&quot;335559739&quot;:0,&quot;335559740&quot;:240}\">\u00a0<\/span><\/p>\n<p style=\"text-align: justify;\"><span data-contrast=\"none\">Um hospital, geriatria, casa de sa\u00fade ou uma UPA (Unidade B\u00e1sica de Atendimento) devem oferecer sempre al\u00e9m do tratamento profissional e terap\u00eautico o relacionamento caloroso e profundamente atento a pessoa e necessidades do doente.\u00a0<\/span><span data-ccp-props=\"{&quot;201341983&quot;:0,&quot;335551550&quot;:6,&quot;335551620&quot;:6,&quot;335559739&quot;:0,&quot;335559740&quot;:240}\">\u00a0<\/span><\/p>\n<p style=\"text-align: justify;\"><span data-contrast=\"none\">Por sua parte o enfermo afirma o Papa, n\u00e3o deve sentir vergonha de precisar da ajuda e cuidado dos agentes da sa\u00fade, como tamb\u00e9m n\u00e3o sentir-se um peso ou algu\u00e9m que est\u00e1 incomodando, entender que assumir a fragilidade e a necessidade de diminuir o ritmo e ser submetido a um tratamento n\u00e3o \u00e9 abrir m\u00e3o de sua dignidade e da preciosidade da sua vida mas reentrar em si mesmo para recuperar a inteireza.\u00a0<\/span><span data-ccp-props=\"{&quot;201341983&quot;:0,&quot;335551550&quot;:6,&quot;335551620&quot;:6,&quot;335559739&quot;:0,&quot;335559740&quot;:240}\">\u00a0<\/span><\/p>\n<p style=\"text-align: justify;\"><span data-contrast=\"none\">Toda a Igreja e todos os fi\u00e9is est\u00e3o chamados a tornar-se mais pr\u00f3ximos e amigos dos doentes, estabelecendo um relacionamento gratuito, amoroso e compassivo para com eles, pois os encontraremos sempre no Cora\u00e7\u00e3o de Cristo e da Igreja. Deixemos de lado e superemos a Cultura individualista do descarte e da indiferen\u00e7a para viver e testemunhar a Cultura do amor comunh\u00e3o e partilha, da ternura e da solidariedade com os que sofrem e est\u00e3o a margem da vida. <\/span><span data-contrast=\"none\">Deus seja louvado!<\/span><span data-ccp-props=\"{&quot;201341983&quot;:0,&quot;335551550&quot;:6,&quot;335551620&quot;:6,&quot;335559739&quot;:0,&quot;335559740&quot;:240}\">\u00a0<\/span><\/p>\n<p style=\"text-align: justify;\"><span data-ccp-props=\"{&quot;201341983&quot;:0,&quot;335551550&quot;:6,&quot;335551620&quot;:6,&quot;335559739&quot;:0,&quot;335559740&quot;:240}\">\u00a0<\/span><\/p>\n<p><span data-ccp-props=\"{&quot;201341983&quot;:0,&quot;335551550&quot;:6,&quot;335551620&quot;:6,&quot;335559739&quot;:0,&quot;335559740&quot;:240}\">\u00a0<\/span><\/p>\n<p><span data-ccp-props=\"{&quot;201341983&quot;:0,&quot;335551550&quot;:6,&quot;335551620&quot;:6,&quot;335559739&quot;:0,&quot;335559740&quot;:240}\">\u00a0<\/span><\/p>\n<p><span data-ccp-props=\"{&quot;201341983&quot;:0,&quot;335551550&quot;:6,&quot;335551620&quot;:6,&quot;335559739&quot;:0,&quot;335559740&quot;:240}\">\u00a0<\/span><\/p>\n","protected":false},"excerpt":{"rendered":"<p>Dom Roberto Francisco Ferreria Paz Bispo de Campos (RJ)\u00a0 \u00a0 A mensagem do Papa Francisco para o 32\u00ba Dia mundial do enfermo de 2024, inspira-se na frase de Gen. 2,18: \u201c N\u00e3o \u00e9 conveniente que o homem esteja s\u00f3\u201d. Serve-se desta express\u00e3o b\u00edblica da Cria\u00e7\u00e3o para fundamentar a antropologia crist\u00e3 centrada na imagem do Deus &hellip;<\/p>\n<p class=\"read-more\"> <a class=\"\" href=\"https:\/\/www.cnbb.org.br\/chamados-a-comunhao-e-a-fraternidade-cuidar-dos-doentes-e-suas-relacoes\/\"> <span class=\"screen-reader-text\">\u201cChamados \u00e0 comunh\u00e3o e a fraternidade\u201d; cuidar dos doentes e suas rela\u00e7\u00f5es\u00a0<\/span> Leia mais &raquo;<\/a><\/p>\n","protected":false},"author":23,"featured_media":0,"comment_status":"closed","ping_status":"closed","sticky":false,"template":"","format":"standard","meta":{"site-sidebar-layout":"default","site-content-layout":"default","ast-global-header-display":"","ast-banner-title-visibility":"","ast-main-header-display":"","ast-hfb-above-header-display":"","ast-hfb-below-header-display":"","ast-hfb-mobile-header-display":"","site-post-title":"","ast-breadcrumbs-content":"","ast-featured-img":"","footer-sml-layout":"","theme-transparent-header-meta":"default","adv-header-id-meta":"","stick-header-meta":"","header-above-stick-meta":"","header-main-stick-meta":"","header-below-stick-meta":""},"categories":[758],"tags":[],"acf":[],"_links":{"self":[{"href":"https:\/\/www.cnbb.org.br\/cnbb-app\/wp\/v2\/posts\/958024"}],"collection":[{"href":"https:\/\/www.cnbb.org.br\/cnbb-app\/wp\/v2\/posts"}],"about":[{"href":"https:\/\/www.cnbb.org.br\/cnbb-app\/wp\/v2\/types\/post"}],"author":[{"embeddable":true,"href":"https:\/\/www.cnbb.org.br\/cnbb-app\/wp\/v2\/users\/23"}],"replies":[{"embeddable":true,"href":"https:\/\/www.cnbb.org.br\/cnbb-app\/wp\/v2\/comments?post=958024"}],"version-history":[{"count":2,"href":"https:\/\/www.cnbb.org.br\/cnbb-app\/wp\/v2\/posts\/958024\/revisions"}],"predecessor-version":[{"id":958026,"href":"https:\/\/www.cnbb.org.br\/cnbb-app\/wp\/v2\/posts\/958024\/revisions\/958026"}],"wp:attachment":[{"href":"https:\/\/www.cnbb.org.br\/cnbb-app\/wp\/v2\/media?parent=958024"}],"wp:term":[{"taxonomy":"category","embeddable":true,"href":"https:\/\/www.cnbb.org.br\/cnbb-app\/wp\/v2\/categories?post=958024"},{"taxonomy":"post_tag","embeddable":true,"href":"https:\/\/www.cnbb.org.br\/cnbb-app\/wp\/v2\/tags?post=958024"}],"curies":[{"name":"wp","href":"https:\/\/api.w.org\/{rel}","templated":true}]}}