{"id":958097,"date":"2024-02-06T11:10:05","date_gmt":"2024-02-06T14:10:05","guid":{"rendered":"https:\/\/www.cnbb.org.br\/?p=958097"},"modified":"2024-02-07T15:52:44","modified_gmt":"2024-02-07T18:52:44","slug":"campanha-da-fraternidade-2024-introducao-geral-parte-1","status":"publish","type":"post","link":"https:\/\/www.cnbb.org.br\/campanha-da-fraternidade-2024-introducao-geral-parte-1\/","title":{"rendered":"Campanha da Fraternidade 2024"},"content":{"rendered":"<p style=\"text-align: right;\"><strong>Dom Antonio de Assis Ribeiro<\/strong><br \/>\n<strong>Bispo Auxiliar de Bel\u00e9m (PA)\u00a0<\/strong><\/p>\n<p>&nbsp;<\/p>\n<p style=\"text-align: justify;\"><span data-contrast=\"auto\">O tema da Campanha da Fraternidade deste ano \u00e9 \u201cFraternidade e Amizade social\u201d e tem como lema \u201cV\u00f3s sois todos irm\u00e3os e irm\u00e3s\u201d (Mt 23,8). O seu objetivo geral \u00e9 contribuir para nos despertar sobre o valor e a beleza da Fraternidade humana, promovendo e fortalecendo a experi\u00eancia da Amizade Social. Esse objetivo nos desafia a superar a cultura da indiferen\u00e7a para com os outros, que nos torna como que portadores do mal da cegueira, da insensibilidade nos proporcionando uma atitude de descaso diante das necessidades alheias.\u00a0<\/span><span data-ccp-props=\"{&quot;201341983&quot;:0,&quot;335551550&quot;:6,&quot;335551620&quot;:6,&quot;335559739&quot;:0,&quot;335559740&quot;:240}\">\u00a0<\/span><\/p>\n<p style=\"text-align: justify;\"><span data-contrast=\"auto\">O tema da Amizade social nos convida a refletir sobre as causas dos conflitos, a hostilidade na rela\u00e7\u00f5es humanas e a agressividade interpessoal. Onde n\u00e3o h\u00e1 a experi\u00eancia da amizade, pode haver n\u00e3o somente a indiferen\u00e7a, mas tamb\u00e9m a viol\u00eancia. S\u00e3o dois graves males.\u00a0<\/span><span data-ccp-props=\"{&quot;201341983&quot;:0,&quot;335551550&quot;:6,&quot;335551620&quot;:6,&quot;335559739&quot;:0,&quot;335559740&quot;:240}\">\u00a0<\/span><\/p>\n<p style=\"text-align: justify;\"><span data-contrast=\"auto\">O tema da CF 2024 nos convida a promover abertos v\u00ednculos de amizade, capazes de estimular a comunh\u00e3o, a reconcilia\u00e7\u00e3o entre as pessoas e o esp\u00edrito fraterno favorecendo a promo\u00e7\u00e3o do bem comum. Dessa forma a amizade aut\u00eantica n\u00e3o \u00e9 um bem privado e fechado entre duas pessoas ou mais, mais tem uma responsabilidade social. A experi\u00eancia da amizade aberta estimula a constru\u00e7\u00e3o de pontes entre pessoas e grupos. \u00c9 dessa forma que fomentamos o desafio do di\u00e1logo que promove a cultura do encontro.\u00a0<\/span><span data-ccp-props=\"{&quot;201341983&quot;:0,&quot;335551550&quot;:6,&quot;335551620&quot;:6,&quot;335559739&quot;:0,&quot;335559740&quot;:240}\">\u00a0<\/span><\/p>\n<p style=\"text-align: justify;\"><span data-ccp-props=\"{&quot;201341983&quot;:0,&quot;335559739&quot;:0,&quot;335559740&quot;:240}\">\u00a0<\/span><b><span data-contrast=\"auto\">Palavras chaves da CF 2024<\/span><\/b><span data-ccp-props=\"{&quot;201341983&quot;:0,&quot;335559739&quot;:0,&quot;335559740&quot;:240}\">\u00a0<\/span><\/p>\n<p style=\"text-align: justify;\"><span data-contrast=\"auto\">O texto base da CF deste ano nos apresenta uma lista de palavras chaves que nos ajuda didaticamente a melhor compreender os horizontes, o conte\u00fado e a sensibilidade do tema Amizade Social. Falamos muito de amizade genericamente, mas associada ao adjetivo \u201csocial\u201d n\u00e3o \u00e9 comum. Portanto, o tema da CF deste ano nos estimula a pensar a necessidade da abertura da experi\u00eancia da amizade, que se op\u00f5e \u00e0 experi\u00eancia daquela fechada, intimista, defensiva, com barreira, indiferente \u00e0 sua dimens\u00e3o social.\u00a0<\/span><span data-ccp-props=\"{&quot;201341983&quot;:0,&quot;335551550&quot;:6,&quot;335551620&quot;:6,&quot;335559739&quot;:0,&quot;335559740&quot;:240}\">\u00a0<\/span><\/p>\n<p style=\"text-align: justify;\"><span data-contrast=\"auto\">O tema da CF 2024 nos fala de acolhida, compaix\u00e3o, comunidade, di\u00e1logo, conviv\u00eancia, empatia&#8230; A aut\u00eantica experi\u00eancia de Amizade tem a sua fonte no Amor e este, por sua natureza, \u00e9 sempre aberto, sens\u00edvel, compassivo, emp\u00e1tico, benfazejo. A fonte da amizade\u00a0 n\u00e3o \u00e9 ego\u00edsta, mesquinha, fechada, seletiva.<\/span><span data-ccp-props=\"{&quot;201341983&quot;:0,&quot;335551550&quot;:6,&quot;335551620&quot;:6,&quot;335559739&quot;:0,&quot;335559740&quot;:240}\">\u00a0<\/span><\/p>\n<p style=\"text-align: justify;\"><span data-contrast=\"auto\">O tema da CF 2024 nos convida a pensar e nos treinar na import\u00e2ncia da proximidade, da acolhida incondicional, do interc\u00e2mbio de dons, pois todos somos portadores de riquezas. Isso s\u00f3 \u00e9 poss\u00edvel se a experi\u00eancia da amizade for aberta. Quando dois amigos ou um grupo se fecha na amizade, se empobrece e, dessa forma, n\u00e3o contribui para o bem comum porque esqueceu da sua dimens\u00e3o social. A fam\u00edlia \u00e9 o primeiro grupo natural de experi\u00eancia de amizade chamada a abrir-se \u00e0s necessidades dos outros. Por isso, em geral, aprendemos a ser solid\u00e1rio no seio familiar, pois a sociedade \u00e9 uma rede de fam\u00edlias.<\/span><span data-ccp-props=\"{&quot;201341983&quot;:0,&quot;335551550&quot;:6,&quot;335551620&quot;:6,&quot;335559739&quot;:0,&quot;335559740&quot;:240}\">\u00a0<\/span><\/p>\n<p style=\"text-align: justify;\"><span data-contrast=\"auto\">O tema da CF 2024 nos desafia a estimular o desenvolvimento integral que \u00e9 consequ\u00eancia da consci\u00eancia ativa da corresponsabilidade para com a promo\u00e7\u00e3o da paz e da justi\u00e7a. O desenvolvimento integral implica tamb\u00e9m o esfor\u00e7o em vista da dilata\u00e7\u00e3o do cora\u00e7\u00e3o, ou seja, da dimens\u00e3o socioafetiva. Quem n\u00e3o desenvolveu sua dimens\u00e3o socioafetiva, lamentavelmente, ter\u00e1 sempre dificuldade de relacionamento com os outros e de abertura sem fronteira, sendo capaz de pensar na \u201cfam\u00edlia humana\u201d, na \u201cfraternidade universal\u201d, na \u201cciviliza\u00e7\u00e3o do amor e da paz\u201d.<\/span><span data-ccp-props=\"{&quot;201341983&quot;:0,&quot;335551550&quot;:6,&quot;335551620&quot;:6,&quot;335559739&quot;:0,&quot;335559740&quot;:240}\">\u00a0<\/span><\/p>\n<p style=\"text-align: justify;\"><span data-ccp-props=\"{&quot;201341983&quot;:0,&quot;335551550&quot;:6,&quot;335551620&quot;:6,&quot;335559739&quot;:0,&quot;335559740&quot;:240}\">\u00a0<\/span><b><span data-contrast=\"auto\">Fen\u00f4menos a serem rejeitados\u00a0<\/span><\/b><span data-ccp-props=\"{&quot;201341983&quot;:0,&quot;335551550&quot;:6,&quot;335551620&quot;:6,&quot;335559739&quot;:0,&quot;335559740&quot;:240}\">\u00a0<\/span><\/p>\n<p style=\"text-align: justify;\"><span data-contrast=\"auto\">A partir da contempla\u00e7\u00e3o do vasto horizonte positivo do tema da CF 2024, podemos imaginar, por outro lado tamb\u00e9m, um universo de males a serem rejeitados e combatidos porque promovem o adoecimento da sociedade. Um dos primeiros males \u00e9 a cegueira; esse mal nos proporciona a indiferen\u00e7a \u00e0s realidades que est\u00e3o a nossa frente e ao nosso lado. Segundo o soci\u00f3logo Zigmunt Baumam, em sua obra a Cegueira moral, \u201ca neglig\u00eancia moral est\u00e1 crescendo em alcance e intensidade, a demanda por analg\u00e9sicos aumenta cada vez mais, e o consumo de tranquilizantes morais se transforma em v\u00edcio. Por conseguinte, uma insensibilidade moral induzida e manipulada se torna uma compuls\u00e3o ou uma \u201csegunda natureza\u201d: uma condi\u00e7\u00e3o permanente e quase universal \u2013 e as dores s\u00e3o despidas de seu papel salutar de prevenir, alertar e mobilizar. Com as dores morais aliviadas antes de se tornarem verdadeiramente perturbadoras e preocupantes, a teia de v\u00ednculos humanos tecida com os fios da moral torna-se cada vez mais d\u00e9bil e fr\u00e1gil, vindo a descosturar-se.\u201d (<\/span><span data-contrast=\"none\">BAUMAN, Zigmunt&#8230; Cegueira moral, 2014, p. 181). Uma sociedade que padece do mal do \u201canestesiamento socioafetivo\u201d jaz na insensibilidade; isso significa a aus\u00eancia da semente da necessidade dos outros.\u00a0<\/span><span data-ccp-props=\"{&quot;201341983&quot;:0,&quot;335551550&quot;:6,&quot;335551620&quot;:6,&quot;335559739&quot;:0,&quot;335559740&quot;:240}\">\u00a0<\/span><\/p>\n<p style=\"text-align: justify;\"><span data-contrast=\"none\">No mundo da \u201ccegueira moral\u201d a experi\u00eancia das amizades \u00e9 fechada, intimista, isolada, segura (defensiva), internamente prazerosa, mas insens\u00edvel \u00e0 dor dos outros. Essa experi\u00eancia de amizade \u00e9 intolerante a qualquer forma de inc\u00f4modo. A abertura \u00e0 experi\u00eancia do inc\u00f4modo \u00e9 uma natural consequ\u00eancia da sociabilidade.\u00a0<\/span><span data-ccp-props=\"{&quot;201341983&quot;:0,&quot;335551550&quot;:6,&quot;335551620&quot;:6,&quot;335559739&quot;:0,&quot;335559740&quot;:240}\">\u00a0<\/span><\/p>\n<p style=\"text-align: justify;\"><span data-contrast=\"none\">Um grupo que vive a experi\u00eancia da amizade sem a dimens\u00e3o social e senso de bem comum, facilmente cai em atitudes extremistas rejeitando todos aqueles que n\u00e3o tem afinidade com seus interesses. Dessa forma estimulam a rejei\u00e7\u00e3o, o preconceito, a segrega\u00e7\u00e3o, a inj\u00faria \u00e9tnica, cultural e ou religiosa, promovendo a inimizade e os conflitos.\u00a0 Assim nascem as guerras entre povos, alicer\u00e7adas na <\/span><span data-contrast=\"auto\">intoler\u00e2ncia religiosa, no nacionalismo que alimenta a xenofobia.\u00a0\u00a0<\/span><span data-ccp-props=\"{&quot;201341983&quot;:0,&quot;335551550&quot;:6,&quot;335551620&quot;:6,&quot;335559739&quot;:0,&quot;335559740&quot;:240}\">\u00a0<\/span><\/p>\n<p style=\"text-align: justify;\"><span data-ccp-props=\"{&quot;201341983&quot;:0,&quot;335559685&quot;:720,&quot;335559739&quot;:0,&quot;335559740&quot;:240}\">\u00a0<\/span><b><span data-contrast=\"auto\">A origem do tema \u201camizade social\u201d<\/span><\/b><span data-ccp-props=\"{&quot;201341983&quot;:0,&quot;335559739&quot;:0,&quot;335559740&quot;:240}\">\u00a0<\/span><\/p>\n<p style=\"text-align: justify;\"><span data-contrast=\"auto\">O tema da Campanha da Fraternidade de 2024 \u00e9 inspirado na Carta Enc\u00edclica <\/span><i><span data-contrast=\"auto\">Fratelli Tutti:<\/span><\/i> <span data-contrast=\"auto\">sobre a fraternidade e a amizade social \u2013 do Papa Francisco \u2013 publicada no ano 2020. Num mundo marcado por m\u00faltiplas formas de viol\u00eancias, grupos fechados e tend\u00eancias extremistas (ideol\u00f3gicas, pol\u00edticas, religiosas), somos chamados a promover a experi\u00eancia da Amizade aberta que ultrapassa barreiras e promove o di\u00e1logo, a solidariedade, a comunh\u00e3o, a compaix\u00e3o, a justi\u00e7a, a paz e a harmonia entre as pessoas.\u00a0<\/span><span data-ccp-props=\"{&quot;201341983&quot;:0,&quot;335551550&quot;:6,&quot;335551620&quot;:6,&quot;335559739&quot;:0,&quot;335559740&quot;:240}\">\u00a0<\/span><\/p>\n<p style=\"text-align: justify;\"><span data-contrast=\"auto\">Nessa enc\u00edclica (Fratelli Tutti= todos irm\u00e3os) o Papa lan\u00e7a para a humanidade um sonho: \u201centrego esta enc\u00edclica social como humilde contribui\u00e7\u00e3o para a reflex\u00e3o, a fim de que, perante as v\u00e1rias formas atuais de eliminar ou ignorar os outros, sejamos capazes de reagir com um novo sonho de fraternidade e amizade social que n\u00e3o se limite a palavras\u201d (FT,6). Fran\u00e7ois Lyotard (1924-1998), soci\u00f3logo franc\u00eas, nos anos 70 em sua obra \u201cO p\u00f3s-moderno\u201d j\u00e1 alertava o mundo sobre surgimento de uma nova sensibilidade marcada pelo fen\u00f4meno do desaparecimento dos grandes sonhos batizando essa nova era de p\u00f3s-modernidade (cf. LYOTARD, 1998. p. 26). Ele se referia \u00e0s grandes correntes filos\u00f3ficas (iluminismo, positivismo, comunismo etc). No campo das rela\u00e7\u00f5es humanas a sensibilidade p\u00f3s-moderna faz pouco caso com o conte\u00fado e a din\u00e2micas das rela\u00e7\u00f5es interpessoais.\u00a0 O que mais se deseja n\u00e3o \u00e9 a promo\u00e7\u00e3o de senhos mais \u00e9 o \u00abhaurir satisfa\u00e7\u00e3o\u00bb (cf. BAUMAN, <\/span><i><span data-contrast=\"auto\">\u00c9tica p\u00f3s-moderna\u2026,<\/span><\/i><span data-contrast=\"auto\">115-127). O intimismo interpessoal leva as pessoas a se fecharem no mundo do prazer e a n\u00e3o pensar em outras dimens\u00f5es. \u00c9 a \u201camizade\u201d que gera escravid\u00e3o.\u00a0<\/span><span data-ccp-props=\"{&quot;201341983&quot;:0,&quot;335551550&quot;:6,&quot;335551620&quot;:6,&quot;335559739&quot;:0,&quot;335559740&quot;:240}\">\u00a0<\/span><\/p>\n<p style=\"text-align: justify;\"><span data-contrast=\"auto\">O Papa Francisco, persiste em seu sonho dizendo: \u201cDe<\/span><span data-contrast=\"none\">sejo ardentemente que, neste tempo que nos cabe viver, reconhecendo a dignidade de cada pessoa humana, possamos fazer renascer, entre todos, um anseio mundial de fraternidade&#8230; Ningu\u00e9m pode enfrentar a vida isoladamente; precisamos duma comunidade que nos apoie, que nos auxilie e dentro da qual nos ajudemos mutuamente a olhar em frente. Como \u00e9 importante sonhar juntos! Sozinho, corres o risco de ter miragens, vendo aquilo que n\u00e3o existe; \u00e9 juntos que se constroem os sonhos.<\/span> <span data-contrast=\"none\">Sonhemos como uma \u00fanica humanidade, como caminhantes da mesma carne humana, como filhos desta mesma terra que nos alberga a todos, cada qual com a riqueza da sua f\u00e9 ou das suas convic\u00e7\u00f5es, cada qual com a pr\u00f3pria voz, mas todos irm\u00e3os\u201d (FT,8).<\/span><span data-ccp-props=\"{&quot;201341983&quot;:0,&quot;335551550&quot;:6,&quot;335551620&quot;:6,&quot;335559739&quot;:0,&quot;335559740&quot;:240}\">\u00a0<\/span><\/p>\n<p><b><span data-contrast=\"auto\">PARA REFLEX\u00c3O PESSOAL:<\/span><\/b><span data-ccp-props=\"{&quot;201341983&quot;:0,&quot;335559739&quot;:0,&quot;335559740&quot;:240}\">\u00a0<\/span><\/p>\n<p><span data-contrast=\"auto\">O que o tema \u201camizade social\u201d me provoca?<\/span><span data-ccp-props=\"{&quot;201341983&quot;:0,&quot;335559739&quot;:0,&quot;335559740&quot;:240}\">\u00a0<\/span><\/p>\n<p><span data-contrast=\"auto\">Por que a experi\u00eancia da \u201camizade social\u201d exige desenvolvimento humano?<\/span><span data-ccp-props=\"{&quot;201341983&quot;:0,&quot;335559739&quot;:0,&quot;335559740&quot;:240}\">\u00a0<\/span><\/p>\n<p><span data-contrast=\"auto\">Qual \u00e9 o grande sonho do Papa Francisco presente no n\u00famero 8 da Fratelli Tutti e porque \u00e9 t\u00e3o importante?<\/span><span data-ccp-props=\"{&quot;201341983&quot;:0,&quot;335551550&quot;:6,&quot;335551620&quot;:6,&quot;335559739&quot;:0,&quot;335559740&quot;:240}\">\u00a0<\/span><\/p>\n","protected":false},"excerpt":{"rendered":"<p>Dom Antonio de Assis Ribeiro Bispo Auxiliar de Bel\u00e9m (PA)\u00a0 &nbsp; O tema da Campanha da Fraternidade deste ano \u00e9 \u201cFraternidade e Amizade social\u201d e tem como lema \u201cV\u00f3s sois todos irm\u00e3os e irm\u00e3s\u201d (Mt 23,8). O seu objetivo geral \u00e9 contribuir para nos despertar sobre o valor e a beleza da Fraternidade humana, promovendo &hellip;<\/p>\n<p class=\"read-more\"> <a class=\"\" href=\"https:\/\/www.cnbb.org.br\/campanha-da-fraternidade-2024-introducao-geral-parte-1\/\"> <span class=\"screen-reader-text\">Campanha da Fraternidade 2024<\/span> Leia mais &raquo;<\/a><\/p>\n","protected":false},"author":79,"featured_media":0,"comment_status":"closed","ping_status":"closed","sticky":false,"template":"","format":"standard","meta":{"site-sidebar-layout":"default","site-content-layout":"default","ast-global-header-display":"","ast-banner-title-visibility":"","ast-main-header-display":"","ast-hfb-above-header-display":"","ast-hfb-below-header-display":"","ast-hfb-mobile-header-display":"","site-post-title":"","ast-breadcrumbs-content":"","ast-featured-img":"","footer-sml-layout":"","theme-transparent-header-meta":"default","adv-header-id-meta":"","stick-header-meta":"","header-above-stick-meta":"","header-main-stick-meta":"","header-below-stick-meta":""},"categories":[758,1837],"tags":[],"acf":[],"_links":{"self":[{"href":"https:\/\/www.cnbb.org.br\/cnbb-app\/wp\/v2\/posts\/958097"}],"collection":[{"href":"https:\/\/www.cnbb.org.br\/cnbb-app\/wp\/v2\/posts"}],"about":[{"href":"https:\/\/www.cnbb.org.br\/cnbb-app\/wp\/v2\/types\/post"}],"author":[{"embeddable":true,"href":"https:\/\/www.cnbb.org.br\/cnbb-app\/wp\/v2\/users\/79"}],"replies":[{"embeddable":true,"href":"https:\/\/www.cnbb.org.br\/cnbb-app\/wp\/v2\/comments?post=958097"}],"version-history":[{"count":3,"href":"https:\/\/www.cnbb.org.br\/cnbb-app\/wp\/v2\/posts\/958097\/revisions"}],"predecessor-version":[{"id":958226,"href":"https:\/\/www.cnbb.org.br\/cnbb-app\/wp\/v2\/posts\/958097\/revisions\/958226"}],"wp:attachment":[{"href":"https:\/\/www.cnbb.org.br\/cnbb-app\/wp\/v2\/media?parent=958097"}],"wp:term":[{"taxonomy":"category","embeddable":true,"href":"https:\/\/www.cnbb.org.br\/cnbb-app\/wp\/v2\/categories?post=958097"},{"taxonomy":"post_tag","embeddable":true,"href":"https:\/\/www.cnbb.org.br\/cnbb-app\/wp\/v2\/tags?post=958097"}],"curies":[{"name":"wp","href":"https:\/\/api.w.org\/{rel}","templated":true}]}}