{"id":958593,"date":"2024-02-19T11:27:57","date_gmt":"2024-02-19T14:27:57","guid":{"rendered":"https:\/\/www.cnbb.org.br\/?p=958593"},"modified":"2024-02-19T13:40:14","modified_gmt":"2024-02-19T16:40:14","slug":"dom-jaime-campanha-da-fraternidade-2024-aparecida-coracao-convertido-coracao-fraterno","status":"publish","type":"post","link":"https:\/\/www.cnbb.org.br\/dom-jaime-campanha-da-fraternidade-2024-aparecida-coracao-convertido-coracao-fraterno\/","title":{"rendered":"Dom Jaime lan\u00e7a Campanha da Fraternidade em Aparecida (SP): Um cora\u00e7\u00e3o convertido \u00e9 um cora\u00e7\u00e3o fraterno"},"content":{"rendered":"<p style=\"text-align: justify;\">A Quaresma \u00e9 tempo de resgatar a identidade batismal de irm\u00e3os e irm\u00e3s em Cristo Jesus. Assim o arcebispo de Porto Alegre e presidente da Confer\u00eancia Nacional dos Bispos do Brasil (CNBB), dom Jaime Spengler, situou a proposta que o tempo lit\u00fargico em prepara\u00e7\u00e3o para a P\u00e1scoa oferece aos fi\u00e9is cat\u00f3licos. O arcebispo presidiu a Missa do 1\u00ba Domingo da Quaresma, no Santu\u00e1rio Nacional de Nossa Senhora Aparecida, com o lan\u00e7amento da Campanha da Fraternidade 2024.<\/p>\n<p style=\"text-align: justify;\">Al\u00e9m de ser tempo de resgate da identidade batismal, a Quaresma \u00e9, segundo dom Jaime, &#8220;tempo favor\u00e1vel para sairmos de nossa aliena\u00e7\u00e3o existencial causada pelo pecado&#8221; e tempo de convers\u00e3o. Esta, por sua vez, &#8220;passa pela experi\u00eancia da humildade, da aceita\u00e7\u00e3o do outro, do diferente de mim, e da alegria do encontro com o Crucificado-Ressuscitado&#8221;.<\/p>\n<p style=\"text-align: justify;\">Um cora\u00e7\u00e3o convertido, continuou o presidente da CNBB, jamais ser\u00e1 indiferente aos irm\u00e3os e irm\u00e3s, &#8220;pois sabe que o amor a Deus e ao pr\u00f3ximo sintetizam o projeto do Reino&#8221;.<\/p>\n<p style=\"text-align: justify;\">&#8220;Um cora\u00e7\u00e3o convertido \u00e9 um cora\u00e7\u00e3o fraterno&#8221;, exortou dom Jaime.<\/p>\n<blockquote>\n<p style=\"text-align: justify;\">&#8220;Cora\u00e7\u00f5es fraternos, que n\u00e3o produzem nem promovem divis\u00f5es, s\u00e3o sinal de santidade aut\u00eantica, caracter\u00edstica de quem acolheu o projeto de Jesus, reconhecendo que todos s\u00e3o filhos e filhas do mesmo Pai, e, portanto, irm\u00e3os e irm\u00e3s&#8221;.<\/p>\n<\/blockquote>\n<p><img decoding=\"async\" loading=\"lazy\" class=\"aligncenter size-full wp-image-958605\" src=\"https:\/\/www.cnbb.org.br\/wp-content\/uploads\/2024\/02\/CF-2024-Aparecida-Dom-Jaime-2.jpg\" alt=\"\" width=\"960\" height=\"639\" \/><\/p>\n<p>&nbsp;<\/p>\n<h3 style=\"text-align: justify;\">Viver a fraternidade mais concretamente<\/h3>\n<p style=\"text-align: justify;\">\u00c9 nesse contexto que se insere a Campanha da Fraternidade deste ano, com o tema &#8220;Fraternidade e Amizade Social&#8221; e o lema &#8220;V\u00f3s sois todos irm\u00e3os e irm\u00e3s&#8221;.<\/p>\n<blockquote>\n<p style=\"text-align: justify;\">&#8220;A Campanha da Fraternidade da qual participamos, nos ajuda a viver a fraternidade ainda mais concretamente; oferece oportunidade para viver ainda mais intensamente a espiritualidade quaresmal; auxilia na viv\u00eancia concreta do mandamento da caridade, do amor ao pr\u00f3ximo, que sintetiza o mandamento da caridade, toda Lei e os profetas&#8221;, disse dom Jaime.<\/p>\n<\/blockquote>\n<h3 style=\"text-align: justify;\">Compreender o valor da amizade social<\/h3>\n<p style=\"text-align: justify;\">Ao final da homilia, o presidente da CNBB convidou a todos a pedir ao Senhor a gra\u00e7a de compreender o valor da amizade social e a viver a beleza da fraternidade humana aberta a todos. &#8220;Isso para al\u00e9m dos nossos gostos, op\u00e7\u00f5es pol\u00edticas, afetos e prefer\u00eancias, num caminho de verdadeira penit\u00eancia e convers\u00e3o, pois n\u00f3s sabemos: somos todos irm\u00e3os e irm\u00e3s. E por isso n\u00e3o podemos n\u00e3o nos empenhar em promover a amizade, e a amizade no seio de toda a sociedade&#8221;.<\/p>\n<div class=\"ast-oembed-container\" style=\"height: 100%;\"><iframe loading=\"lazy\" title=\"#CF2024 | Santa Missa e Lan\u00e7amento\" width=\"500\" height=\"281\" src=\"https:\/\/www.youtube.com\/embed\/oZhcpSFzBzc?start=1453&#038;feature=oembed\" frameborder=\"0\" allow=\"accelerometer; autoplay; clipboard-write; encrypted-media; gyroscope; picture-in-picture; web-share\" allowfullscreen><\/iframe><\/div>\n<p>&nbsp;<\/p>\n<p style=\"text-align: justify;\">Concelebraram com dom Jaime Spengler o arcebispo de Aparecida, dom Orlando Brandes, e assessores da CNBB: o subsecret\u00e1rio adjunto-geral, padre Patriky Samuel Batista; o secret\u00e1rio executivo de Campanhas da CNBB, padre Jean Poul Hansen; o assessor de Comunica\u00e7\u00e3o da CNBB, padre Arnaldo Rodrigues; e o assessor da Comiss\u00e3o Episcopal para a Liturgia da CNBB, frei Lu\u00eds Felipe Marques.<\/p>\n<p><img decoding=\"async\" loading=\"lazy\" class=\"aligncenter size-full wp-image-958604\" src=\"https:\/\/www.cnbb.org.br\/wp-content\/uploads\/2024\/02\/CF-2024-Aparecida-celebrantes.jpg\" alt=\"\" width=\"960\" height=\"639\" srcset=\"https:\/\/www.cnbb.org.br\/wp-content\/uploads\/2024\/02\/CF-2024-Aparecida-celebrantes.jpg 960w, https:\/\/www.cnbb.org.br\/wp-content\/uploads\/2024\/02\/CF-2024-Aparecida-celebrantes-300x200.jpg 300w, https:\/\/www.cnbb.org.br\/wp-content\/uploads\/2024\/02\/CF-2024-Aparecida-celebrantes-768x511.jpg 768w, https:\/\/www.cnbb.org.br\/wp-content\/uploads\/2024\/02\/CF-2024-Aparecida-celebrantes-500x333.jpg 500w\" sizes=\"(max-width: 960px) 100vw, 960px\" \/><\/p>\n<p>&nbsp;<\/p>\n<p style=\"text-align: justify;\">Em sua sauda\u00e7\u00e3o inicial, dom Orlando\u00a0parabenizou o secretariado da CNBB, na pessoa do padre Jean Poul, pelo trabalho realizado na prepara\u00e7\u00e3o da Campanha da Fraternidade. Ele disse que o texto-base est\u00e1 &#8220;entrando no cora\u00e7\u00e3o do povo de Deus&#8221;. Para ele, esta Campanha da Fraternidade \u00e9 &#8220;m\u00edstica e profecia&#8221;.<\/p>\n<div id='gallery-1' class='gallery galleryid-958593 gallery-columns-2 gallery-size-full'><figure class='gallery-item'>\n\t\t\t<div class='gallery-icon landscape'>\n\t\t\t\t<img width=\"960\" height=\"639\" src=\"https:\/\/www.cnbb.org.br\/wp-content\/uploads\/2024\/02\/CF-2024-Aparecida-Dom-Orlando.jpg\" class=\"attachment-full size-full\" alt=\"\" decoding=\"async\" loading=\"lazy\" srcset=\"https:\/\/www.cnbb.org.br\/wp-content\/uploads\/2024\/02\/CF-2024-Aparecida-Dom-Orlando.jpg 960w, https:\/\/www.cnbb.org.br\/wp-content\/uploads\/2024\/02\/CF-2024-Aparecida-Dom-Orlando-300x200.jpg 300w, https:\/\/www.cnbb.org.br\/wp-content\/uploads\/2024\/02\/CF-2024-Aparecida-Dom-Orlando-768x511.jpg 768w, https:\/\/www.cnbb.org.br\/wp-content\/uploads\/2024\/02\/CF-2024-Aparecida-Dom-Orlando-500x333.jpg 500w\" sizes=\"(max-width: 960px) 100vw, 960px\" \/>\n\t\t\t<\/div><\/figure><figure class='gallery-item'>\n\t\t\t<div class='gallery-icon landscape'>\n\t\t\t\t<img width=\"960\" height=\"639\" src=\"https:\/\/www.cnbb.org.br\/wp-content\/uploads\/2024\/02\/CF-2024-Aparecida-Pe-Jean-Poul.jpg\" class=\"attachment-full size-full\" alt=\"\" decoding=\"async\" loading=\"lazy\" srcset=\"https:\/\/www.cnbb.org.br\/wp-content\/uploads\/2024\/02\/CF-2024-Aparecida-Pe-Jean-Poul.jpg 960w, https:\/\/www.cnbb.org.br\/wp-content\/uploads\/2024\/02\/CF-2024-Aparecida-Pe-Jean-Poul-300x200.jpg 300w, https:\/\/www.cnbb.org.br\/wp-content\/uploads\/2024\/02\/CF-2024-Aparecida-Pe-Jean-Poul-768x511.jpg 768w, https:\/\/www.cnbb.org.br\/wp-content\/uploads\/2024\/02\/CF-2024-Aparecida-Pe-Jean-Poul-500x333.jpg 500w\" sizes=\"(max-width: 960px) 100vw, 960px\" \/>\n\t\t\t<\/div><\/figure>\n\t\t<\/div>\n\n<pre style=\"text-align: justify;\">Fotos: Gustavo Cabral\/Portal A12<\/pre>\n","protected":false},"excerpt":{"rendered":"<p>Presidente da Confer\u00eancia Nacional dos Bispos do Brasil (CNBB) celebrou a Missa do 1\u00ba Domingo da Quaresma no Santu\u00e1rio Nacional de Nossa Senhora Aparecida. Ao lado do arcebispo local, dom Orlando Brandes, e de assessores da CNBB, fez o lan\u00e7amento da Campanha da Fraternidade 2024, com o tema &#8220;Fraternidade e Amizade Social&#8221;<\/p>\n","protected":false},"author":38,"featured_media":958609,"comment_status":"closed","ping_status":"closed","sticky":false,"template":"","format":"standard","meta":{"site-sidebar-layout":"default","site-content-layout":"default","ast-global-header-display":"","ast-banner-title-visibility":"","ast-main-header-display":"","ast-hfb-above-header-display":"","ast-hfb-below-header-display":"","ast-hfb-mobile-header-display":"","site-post-title":"","ast-breadcrumbs-content":"","ast-featured-img":"","footer-sml-layout":"","theme-transparent-header-meta":"default","adv-header-id-meta":"","stick-header-meta":"","header-above-stick-meta":"","header-main-stick-meta":"","header-below-stick-meta":""},"categories":[1840,760],"tags":[4794,5054],"acf":[],"_links":{"self":[{"href":"https:\/\/www.cnbb.org.br\/cnbb-app\/wp\/v2\/posts\/958593"}],"collection":[{"href":"https:\/\/www.cnbb.org.br\/cnbb-app\/wp\/v2\/posts"}],"about":[{"href":"https:\/\/www.cnbb.org.br\/cnbb-app\/wp\/v2\/types\/post"}],"author":[{"embeddable":true,"href":"https:\/\/www.cnbb.org.br\/cnbb-app\/wp\/v2\/users\/38"}],"replies":[{"embeddable":true,"href":"https:\/\/www.cnbb.org.br\/cnbb-app\/wp\/v2\/comments?post=958593"}],"version-history":[{"count":5,"href":"https:\/\/www.cnbb.org.br\/cnbb-app\/wp\/v2\/posts\/958593\/revisions"}],"predecessor-version":[{"id":958649,"href":"https:\/\/www.cnbb.org.br\/cnbb-app\/wp\/v2\/posts\/958593\/revisions\/958649"}],"wp:featuredmedia":[{"embeddable":true,"href":"https:\/\/www.cnbb.org.br\/cnbb-app\/wp\/v2\/media\/958609"}],"wp:attachment":[{"href":"https:\/\/www.cnbb.org.br\/cnbb-app\/wp\/v2\/media?parent=958593"}],"wp:term":[{"taxonomy":"category","embeddable":true,"href":"https:\/\/www.cnbb.org.br\/cnbb-app\/wp\/v2\/categories?post=958593"},{"taxonomy":"post_tag","embeddable":true,"href":"https:\/\/www.cnbb.org.br\/cnbb-app\/wp\/v2\/tags?post=958593"}],"curies":[{"name":"wp","href":"https:\/\/api.w.org\/{rel}","templated":true}]}}