{"id":958602,"date":"2024-02-19T11:16:45","date_gmt":"2024-02-19T14:16:45","guid":{"rendered":"https:\/\/www.cnbb.org.br\/?p=958602"},"modified":"2024-02-19T11:17:18","modified_gmt":"2024-02-19T14:17:18","slug":"caminho-para-a-pascoa-conversao-e-amizade-social","status":"publish","type":"post","link":"https:\/\/www.cnbb.org.br\/caminho-para-a-pascoa-conversao-e-amizade-social\/","title":{"rendered":"Caminho para a P\u00e1scoa: \u201cConvers\u00e3o e Amizade social\u201d\u00a0"},"content":{"rendered":"<p style=\"text-align: right;\"><strong>Dom Adimir Antonio Mazali<br \/>\nBispo de Erexim (RS)<\/strong><\/p>\n<p><b><span data-contrast=\"auto\"><\/p>\n<p><\/span><\/b><\/p>\n<p style=\"text-align: justify;\"><span data-contrast=\"auto\">Minha sauda\u00e7\u00e3o a todos os irm\u00e3os e irm\u00e3s que acompanham a Voz da Diocese. Com a Quarta-feira de Cinzas iniciamos a Quaresma, tempo especial de penit\u00eancia e convers\u00e3o em prepara\u00e7\u00e3o para a P\u00e1scoa. Neste dia, o profeta Joel dizia: \u201cAgora, diz o Senhor, voltai para mim com todo o vosso cora\u00e7\u00e3o, com jejuns, l\u00e1grimas e gemidos; rasgai o cora\u00e7\u00e3o e n\u00e3o as vestes; e voltai para o Senhor, vosso Deus; ele \u00e9 bondoso e compassivo, paciente e cheio de miseric\u00f3rdia, inclinado a perdoar&#8230; Convocai a assembleia, congregai o povo\u201d (Jl 2,12-13).\u00a0<\/span><span data-ccp-props=\"{&quot;335551550&quot;:6,&quot;335551620&quot;:6,&quot;335559731&quot;:708}\">\u00a0<\/span><\/p>\n<p style=\"text-align: justify;\"><span data-contrast=\"auto\">Prezados irm\u00e3os e irm\u00e3s. A Quaresma quer ser um tempo para voltarmo-nos a Deus. Por isso, neste tempo de Quaresma somos convidados a viver a palavra do Ap\u00f3stolo Paulo, que na Quarta-feira de Cinzas dizia: \u201cEm nome de Cristo, n\u00f3s vos suplicamos: deixai-vos reconciliar com Deus [&#8230;]. \u00c9 agora o momento favor\u00e1vel, \u00e9 agora o dia da salva\u00e7\u00e3o\u201d (2Cor 6,2). Hoje \u00e9 o dia que Deus nos concede para voltarmos a Ele.\u00a0<\/span><span data-ccp-props=\"{&quot;335551550&quot;:6,&quot;335551620&quot;:6,&quot;335559731&quot;:708}\">\u00a0<\/span><\/p>\n<p style=\"text-align: justify;\"><span data-contrast=\"auto\">A Quaresma \u00e9 um tempo forte de penit\u00eancia e de mudan\u00e7a de vida, em vista da celebra\u00e7\u00e3o do Mist\u00e9rio Pascal de Cristo. A Quaresma encaminha-nos para a P\u00e1scoa. \u00c9 o tempo em que somos despertados pela Palavra de Deus para vivermos os mesmos sentimentos e a pr\u00e1tica de Jesus Cristo. Por isso, a Quaresma \u00e9 uma feliz oportunidade para revisarmos nossa vida e avaliarmos nosso modo de pensar e de agir e nos colocarmos novamente no caminho de Jesus, que deu sua vida na cruz por n\u00f3s.\u00a0<\/span><span data-ccp-props=\"{&quot;335551550&quot;:6,&quot;335551620&quot;:6,&quot;335559731&quot;:708}\">\u00a0<\/span><\/p>\n<p style=\"text-align: justify;\"><span data-contrast=\"auto\">Car\u00edssimos irm\u00e3os e irm\u00e3s. Quaresma \u00e9 tempo de reconcilia\u00e7\u00e3o, de perd\u00e3o, de voltar para Deus. A Quaresma \u00e9 um convite para seguirmos Jesus Cristo atrav\u00e9s dos exerc\u00edcios quaresmais: da esmola, da ora\u00e7\u00e3o e do jejum. A esmola aponta para a pr\u00e1tica da justi\u00e7a e para a viv\u00eancia pessoal da solidariedade com os mais necessitados. A ora\u00e7\u00e3o aponta para o cultivo da f\u00e9 e da comunh\u00e3o com Deus, que \u00e9 a fonte da vida. E o jejum aponta para o dom\u00ednio de si mesmo, para o esvaziamento e autodom\u00ednio diante daquilo que n\u00e3o condiz com o plano de Deus e a sobriedade de vida. Jesus questionava a motiva\u00e7\u00e3o dos fariseus diante de pr\u00e1ticas piedosas. Para Jesus, nenhuma dessas pr\u00e1ticas devia ser feita com o objetivo de autopromo\u00e7\u00e3o: \u201cFicai atentos para n\u00e3o praticar a vossa justi\u00e7a na frente dos homens s\u00f3 para serdes vistos por eles\u201d (Mt 6,1).\u00a0<\/span><span data-ccp-props=\"{&quot;335551550&quot;:6,&quot;335551620&quot;:6,&quot;335559731&quot;:708}\">\u00a0<\/span><\/p>\n<p style=\"text-align: justify;\"><span data-contrast=\"auto\">Queridos irm\u00e3os e irm\u00e3s. Neste ano, a Igreja no Brasil, nos prop\u00f5e a Campanha da Fraternidade com o tema: \u201cFraternidade e Amizade social\u201d. E o lema \u00e9 tomado do Evangelho de Mateus: \u201cV\u00f3s sois todos irm\u00e3os e irm\u00e3s\u201d (cf. Mt 23,8). Desta forma, convida-nos<\/span><span data-contrast=\"none\"> a refletir sobre as situa\u00e7\u00f5es de inimizade que geram divis\u00f5es, viol\u00eancia que destroem a dignidade dos filhos e filhas de Deus. Partindo do Evangelho, quer lembrar a import\u00e2ncia das rela\u00e7\u00f5es familiares baseadas no respeito e no compromisso do bem comum, abrindo-nos ao compromisso de lutarmos por uma vida comunit\u00e1ria e social baseada no amor, na amizade, na justi\u00e7a e na fraternidade, pois, mais do que nunca, precisamos reconhecer que \u201csomos todos irm\u00e3os e irm\u00e3s\u201d (cf. Mt 23,8). \u201c<\/span><span data-contrast=\"auto\">O Objetivo Geral desta Campanha \u00e9 despertar o valor e a beleza da fraternidade humana, promovendo e fortalecendo os v\u00ednculos da amizade social, para que, em Jesus Cristo, a paz seja realidade entre todas as pessoas e povos\u201d (Texto base, p. 7).<\/span><span data-ccp-props=\"{&quot;335551550&quot;:6,&quot;335551620&quot;:6,&quot;335559731&quot;:708}\">\u00a0<\/span><\/p>\n<p style=\"text-align: justify;\"><span data-contrast=\"auto\">A Liturgia da Palavra deste 1\u00ba Domingo da Quaresma convida-nos a entrarmos neste esp\u00edrito de convers\u00e3o e a acreditar na possibilidade da renova\u00e7\u00e3o de nossa vida crist\u00e3. O Evangelho lembra que ao ser batizado por Jo\u00e3o Batista no Rio Jord\u00e3o, Jesus foi conduzido pelo Esp\u00edrito ao deserto. Ele foi l\u00e1 para preparar-se para a miss\u00e3o de anunciar o Reino de Deus. O momento era muito conflitivo. Jo\u00e3o Batista tinha sido preso e Jesus foi tentado a abandonar a miss\u00e3o. Mas, com a for\u00e7a de Deus, diz o texto: \u2013 \u201cos Anjos o serviam\u201d \u2013, ele venceu as tenta\u00e7\u00f5es e retornou para a Galileia iniciando seu minist\u00e9rio, fazendo um grande an\u00fancio: \u201cCumpriu-se o tempo, o Reino de Deus est\u00e1 pr\u00f3ximo. Convertei-vos e crede no Evangelho\u201d. Com sua presen\u00e7a, \u201ccumpriu-se\u201d, completou-se \u201co tempo\u201d da salva\u00e7\u00e3o de Deus, pois Ele \u00e9 a presen\u00e7a salvadora de Deus junto \u00e0 humanidade. A convers\u00e3o e a f\u00e9, em sua proposta, apresentam-se como o caminho a ser percorrido, nesta quaresma, em vista da constru\u00e7\u00e3o de uma sociedade nova, sem viol\u00eancia, aberta ao di\u00e1logo e a constru\u00e7\u00e3o de verdadeiras amizades, pois, somos, de fato, \u201ctodos irm\u00e3os e irm\u00e3s\u201d (cf. Mt 23,8). <\/span><span data-ccp-props=\"{&quot;335551550&quot;:6,&quot;335551620&quot;:6,&quot;335559731&quot;:708}\">\u00a0<\/span><\/p>\n<p style=\"text-align: justify;\"><span data-contrast=\"auto\">Deus aben\u00e7oe a todos e bom domingo!<\/span><span data-ccp-props=\"{&quot;335551550&quot;:6,&quot;335551620&quot;:6,&quot;335559731&quot;:708}\">\u00a0<\/span><\/p>\n<p>&nbsp;<\/p>\n","protected":false},"excerpt":{"rendered":"<p>Dom Adimir Antonio Mazali Bispo de Erexim (RS) Minha sauda\u00e7\u00e3o a todos os irm\u00e3os e irm\u00e3s que acompanham a Voz da Diocese. Com a Quarta-feira de Cinzas iniciamos a Quaresma, tempo especial de penit\u00eancia e convers\u00e3o em prepara\u00e7\u00e3o para a P\u00e1scoa. Neste dia, o profeta Joel dizia: \u201cAgora, diz o Senhor, voltai para mim com &hellip;<\/p>\n<p class=\"read-more\"> <a class=\"\" href=\"https:\/\/www.cnbb.org.br\/caminho-para-a-pascoa-conversao-e-amizade-social\/\"> <span class=\"screen-reader-text\">Caminho para a P\u00e1scoa: \u201cConvers\u00e3o e Amizade social\u201d\u00a0<\/span> Leia mais &raquo;<\/a><\/p>\n","protected":false},"author":103,"featured_media":0,"comment_status":"closed","ping_status":"closed","sticky":false,"template":"","format":"standard","meta":{"site-sidebar-layout":"default","site-content-layout":"default","ast-global-header-display":"","ast-banner-title-visibility":"","ast-main-header-display":"","ast-hfb-above-header-display":"","ast-hfb-below-header-display":"","ast-hfb-mobile-header-display":"","site-post-title":"","ast-breadcrumbs-content":"","ast-featured-img":"","footer-sml-layout":"","theme-transparent-header-meta":"default","adv-header-id-meta":"","stick-header-meta":"","header-above-stick-meta":"","header-main-stick-meta":"","header-below-stick-meta":""},"categories":[758],"tags":[],"acf":[],"_links":{"self":[{"href":"https:\/\/www.cnbb.org.br\/cnbb-app\/wp\/v2\/posts\/958602"}],"collection":[{"href":"https:\/\/www.cnbb.org.br\/cnbb-app\/wp\/v2\/posts"}],"about":[{"href":"https:\/\/www.cnbb.org.br\/cnbb-app\/wp\/v2\/types\/post"}],"author":[{"embeddable":true,"href":"https:\/\/www.cnbb.org.br\/cnbb-app\/wp\/v2\/users\/103"}],"replies":[{"embeddable":true,"href":"https:\/\/www.cnbb.org.br\/cnbb-app\/wp\/v2\/comments?post=958602"}],"version-history":[{"count":1,"href":"https:\/\/www.cnbb.org.br\/cnbb-app\/wp\/v2\/posts\/958602\/revisions"}],"predecessor-version":[{"id":958603,"href":"https:\/\/www.cnbb.org.br\/cnbb-app\/wp\/v2\/posts\/958602\/revisions\/958603"}],"wp:attachment":[{"href":"https:\/\/www.cnbb.org.br\/cnbb-app\/wp\/v2\/media?parent=958602"}],"wp:term":[{"taxonomy":"category","embeddable":true,"href":"https:\/\/www.cnbb.org.br\/cnbb-app\/wp\/v2\/categories?post=958602"},{"taxonomy":"post_tag","embeddable":true,"href":"https:\/\/www.cnbb.org.br\/cnbb-app\/wp\/v2\/tags?post=958602"}],"curies":[{"name":"wp","href":"https:\/\/api.w.org\/{rel}","templated":true}]}}