{"id":958610,"date":"2024-02-20T11:24:13","date_gmt":"2024-02-20T14:24:13","guid":{"rendered":"https:\/\/www.cnbb.org.br\/?p=958610"},"modified":"2024-02-19T11:28:17","modified_gmt":"2024-02-19T14:28:17","slug":"cadernos-do-concilio-volume-5","status":"publish","type":"post","link":"https:\/\/www.cnbb.org.br\/cadernos-do-concilio-volume-5\/","title":{"rendered":"Cadernos do Conc\u00edlio \u2013 volume 5"},"content":{"rendered":"<p style=\"text-align: right;\"><b><span data-contrast=\"auto\">Cardeal Orani Jo\u00e3o Tempesta<br \/>\n<\/span><\/b><b><span data-contrast=\"auto\">Arcebispo do Rio de Janeiro (RJ)<\/span><\/b><span data-ccp-props=\"{&quot;201341983&quot;:0,&quot;335551550&quot;:3,&quot;335551620&quot;:3,&quot;335559731&quot;:708,&quot;335559739&quot;:160,&quot;335559740&quot;:259}\">\u00a0<\/span><\/p>\n<p>&nbsp;<\/p>\n<p>&nbsp;<\/p>\n<p><b><span data-contrast=\"auto\">\u201cA Sagrada Escritura na vida da Igreja\u201d<\/span><\/b><span data-ccp-props=\"{&quot;201341983&quot;:0,&quot;335551550&quot;:2,&quot;335551620&quot;:2,&quot;335559739&quot;:160,&quot;335559740&quot;:259}\">\u00a0<\/span><\/p>\n<p style=\"text-align: justify;\"><span data-contrast=\"auto\">Dando continuidade ao comp\u00eandio de livros sobre o Conc\u00edlio Ecum\u00eanico Vaticano II, em prepara\u00e7\u00e3o ao jubileu que a Igreja viver\u00e1 no pr\u00f3ximo ano e dos sessenta anos de encerramento do Conc\u00edlio, hoje nos debru\u00e7aremos sobre o volume 5 dessa cole\u00e7\u00e3o que tem como tema: <\/span><i><span data-contrast=\"auto\">\u201cA Sagrada Escritura na vida da Igreja\u201d.<\/span><\/i><span data-contrast=\"auto\">\u00a0<\/span><span data-ccp-props=\"{&quot;201341983&quot;:0,&quot;335551550&quot;:6,&quot;335551620&quot;:6,&quot;335559731&quot;:708,&quot;335559739&quot;:160,&quot;335559740&quot;:259}\">\u00a0<\/span><\/p>\n<p style=\"text-align: justify;\"><span data-contrast=\"auto\">A Sagrada Escritura sempre foi uma preocupa\u00e7\u00e3o da Igreja, sobretudo ao longo do Conc\u00edlio Ecum\u00eanico Vaticano II. Ao longo do Conc\u00edlio foi discutido como o an\u00fancio da Palavra de Deus pode chegar a todas as pessoas. <\/span><i><span data-contrast=\"auto\">\u201cA Palavra se fez carne e habitou entre n\u00f3s\u201d, <\/span><\/i><span data-contrast=\"auto\">Jesus \u00e9 a Palavra encarnada do Pai, Ele veio para ensinar aos homens o caminho do amor, da fraternidade e da paz.\u00a0<\/span><span data-ccp-props=\"{&quot;201341983&quot;:0,&quot;335551550&quot;:6,&quot;335551620&quot;:6,&quot;335559731&quot;:708,&quot;335559739&quot;:160,&quot;335559740&quot;:259}\">\u00a0<\/span><\/p>\n<p style=\"text-align: justify;\"><span data-contrast=\"auto\">Ap\u00f3s a ressurrei\u00e7\u00e3o, no dia de Pentecostes, Jesus sopra sobre os disc\u00edpulos o Esp\u00edrito Santo e os envia em miss\u00e3o aos quatro cantos da terra para que anunciassem a Palavra de Deus. Os disc\u00edpulos dariam continuidade a tudo aquilo que Jesus pregou, e dessa forma daria in\u00edcio a Igreja primitiva. Jesus n\u00e3o estaria mais presente fisicamente, mas por meio do an\u00fancio da Palavra, Ele estaria presente espiritualmente. Depois dos disc\u00edpulos, os padres da Igreja continuaram o an\u00fancio da Palavra, at\u00e9 os dias de hoje.\u00a0<\/span><span data-ccp-props=\"{&quot;201341983&quot;:0,&quot;335551550&quot;:6,&quot;335551620&quot;:6,&quot;335559731&quot;:708,&quot;335559739&quot;:160,&quot;335559740&quot;:259}\">\u00a0<\/span><\/p>\n<p style=\"text-align: justify;\"><span data-contrast=\"auto\">A Palavra de Deus \u00e9 parte integrante da celebra\u00e7\u00e3o Eucar\u00edstica nos dias de hoje, ao longo da missa participamos de duas grandes mesas: A da Palavra e a da Eucaristia, primeiro nos alimentamos da Palavra para depois nos alimentarmos da mesa Eucar\u00edstica. Podemos pegar como exemplo os disc\u00edpulos de Ema\u00fas, que compreenderam tudo aquilo que aconteceu com Jesus ap\u00f3s Ele lhes explicar as escrituras, e os olhos deles se abriram e reconheceram Jesus ao partir o p\u00e3o. Por isso, temos que entender bem a Palavra que foi proclamada e explicada na homilia pelo sacerdote para que alimentados pela Palavra possamos comungar do Corpo e Sangue de Cristo.\u00a0<\/span><span data-ccp-props=\"{&quot;201341983&quot;:0,&quot;335551550&quot;:6,&quot;335551620&quot;:6,&quot;335559731&quot;:708,&quot;335559739&quot;:160,&quot;335559740&quot;:259}\">\u00a0<\/span><\/p>\n<p style=\"text-align: justify;\"><span data-contrast=\"auto\">O Conc\u00edlio Ecum\u00eanico Vaticano II discutiu bastante sobre a import\u00e2ncia da Palavra de Deus na vida da Igreja, inclusive atrav\u00e9s da reforma lit\u00fargica, considerando o an\u00fancio da Palavra como parte integrante da missa, como dissemos acima. Inclusive ao longo do Conc\u00edlio Ecum\u00eanico Vaticano II e como tratamos no volume 4 dessa cole\u00e7\u00e3o, os padres conciliares publicaram um documento chamado \u201cDei Verbum\u201d, que tratava sobre a Palavra de Deus. Em 2010, quarenta e cinco anos depois, o Papa Bento XVI publicou o documento chamado \u201cVerbum Domini\u201d, em comemora\u00e7\u00e3o aos quarenta e cinco anos da publica\u00e7\u00e3o da \u201cDei Verbum\u201d. Podemos dizer que a \u201cVerbum Domini\u201d \u00e9 uma continua\u00e7\u00e3o da \u201cDei Verbum\u201d, e o Papa Bento XVI quis ressaltar a import\u00e2ncia da Palavra de Deus na vida da Igreja.\u00a0<\/span><span data-ccp-props=\"{&quot;201341983&quot;:0,&quot;335551550&quot;:6,&quot;335551620&quot;:6,&quot;335559731&quot;:708,&quot;335559739&quot;:160,&quot;335559740&quot;:259}\">\u00a0<\/span><\/p>\n<p style=\"text-align: justify;\"><span data-contrast=\"auto\">Ao longo da \u201cVerbum Domini\u201d o saudoso Papa Bento XVI ressalta a import\u00e2ncia da Palavra de Deus na liturgia e na vida da Igreja, inclusive reiterando que a Palavra de Deus \u00e9 parte integrante na liturgia. O Papa diz que os fi\u00e9is devem escutar atentamente a Palavra proclamada e que a homilia do sacerdote deve focar nas leituras que foram proclamadas e deve ter um cunho catequ\u00e9tico, para que os olhos de todos se abram e possam comungar da Eucaristia.\u00a0<\/span><span data-ccp-props=\"{&quot;201341983&quot;:0,&quot;335551550&quot;:6,&quot;335551620&quot;:6,&quot;335559731&quot;:708,&quot;335559739&quot;:160,&quot;335559740&quot;:259}\">\u00a0<\/span><\/p>\n<p style=\"text-align: justify;\"><span data-contrast=\"auto\">O cap\u00edtulo VI da \u201cDei Verbum\u201d inspira o tema do volume 5 da cole\u00e7\u00e3o cadernos do Conc\u00edlio: <\/span><i><span data-contrast=\"auto\">\u201cA Sagrada Escritura na Vida Igreja\u201d, <\/span><\/i><span data-contrast=\"auto\">o documento vai dizer que a Igreja venera as Sagradas Escrituras do mesmo modo que venera o pr\u00f3prio Corpo do Senhor. Refor\u00e7a ainda a import\u00e2ncia da Palavra de Deus na Sagrada Liturgia, conforme j\u00e1 dissemos, ao longo da celebra\u00e7\u00e3o da missa participamos de duas grandes mesas: Palavra e o Corpo do Senhor, e temos que participar atentamente de cada uma.\u00a0<\/span><span data-ccp-props=\"{&quot;201341983&quot;:0,&quot;335551550&quot;:6,&quot;335551620&quot;:6,&quot;335559731&quot;:708,&quot;335559739&quot;:160,&quot;335559740&quot;:259}\">\u00a0<\/span><\/p>\n<p style=\"text-align: justify;\"><span data-contrast=\"auto\">O Esp\u00edrito Santo fala em n\u00f3s e ajuda a abrir os olhos e o nosso cora\u00e7\u00e3o para compreender aquilo que est\u00e1 dito nas Sagradas Escrituras. Por isso, antes de ler e meditar a Palavra \u00e9 preciso pedir a luz e a sabedoria do Esp\u00edrito Santo para o melhor entendimento dos textos Sagrados, pois ao lermos a Sagrada Escritura n\u00e3o estamos lendo qualquer livro, mas a Palavra de Deus revelada. Para anunciar a Palavra \u00e9 preciso tamb\u00e9m pedir a luz e a sabedoria do Esp\u00edrito Santo, por isso, Jesus soprou primeiro sobre os disc\u00edpulos o Esp\u00edrito Santo e depois os enviou em miss\u00e3o.\u00a0<\/span><span data-ccp-props=\"{&quot;201341983&quot;:0,&quot;335551550&quot;:6,&quot;335551620&quot;:6,&quot;335559731&quot;:708,&quot;335559739&quot;:160,&quot;335559740&quot;:259}\">\u00a0<\/span><\/p>\n<p style=\"text-align: justify;\"><span data-contrast=\"auto\">O Esp\u00edrito Santo acompanha a vida da Igreja at\u00e9 os dias de hoje, Ele abre os nossos olhos para reconhecer Jesus na Eucaristia a partir da Palavra que foi anunciada. A Palavra de Deus \u00e9 viva e eficaz, e capaz de transformar a vida dos fi\u00e9is tornando-os mais santos. \u00c9 preciso que todos os fi\u00e9is tenham acesso \u00e0 Palavra de Deus: h\u00e1 muitas tradu\u00e7\u00f5es da B\u00edblia que podem variar uma palavra ou outra, mas a Igreja nunca fugiu daquilo que est\u00e1 no original, e que vem do Grego, chamada de tradu\u00e7\u00e3o dos Setenta.\u00a0<\/span><span data-ccp-props=\"{&quot;201341983&quot;:0,&quot;335551550&quot;:6,&quot;335551620&quot;:6,&quot;335559731&quot;:708,&quot;335559739&quot;:160,&quot;335559740&quot;:259}\">\u00a0<\/span><\/p>\n<p style=\"text-align: justify;\"><span data-contrast=\"auto\">O documento trata ainda sobre n\u00e3o usar a Palavra de Deus de forma instrumental, ou seja, ela deve ser usada para o que de fato ela \u00e9 designada: conduzir pessoas a Deus. A palavra de Deus deve visar a salva\u00e7\u00e3o do pr\u00f3ximo e n\u00e3o a condena\u00e7\u00e3o. O Papa Francisco tem dito in\u00fameras vezes que n\u00e3o devemos julgar o pr\u00f3ximo e nem nos sentirmos ju\u00edzes dos outros, mas temos que, a partir da Palavra de Deus, anunciar a miseric\u00f3rdia e o perd\u00e3o aos outros. N\u00e3o podemos fazer uma leitura fundamentalista da Palavra de Deus, ou seja, interpretar de maneira equivocada o que ali est\u00e1 escrito, mas a partir da Palavra anunciar o amor de Deus aos outros.\u00a0<\/span><span data-ccp-props=\"{&quot;201341983&quot;:0,&quot;335551550&quot;:6,&quot;335551620&quot;:6,&quot;335559731&quot;:708,&quot;335559739&quot;:160,&quot;335559740&quot;:259}\">\u00a0<\/span><\/p>\n<p style=\"text-align: justify;\"><span data-contrast=\"auto\">O documento reafirma ainda a import\u00e2ncia de ler e meditar a Sagrada Escritura, sobretudo por parte dos bispos, padres, di\u00e1conos e religiosos. Al\u00e9m desses, os catequistas tamb\u00e9m devem meditar diariamente a Palavra, pois esses grupos se dedicam legitimamente ao minist\u00e9rio da Palavra e devem entregar-se assiduamente a leitura espiritual e ao estudo aprofundado das Escrituras. Dessa forma, para que possamos falar da Palavra de Deus para os outros, temos que ter o conhecimento daquilo que estamos falando.\u00a0<\/span><span data-ccp-props=\"{&quot;201341983&quot;:0,&quot;335551550&quot;:6,&quot;335551620&quot;:6,&quot;335559731&quot;:708,&quot;335559739&quot;:160,&quot;335559740&quot;:259}\">\u00a0<\/span><\/p>\n<p style=\"text-align: justify;\"><span data-contrast=\"auto\">Nessa linha de pensamento, o que o documento quer dizer \u00e9 que os bispos, sacerdotes e di\u00e1conos antes de proferirem a homilia ou a partilha da Palavra \u00e9 necess\u00e1rio se preparar antes, ter o contato com as leituras que ser\u00e3o proclamadas, escrever se for preciso os pontos chaves, para que possa transmitir os conhecimentos que adquiriu com aquelas leituras. Do mesmo modo os catequistas, antes de passarem o conte\u00fado aos catequizandos, t\u00eam de se preparar antes, ter o contato com o tema que ser\u00e1 apresentado e com a Palavra que ser\u00e1 partilhada no dia, para que os catequizandos absorvam aquilo que ser\u00e1 transmitido.\u00a0<\/span><span data-ccp-props=\"{&quot;201341983&quot;:0,&quot;335551550&quot;:6,&quot;335551620&quot;:6,&quot;335559731&quot;:708,&quot;335559739&quot;:160,&quot;335559740&quot;:259}\">\u00a0<\/span><\/p>\n<p style=\"text-align: justify;\"><span data-contrast=\"auto\">A Palavra de Deus como um todo visa a Salva\u00e7\u00e3o do g\u00eanero humano, como observamos ao longo do Antigo Testamento, a hist\u00f3ria da salva\u00e7\u00e3o e alian\u00e7a que Deus fez com o povo de Israel. Em Jesus, Deus sela uma nova e eterna alian\u00e7a com a humanidade. O documento \u201cDei Verbum\u201d tem muito ainda a ser estudado, e mesmo ap\u00f3s cinquenta anos de sua publica\u00e7\u00e3o ele continua atual. A Palavra de Deus deve ter o seu lugar de destaque na vida da Igreja e na vida de cada batizado. Fa\u00e7amos diariamente a medita\u00e7\u00e3o da Palavra e transmitamos aquilo que de fato est\u00e1 contido nela. Ao participarmos da missa escutemos atentamente aquilo que a Palavra nos diz para podermos comungar da Eucaristia.\u00a0<\/span><span data-ccp-props=\"{&quot;201341983&quot;:0,&quot;335551550&quot;:6,&quot;335551620&quot;:6,&quot;335559731&quot;:708,&quot;335559739&quot;:160,&quot;335559740&quot;:259}\">\u00a0<\/span><\/p>\n<p style=\"text-align: justify;\"><span data-contrast=\"auto\">Que o Esp\u00edrito Santo nos ilumine e nos ajude a compreender todas as Palavras da Escritura e continue guiando a Igreja no caminho do bem. Am\u00e9m.\u00a0<\/span><span data-ccp-props=\"{&quot;201341983&quot;:0,&quot;335551550&quot;:6,&quot;335551620&quot;:6,&quot;335559731&quot;:708,&quot;335559739&quot;:160,&quot;335559740&quot;:259}\">\u00a0<\/span><\/p>\n<p style=\"text-align: justify;\"><span data-ccp-props=\"{&quot;201341983&quot;:0,&quot;335551550&quot;:6,&quot;335551620&quot;:6,&quot;335559731&quot;:708,&quot;335559739&quot;:160,&quot;335559740&quot;:259}\">\u00a0<\/span><\/p>\n<p>&nbsp;<\/p>\n","protected":false},"excerpt":{"rendered":"<p>Cardeal Orani Jo\u00e3o Tempesta Arcebispo do Rio de Janeiro (RJ)\u00a0 &nbsp; &nbsp; \u201cA Sagrada Escritura na vida da Igreja\u201d\u00a0 Dando continuidade ao comp\u00eandio de livros sobre o Conc\u00edlio Ecum\u00eanico Vaticano II, em prepara\u00e7\u00e3o ao jubileu que a Igreja viver\u00e1 no pr\u00f3ximo ano e dos sessenta anos de encerramento do Conc\u00edlio, hoje nos debru\u00e7aremos sobre o &hellip;<\/p>\n<p class=\"read-more\"> <a class=\"\" href=\"https:\/\/www.cnbb.org.br\/cadernos-do-concilio-volume-5\/\"> <span class=\"screen-reader-text\">Cadernos do Conc\u00edlio \u2013 volume 5<\/span> Leia mais &raquo;<\/a><\/p>\n","protected":false},"author":31,"featured_media":0,"comment_status":"closed","ping_status":"closed","sticky":false,"template":"","format":"standard","meta":{"site-sidebar-layout":"default","site-content-layout":"default","ast-global-header-display":"","ast-banner-title-visibility":"","ast-main-header-display":"","ast-hfb-above-header-display":"","ast-hfb-below-header-display":"","ast-hfb-mobile-header-display":"","site-post-title":"","ast-breadcrumbs-content":"","ast-featured-img":"","footer-sml-layout":"","theme-transparent-header-meta":"default","adv-header-id-meta":"","stick-header-meta":"","header-above-stick-meta":"","header-main-stick-meta":"","header-below-stick-meta":""},"categories":[758],"tags":[],"acf":[],"_links":{"self":[{"href":"https:\/\/www.cnbb.org.br\/cnbb-app\/wp\/v2\/posts\/958610"}],"collection":[{"href":"https:\/\/www.cnbb.org.br\/cnbb-app\/wp\/v2\/posts"}],"about":[{"href":"https:\/\/www.cnbb.org.br\/cnbb-app\/wp\/v2\/types\/post"}],"author":[{"embeddable":true,"href":"https:\/\/www.cnbb.org.br\/cnbb-app\/wp\/v2\/users\/31"}],"replies":[{"embeddable":true,"href":"https:\/\/www.cnbb.org.br\/cnbb-app\/wp\/v2\/comments?post=958610"}],"version-history":[{"count":4,"href":"https:\/\/www.cnbb.org.br\/cnbb-app\/wp\/v2\/posts\/958610\/revisions"}],"predecessor-version":[{"id":958619,"href":"https:\/\/www.cnbb.org.br\/cnbb-app\/wp\/v2\/posts\/958610\/revisions\/958619"}],"wp:attachment":[{"href":"https:\/\/www.cnbb.org.br\/cnbb-app\/wp\/v2\/media?parent=958610"}],"wp:term":[{"taxonomy":"category","embeddable":true,"href":"https:\/\/www.cnbb.org.br\/cnbb-app\/wp\/v2\/categories?post=958610"},{"taxonomy":"post_tag","embeddable":true,"href":"https:\/\/www.cnbb.org.br\/cnbb-app\/wp\/v2\/tags?post=958610"}],"curies":[{"name":"wp","href":"https:\/\/api.w.org\/{rel}","templated":true}]}}