{"id":958905,"date":"2024-02-27T15:47:30","date_gmt":"2024-02-27T18:47:30","guid":{"rendered":"https:\/\/www.cnbb.org.br\/?p=958905"},"modified":"2024-02-27T16:00:17","modified_gmt":"2024-02-27T19:00:17","slug":"grupo-responsavel-por-oferecer-analise-de-conjuntura-para-o-episcopado-brasileiro-reune-se-na-sede-da-cnbb","status":"publish","type":"post","link":"https:\/\/www.cnbb.org.br\/grupo-responsavel-por-oferecer-analise-de-conjuntura-para-o-episcopado-brasileiro-reune-se-na-sede-da-cnbb\/","title":{"rendered":"Grupo respons\u00e1vel por oferecer an\u00e1lise de conjuntura para o episcopado brasileiro re\u00fane-se na sede da CNBB"},"content":{"rendered":"<p style=\"text-align: justify;\">O grupo de An\u00e1lise de Conjuntura esteve reunido na sede da Confer\u00eancia Nacional dos Bispos do Brasil (CNBB), em Bras\u00edlia (DF), nos dias 26 e 27 de fevereiro. Sob a coordena\u00e7\u00e3o do bispo de Carolina, no Maranh\u00e3o, dom Francisco Lima Soares, o grupo \u00e9 composto por representantes da doc\u00eancia universit\u00e1ria, de entidades da sociedade e de organismos ligados \u00e0 Confer\u00eancia. Da reuni\u00e3o, tamb\u00e9m participou o secret\u00e1rio-geral da CNBB, dom Ricardo Hoepers.<\/p>\n<p style=\"text-align: justify;\">Respons\u00e1vel por oferecer, sistem\u00e1tica e periodicamente, uma an\u00e1lise de conjuntura para o episcopado brasileiro, o grupo j\u00e1 ofertou 26 documentos desde sua constitui\u00e7\u00e3o, em 2019. &#8220;A\u00a0 m\u00e9dia \u00e9 que, a cada dois meses, n\u00f3s tenhamos um documento elaborado, com assuntos variados, desde a \u00e1rea da economia at\u00e9 a \u00e1rea da viol\u00eancia&#8221;, explica dom Francisco Lima.<\/p>\n<p style=\"text-align: justify;\">Agora, por exemplo, dom Francisco salientou que o grupo planeja todas as tem\u00e1ticas das reuni\u00f5es que ter\u00e3o at\u00e9 o final do ano. Al\u00e9m disso, para mar\u00e7o, o grupo discute a quest\u00e3o das viol\u00eancias urbana e rural, tem\u00e1ticas que inclusive dever\u00e3o ser apresentadas aos bispos na pr\u00f3xima reuni\u00e3o do Conselho Permanente da CNBB, nos dias 12 a 14 de mar\u00e7o.<\/p>\n<p style=\"text-align: justify;\">O material produzido pelo Grupo de An\u00e1lise de Conjuntura \u00e9 fruto de sua reflex\u00e3o e \u00e9 oferecido aos bispos, atrav\u00e9s da presid\u00eancia da CNBB. Sendo assim,\u00a0o conte\u00fado das an\u00e1lises n\u00e3o representa necessariamente o pensamento dos bispos, mas tem por objetivo analisar a conjuntura de forma que a a\u00e7\u00e3o evangelizadora aconte\u00e7a de maneira encarnada, levando em conta as grandes quest\u00f5es da atualidade.<\/p>\n<div id='gallery-1' class='gallery galleryid-958905 gallery-columns-2 gallery-size-medium'><figure class='gallery-item'>\n\t\t\t<div class='gallery-icon landscape'>\n\t\t\t\t<a href='https:\/\/www.cnbb.org.br\/wp-content\/uploads\/2024\/02\/IMG_0290-scaled.jpg' title=\"\" data-rl_title=\"\" class=\"rl-gallery-link\" data-rl_caption=\"\" data-rel=\"lightbox-gallery-1\"><img width=\"300\" height=\"200\" src=\"https:\/\/www.cnbb.org.br\/wp-content\/uploads\/2024\/02\/IMG_0290-300x200.jpg\" class=\"attachment-medium size-medium\" alt=\"\" decoding=\"async\" loading=\"lazy\" srcset=\"https:\/\/www.cnbb.org.br\/wp-content\/uploads\/2024\/02\/IMG_0290-300x200.jpg 300w, https:\/\/www.cnbb.org.br\/wp-content\/uploads\/2024\/02\/IMG_0290-1024x683.jpg 1024w, https:\/\/www.cnbb.org.br\/wp-content\/uploads\/2024\/02\/IMG_0290-768x512.jpg 768w, https:\/\/www.cnbb.org.br\/wp-content\/uploads\/2024\/02\/IMG_0290-1536x1024.jpg 1536w, https:\/\/www.cnbb.org.br\/wp-content\/uploads\/2024\/02\/IMG_0290-2048x1365.jpg 2048w, https:\/\/www.cnbb.org.br\/wp-content\/uploads\/2024\/02\/IMG_0290-500x333.jpg 500w\" sizes=\"(max-width: 300px) 100vw, 300px\" \/><\/a>\n\t\t\t<\/div><\/figure><figure class='gallery-item'>\n\t\t\t<div class='gallery-icon landscape'>\n\t\t\t\t<a href='https:\/\/www.cnbb.org.br\/wp-content\/uploads\/2024\/02\/IMG_0289-scaled.jpg' title=\"\" data-rl_title=\"\" class=\"rl-gallery-link\" data-rl_caption=\"\" data-rel=\"lightbox-gallery-1\"><img width=\"300\" height=\"200\" src=\"https:\/\/www.cnbb.org.br\/wp-content\/uploads\/2024\/02\/IMG_0289-300x200.jpg\" class=\"attachment-medium size-medium\" alt=\"\" decoding=\"async\" loading=\"lazy\" srcset=\"https:\/\/www.cnbb.org.br\/wp-content\/uploads\/2024\/02\/IMG_0289-300x200.jpg 300w, https:\/\/www.cnbb.org.br\/wp-content\/uploads\/2024\/02\/IMG_0289-1024x683.jpg 1024w, https:\/\/www.cnbb.org.br\/wp-content\/uploads\/2024\/02\/IMG_0289-768x512.jpg 768w, https:\/\/www.cnbb.org.br\/wp-content\/uploads\/2024\/02\/IMG_0289-1536x1024.jpg 1536w, https:\/\/www.cnbb.org.br\/wp-content\/uploads\/2024\/02\/IMG_0289-2048x1365.jpg 2048w, https:\/\/www.cnbb.org.br\/wp-content\/uploads\/2024\/02\/IMG_0289-500x333.jpg 500w\" sizes=\"(max-width: 300px) 100vw, 300px\" \/><\/a>\n\t\t\t<\/div><\/figure>\n\t\t<\/div>\n\n<p>&nbsp;<\/p>\n<p>&nbsp;<\/p>\n","protected":false},"excerpt":{"rendered":"<p>O grupo de An\u00e1lise de Conjuntura esteve reunido na sede da CNBB, em Bras\u00edlia (DF), nos dias 26 e 27 de fevereiro. Sob a coordena\u00e7\u00e3o do bispo de Carolina, no Maranh\u00e3o, dom Francisco Lima Soares, o grupo \u00e9 composto por representantes da doc\u00eancia universit\u00e1ria, de entidades da sociedade e de organismos ligados \u00e0 Confer\u00eancia<\/p>\n","protected":false},"author":141,"featured_media":958923,"comment_status":"closed","ping_status":"closed","sticky":false,"template":"","format":"standard","meta":{"site-sidebar-layout":"default","site-content-layout":"default","ast-global-header-display":"","ast-banner-title-visibility":"","ast-main-header-display":"","ast-hfb-above-header-display":"","ast-hfb-below-header-display":"","ast-hfb-mobile-header-display":"","site-post-title":"","ast-breadcrumbs-content":"","ast-featured-img":"","footer-sml-layout":"","theme-transparent-header-meta":"default","adv-header-id-meta":"","stick-header-meta":"","header-above-stick-meta":"","header-main-stick-meta":"","header-below-stick-meta":""},"categories":[50,1851],"tags":[2631,1850],"acf":[],"_links":{"self":[{"href":"https:\/\/www.cnbb.org.br\/cnbb-app\/wp\/v2\/posts\/958905"}],"collection":[{"href":"https:\/\/www.cnbb.org.br\/cnbb-app\/wp\/v2\/posts"}],"about":[{"href":"https:\/\/www.cnbb.org.br\/cnbb-app\/wp\/v2\/types\/post"}],"author":[{"embeddable":true,"href":"https:\/\/www.cnbb.org.br\/cnbb-app\/wp\/v2\/users\/141"}],"replies":[{"embeddable":true,"href":"https:\/\/www.cnbb.org.br\/cnbb-app\/wp\/v2\/comments?post=958905"}],"version-history":[{"count":18,"href":"https:\/\/www.cnbb.org.br\/cnbb-app\/wp\/v2\/posts\/958905\/revisions"}],"predecessor-version":[{"id":958938,"href":"https:\/\/www.cnbb.org.br\/cnbb-app\/wp\/v2\/posts\/958905\/revisions\/958938"}],"wp:featuredmedia":[{"embeddable":true,"href":"https:\/\/www.cnbb.org.br\/cnbb-app\/wp\/v2\/media\/958923"}],"wp:attachment":[{"href":"https:\/\/www.cnbb.org.br\/cnbb-app\/wp\/v2\/media?parent=958905"}],"wp:term":[{"taxonomy":"category","embeddable":true,"href":"https:\/\/www.cnbb.org.br\/cnbb-app\/wp\/v2\/categories?post=958905"},{"taxonomy":"post_tag","embeddable":true,"href":"https:\/\/www.cnbb.org.br\/cnbb-app\/wp\/v2\/tags?post=958905"}],"curies":[{"name":"wp","href":"https:\/\/api.w.org\/{rel}","templated":true}]}}