{"id":958957,"date":"2024-02-20T09:49:34","date_gmt":"2024-02-20T12:49:34","guid":{"rendered":"https:\/\/www.cnbb.org.br\/?p=958957"},"modified":"2024-02-28T09:52:18","modified_gmt":"2024-02-28T12:52:18","slug":"posse-dom-francisco-de-sales-mossoro","status":"publish","type":"post","link":"https:\/\/www.cnbb.org.br\/posse-dom-francisco-de-sales-mossoro\/","title":{"rendered":"Dom Francisco de Sales \u00e9 empossado bispo da diocese de Mossor\u00f3 (RN)"},"content":{"rendered":"<p style=\"text-align: justify;\">O Regional Nordeste 2 da Confer\u00eancia Nacional dos Bispos do Brasil (CNBB NE 2) celebrou, no s\u00e1bado (17), a posse do novo bispo da\u00a0<strong><a role=\"link\" href=\"https:\/\/www.diocesedemossoro.com\/\" target=\"_blank\" rel=\"noopener\">Diocese de Mossor\u00f3<\/a><\/strong>\u00a0(RN), dom Francisco de Sales. O ato lit\u00fargico foi presidido pelo arcebispo metropolitano de Natal, dom Jo\u00e3o Cardoso, no adro da Catedral de Santa Luzia e reuniu centenas de pessoas entre bispos, padres, religiosas, religiosos, di\u00e1conos e fi\u00e9is leigos e leigas.<\/p>\n<p style=\"text-align: justify;\">Ap\u00f3s o rito de transmiss\u00e3o do governo pastoral, o bispo em\u00e9rito de Mossor\u00f3, dom Mariano Manzana, e seu sucessor e presidente da CNBB NE 2 rezaram juntos diante do sacr\u00e1rio e da imagem de Santa Luzia, padroeira da diocese.<\/p>\n<p style=\"text-align: justify;\">Em seguida, dom Francisco presidiu a primeira missa como s\u00e9timo pastor da Igreja local. A liturgia foi o ponto alto da programa\u00e7\u00e3o que come\u00e7ou na sexta-feira (16) com uma peregrina\u00e7\u00e3o do bispo pelas par\u00f3quias da Igreja local.<\/p>\n<p style=\"text-align: justify;\"><a href=\"https:\/\/cnbbne2.org.br\/dom-francisco-de-sales-e-empossado-bispo-da-diocese-de-mossoro-rn\/\" target=\"_blank\" rel=\"noopener\">Confira a not\u00edcia na \u00edntegra.\u00a0<\/a><\/p>\n","protected":false},"excerpt":{"rendered":"<p>O Regional Nordeste 2 da Confer\u00eancia Nacional dos Bispos do Brasil (CNBB NE 2) celebrou, no s\u00e1bado (17), a posse do novo bispo da\u00a0Diocese de Mossor\u00f3\u00a0(RN), dom Francisco de Sales. O ato lit\u00fargico foi presidido pelo arcebispo metropolitano de Natal, dom Jo\u00e3o Cardoso, no adro da Catedral de Santa Luzia e reuniu centenas de pessoas &hellip;<\/p>\n<p class=\"read-more\"> <a class=\"\" href=\"https:\/\/www.cnbb.org.br\/posse-dom-francisco-de-sales-mossoro\/\"> <span class=\"screen-reader-text\">Dom Francisco de Sales \u00e9 empossado bispo da diocese de Mossor\u00f3 (RN)<\/span> Leia mais &raquo;<\/a><\/p>\n","protected":false},"author":38,"featured_media":958958,"comment_status":"closed","ping_status":"closed","sticky":false,"template":"","format":"standard","meta":{"site-sidebar-layout":"default","site-content-layout":"default","ast-global-header-display":"","ast-banner-title-visibility":"","ast-main-header-display":"","ast-hfb-above-header-display":"","ast-hfb-below-header-display":"","ast-hfb-mobile-header-display":"","site-post-title":"","ast-breadcrumbs-content":"","ast-featured-img":"","footer-sml-layout":"","theme-transparent-header-meta":"default","adv-header-id-meta":"","stick-header-meta":"","header-above-stick-meta":"","header-main-stick-meta":"","header-below-stick-meta":""},"categories":[770],"tags":[3390],"acf":[],"_links":{"self":[{"href":"https:\/\/www.cnbb.org.br\/cnbb-app\/wp\/v2\/posts\/958957"}],"collection":[{"href":"https:\/\/www.cnbb.org.br\/cnbb-app\/wp\/v2\/posts"}],"about":[{"href":"https:\/\/www.cnbb.org.br\/cnbb-app\/wp\/v2\/types\/post"}],"author":[{"embeddable":true,"href":"https:\/\/www.cnbb.org.br\/cnbb-app\/wp\/v2\/users\/38"}],"replies":[{"embeddable":true,"href":"https:\/\/www.cnbb.org.br\/cnbb-app\/wp\/v2\/comments?post=958957"}],"version-history":[{"count":1,"href":"https:\/\/www.cnbb.org.br\/cnbb-app\/wp\/v2\/posts\/958957\/revisions"}],"predecessor-version":[{"id":958959,"href":"https:\/\/www.cnbb.org.br\/cnbb-app\/wp\/v2\/posts\/958957\/revisions\/958959"}],"wp:featuredmedia":[{"embeddable":true,"href":"https:\/\/www.cnbb.org.br\/cnbb-app\/wp\/v2\/media\/958958"}],"wp:attachment":[{"href":"https:\/\/www.cnbb.org.br\/cnbb-app\/wp\/v2\/media?parent=958957"}],"wp:term":[{"taxonomy":"category","embeddable":true,"href":"https:\/\/www.cnbb.org.br\/cnbb-app\/wp\/v2\/categories?post=958957"},{"taxonomy":"post_tag","embeddable":true,"href":"https:\/\/www.cnbb.org.br\/cnbb-app\/wp\/v2\/tags?post=958957"}],"curies":[{"name":"wp","href":"https:\/\/api.w.org\/{rel}","templated":true}]}}