{"id":959138,"date":"2024-03-01T16:48:37","date_gmt":"2024-03-01T19:48:37","guid":{"rendered":"https:\/\/www.cnbb.org.br\/?p=959138"},"modified":"2024-03-01T16:48:37","modified_gmt":"2024-03-01T19:48:37","slug":"supremo-tribunal-retoma-julgamento-sobre-porte-de-drogas-para-uso-pessoal-cnbb-reitera-posicao-contraria","status":"publish","type":"post","link":"https:\/\/www.cnbb.org.br\/supremo-tribunal-retoma-julgamento-sobre-porte-de-drogas-para-uso-pessoal-cnbb-reitera-posicao-contraria\/","title":{"rendered":"Supremo Tribunal retoma julgamento sobre porte de drogas para uso pessoal. CNBB reitera posi\u00e7\u00e3o contr\u00e1ria"},"content":{"rendered":"<p style=\"text-align: justify;\">O\u00a0Supremo Tribunal Federal (STF) marcou nova data, pr\u00f3xima quarta-feira, 6 de mar\u00e7o, para a retomada do julgamento que discute se \u00e9 crime o porte de drogas para consumo pr\u00f3prio. Diante disso, a Confer\u00eancia Nacional dos Bispos do Brasil (CNBB) reitera a sua posi\u00e7\u00e3o<span style=\"font-size: 16px;\"> contra a descriminaliza\u00e7\u00e3o do uso das drogas, <a href=\"https:\/\/www.cnbb.org.br\/wp-content\/uploads\/2020\/09\/0581-2015-Nota-sobre-descriminalizacao-do-uso-de-drogas.pdf\">expressa pela institui\u00e7\u00e3o em nota e v\u00eddeo publicados no dia 26 de agosto de 2015. \u00a0<\/a><\/span><\/p>\n<p style=\"text-align: justify;\">Na nota, a CNBB conclama o Estado e o povo brasileiro \u00e0 necess\u00e1ria lucidez no trato deste tema t\u00e3o grave para a sociedade. A Confer\u00eancia pede o engajamento da comunidade cat\u00f3lica do Brasil para disseminar o v\u00eddeo, com link abaixo, no qual o bispo auxiliar de Bras\u00edlia e secret\u00e1rio-geral da CNBB, dom Ricardo Hoepers, refor\u00e7a as posi\u00e7\u00f5es da Institui\u00e7\u00e3o sobre o tema da descriminaliza\u00e7\u00e3o do uso de drogas no Brasil.<\/p>\n<div class=\"ast-oembed-container\" style=\"height: 100%;\"><iframe loading=\"lazy\" title=\"CNBB reitera sua posi\u00e7\u00e3o contr\u00e1ria \u00e0 descriminaliza\u00e7\u00e3o do uso de drogas\" width=\"500\" height=\"281\" src=\"https:\/\/www.youtube.com\/embed\/rM40sP-o4lY?feature=oembed\" frameborder=\"0\" allow=\"accelerometer; autoplay; clipboard-write; encrypted-media; gyroscope; picture-in-picture; web-share\" referrerpolicy=\"strict-origin-when-cross-origin\" allowfullscreen><\/iframe><\/div>\n<p>&nbsp;<\/p>\n<h3 style=\"text-align: justify;\">Impacto na sa\u00fade, fam\u00edlia e sociedade<\/h3>\n<p style=\"text-align: justify;\">O secret\u00e1rio-geral da CNBB, dom Ricardo Hoepers, reafirmou, por meio do v\u00eddeo, as posi\u00e7\u00f5es da institui\u00e7\u00e3o manifestadas na nota de 2015. &#8220;O uso indevido de drogas interfere gravemente na estrutura familiar e social. Est\u00e1 entre as causas de in\u00fameras doen\u00e7as, de invalidez f\u00edsica e mental, de afastamento da vida social&#8221;.<\/p>\n<p style=\"text-align: justify;\">A mensagem do v\u00eddeo refor\u00e7a ainda que &#8220;a depend\u00eancia que atinge, especialmente, os adolescentes e os jovens, \u00e9 fator gerador da viol\u00eancia social, provoca no usu\u00e1rio altera\u00e7\u00e3o de consci\u00eancia e de comportamento. O consumo e o tr\u00e1fico de drogas s\u00e3o apontados como causa da maioria dos atentados contra a vida&#8221;.<\/p>\n<p style=\"text-align: justify;\">De acordo com o secret\u00e1rio-geral da CNBB, a n\u00e3o punibilidade do porte de drogas, mesmo para consumo pr\u00f3prio, tendo como argumento a preserva\u00e7\u00e3o da liberdade da pessoa, poder\u00e1 agravar o problema da depend\u00eancia qu\u00edmica, escravid\u00e3o que hoje alcan\u00e7a n\u00fameros alarmantes.<\/p>\n<blockquote>\n<p style=\"text-align: justify;\">&#8220;A libera\u00e7\u00e3o do consumo de drogas facilitar\u00e1 a circula\u00e7\u00e3o dos entorpecentes. Haver\u00e1 mais produtos \u00e0 disposi\u00e7\u00e3o, legalizando uma cadeia de tr\u00e1fico e de com\u00e9rcio, sem estrutura jur\u00eddica para control\u00e1-la&#8221;, salientou.<\/p>\n<\/blockquote>\n<p style=\"text-align: justify;\">No v\u00eddeo, dom Ricardo recorda a posi\u00e7\u00e3o da CNBB de que a vida em todas as suas dimens\u00f5es deve ser preservada. &#8220;Confiantes na gra\u00e7a misericordiosa de Deus e na materna prote\u00e7\u00e3o da Virgem de Aparecida, conclamamos o Estado e o povo brasileiro \u00e0 necess\u00e1ria lucidez e responsabilidade no trato deste tema t\u00e3o grave para a sociedade&#8221;.<\/p>\n<p><strong>Acesse aqui:<\/strong><br \/>\n\u00cdntegra da\u00a0Nota da CNBB sobre descriminaliza\u00e7\u00e3o do uso de drogas de agosto de 2015 (<a href=\"https:\/\/www.cnbb.org.br\/wp-content\/uploads\/2020\/09\/0581-2015-Nota-sobre-descriminalizacao-do-uso-de-drogas.pdf\">aqui<\/a>)<\/p>\n<h3>Posi\u00e7\u00e3o do Papa Francisco<\/h3>\n<p style=\"text-align: justify;\">O Papa Francisco aponta o uso de drogas como uma forma de degrada\u00e7\u00e3o. O Santo Padre expressou,\u00a0 com muita clareza, que \u201ca droga n\u00e3o se derrota com droga. A droga \u00e9 um mal e com o mal n\u00e3o pode haver cess\u00f5es ou compromissos.\u201d<\/p>\n<p style=\"text-align: justify;\">Na c<span style=\"font-size: 16px;\">arta Enc\u00edclica Laudato Si&#8217;,\u00a0 o Papa Francisco constata, com tristeza, que s\u00e3o numerosas as pessoas provadas por condi\u00e7\u00f5es de vida indigentes, que exigem aten\u00e7\u00e3o e o compromisso solid\u00e1rio. Atesta, ainda, que a &#8220;<\/span>a pr\u00f3pria vida humana \u00e9 um dom que deve ser protegido das v\u00e1rias formas de degrada\u00e7\u00e3o&#8221; (Carta enc.\u00a0<a href=\"http:\/\/w2.vatican.va\/content\/francesco\/pt\/encyclicals\/documents\/papa-francesco_20150524_enciclica-laudato-si.html#120\" target=\"_blank\" rel=\"noopener\"><i>Laudato si\u2019<\/i>, 120<\/a>).<\/p>\n<p style=\"text-align: justify;\">\n","protected":false},"excerpt":{"rendered":"<p>O\u00a0Supremo Tribunal Federal (STF) marcou nova data, pr\u00f3xima quarta-feira, 6 de mar\u00e7o, para a retomada do julgamento que discute se \u00e9 crime o porte de drogas para consumo pr\u00f3prio. Diante disso, a Confer\u00eancia Nacional dos Bispos do Brasil (CNBB) reitera a sua posi\u00e7\u00e3o contra a descriminaliza\u00e7\u00e3o do uso das drogas, expressa pela institui\u00e7\u00e3o em nota &hellip;<\/p>\n<p class=\"read-more\"> <a class=\"\" href=\"https:\/\/www.cnbb.org.br\/supremo-tribunal-retoma-julgamento-sobre-porte-de-drogas-para-uso-pessoal-cnbb-reitera-posicao-contraria\/\"> <span class=\"screen-reader-text\">Supremo Tribunal retoma julgamento sobre porte de drogas para uso pessoal. CNBB reitera posi\u00e7\u00e3o contr\u00e1ria<\/span> Leia mais &raquo;<\/a><\/p>\n","protected":false},"author":141,"featured_media":950213,"comment_status":"closed","ping_status":"closed","sticky":false,"template":"","format":"standard","meta":{"site-sidebar-layout":"default","site-content-layout":"default","ast-global-header-display":"","ast-banner-title-visibility":"","ast-main-header-display":"","ast-hfb-above-header-display":"","ast-hfb-below-header-display":"","ast-hfb-mobile-header-display":"","site-post-title":"","ast-breadcrumbs-content":"","ast-featured-img":"","footer-sml-layout":"","theme-transparent-header-meta":"default","adv-header-id-meta":"","stick-header-meta":"","header-above-stick-meta":"","header-main-stick-meta":"","header-below-stick-meta":""},"categories":[1841,1618],"tags":[1850,5171,5172],"acf":[],"_links":{"self":[{"href":"https:\/\/www.cnbb.org.br\/cnbb-app\/wp\/v2\/posts\/959138"}],"collection":[{"href":"https:\/\/www.cnbb.org.br\/cnbb-app\/wp\/v2\/posts"}],"about":[{"href":"https:\/\/www.cnbb.org.br\/cnbb-app\/wp\/v2\/types\/post"}],"author":[{"embeddable":true,"href":"https:\/\/www.cnbb.org.br\/cnbb-app\/wp\/v2\/users\/141"}],"replies":[{"embeddable":true,"href":"https:\/\/www.cnbb.org.br\/cnbb-app\/wp\/v2\/comments?post=959138"}],"version-history":[{"count":8,"href":"https:\/\/www.cnbb.org.br\/cnbb-app\/wp\/v2\/posts\/959138\/revisions"}],"predecessor-version":[{"id":959150,"href":"https:\/\/www.cnbb.org.br\/cnbb-app\/wp\/v2\/posts\/959138\/revisions\/959150"}],"wp:featuredmedia":[{"embeddable":true,"href":"https:\/\/www.cnbb.org.br\/cnbb-app\/wp\/v2\/media\/950213"}],"wp:attachment":[{"href":"https:\/\/www.cnbb.org.br\/cnbb-app\/wp\/v2\/media?parent=959138"}],"wp:term":[{"taxonomy":"category","embeddable":true,"href":"https:\/\/www.cnbb.org.br\/cnbb-app\/wp\/v2\/categories?post=959138"},{"taxonomy":"post_tag","embeddable":true,"href":"https:\/\/www.cnbb.org.br\/cnbb-app\/wp\/v2\/tags?post=959138"}],"curies":[{"name":"wp","href":"https:\/\/api.w.org\/{rel}","templated":true}]}}