{"id":959158,"date":"2024-03-04T09:57:00","date_gmt":"2024-03-04T12:57:00","guid":{"rendered":"https:\/\/www.cnbb.org.br\/?p=959158"},"modified":"2024-03-04T09:57:00","modified_gmt":"2024-03-04T12:57:00","slug":"bispos-sul-2-assembleia-foz-do-iguacu","status":"publish","type":"post","link":"https:\/\/www.cnbb.org.br\/bispos-sul-2-assembleia-foz-do-iguacu\/","title":{"rendered":"Bispos do Regional Sul 2 realizam assembleia em Foz do Igua\u00e7u"},"content":{"rendered":"<p style=\"text-align: justify;\">Os bispos do Paran\u00e1 reuniram-se entre os dias 25 e 28 de fevereiro para sua primeira assembleia anual do ano. O encontro foi realizado na Casa de Encontros Shalom Dom Olivio, em Foz do Igua\u00e7u (PR).<\/p>\n<p style=\"text-align: justify;\">V\u00e1rios assuntos foram tratados na reuni\u00e3o, como a Miss\u00e3o S\u00e3o Paulo VI, na \u00c1frica, e o Novo Regimento Interno do Regional. Os bispos tamb\u00e9m trataram da\u00a0prepara\u00e7\u00e3o da Assembleia do Povo de Deus, prevista para acontecer no pr\u00f3ximo m\u00eas de setembro; da avalia\u00e7\u00e3o do 3\u00ba Ano Vocacional do Brasil; e da elabora\u00e7\u00e3o da Cartilha de Orienta\u00e7\u00e3o Politica para as elei\u00e7\u00f5es municipais deste ano.<\/p>\n<p style=\"text-align: justify;\"><a href=\"https:\/\/cnbbs2.org.br\/bispos-do-parana-concluem-os-trabalhos-da-assembleia-com-missa-na-catedral-de-foz-do-iguacu\/\" target=\"_blank\" rel=\"noopener\">Confira a cobertura completa.\u00a0<\/a><\/p>\n<div class=\"wp-block-image\" style=\"text-align: justify;\"><\/div>\n","protected":false},"excerpt":{"rendered":"<p>Os bispos do Paran\u00e1 reuniram-se entre os dias 25 e 28 de fevereiro para sua primeira assembleia anual do ano. O encontro foi realizado na Casa de Encontros Shalom Dom Olivio, em Foz do Igua\u00e7u (PR). V\u00e1rios assuntos foram tratados na reuni\u00e3o, como a Miss\u00e3o S\u00e3o Paulo VI, na \u00c1frica, e o Novo Regimento Interno &hellip;<\/p>\n<p class=\"read-more\"> <a class=\"\" href=\"https:\/\/www.cnbb.org.br\/bispos-sul-2-assembleia-foz-do-iguacu\/\"> <span class=\"screen-reader-text\">Bispos do Regional Sul 2 realizam assembleia em Foz do Igua\u00e7u<\/span> Leia mais &raquo;<\/a><\/p>\n","protected":false},"author":38,"featured_media":959159,"comment_status":"closed","ping_status":"closed","sticky":false,"template":"","format":"standard","meta":{"site-sidebar-layout":"default","site-content-layout":"default","ast-global-header-display":"","ast-banner-title-visibility":"","ast-main-header-display":"","ast-hfb-above-header-display":"","ast-hfb-below-header-display":"","ast-hfb-mobile-header-display":"","site-post-title":"","ast-breadcrumbs-content":"","ast-featured-img":"","footer-sml-layout":"","theme-transparent-header-meta":"default","adv-header-id-meta":"","stick-header-meta":"","header-above-stick-meta":"","header-main-stick-meta":"","header-below-stick-meta":""},"categories":[781],"tags":[],"acf":[],"_links":{"self":[{"href":"https:\/\/www.cnbb.org.br\/cnbb-app\/wp\/v2\/posts\/959158"}],"collection":[{"href":"https:\/\/www.cnbb.org.br\/cnbb-app\/wp\/v2\/posts"}],"about":[{"href":"https:\/\/www.cnbb.org.br\/cnbb-app\/wp\/v2\/types\/post"}],"author":[{"embeddable":true,"href":"https:\/\/www.cnbb.org.br\/cnbb-app\/wp\/v2\/users\/38"}],"replies":[{"embeddable":true,"href":"https:\/\/www.cnbb.org.br\/cnbb-app\/wp\/v2\/comments?post=959158"}],"version-history":[{"count":1,"href":"https:\/\/www.cnbb.org.br\/cnbb-app\/wp\/v2\/posts\/959158\/revisions"}],"predecessor-version":[{"id":959160,"href":"https:\/\/www.cnbb.org.br\/cnbb-app\/wp\/v2\/posts\/959158\/revisions\/959160"}],"wp:featuredmedia":[{"embeddable":true,"href":"https:\/\/www.cnbb.org.br\/cnbb-app\/wp\/v2\/media\/959159"}],"wp:attachment":[{"href":"https:\/\/www.cnbb.org.br\/cnbb-app\/wp\/v2\/media?parent=959158"}],"wp:term":[{"taxonomy":"category","embeddable":true,"href":"https:\/\/www.cnbb.org.br\/cnbb-app\/wp\/v2\/categories?post=959158"},{"taxonomy":"post_tag","embeddable":true,"href":"https:\/\/www.cnbb.org.br\/cnbb-app\/wp\/v2\/tags?post=959158"}],"curies":[{"name":"wp","href":"https:\/\/api.w.org\/{rel}","templated":true}]}}