{"id":959232,"date":"2024-03-04T15:17:55","date_gmt":"2024-03-04T18:17:55","guid":{"rendered":"https:\/\/www.cnbb.org.br\/?p=959232"},"modified":"2024-03-04T15:19:10","modified_gmt":"2024-03-04T18:19:10","slug":"reflexoes-sobre-a-pratica-do-perdao-e-a-fe-na-atualidade-um-chamado-a-fraternidade-e-amizade-social","status":"publish","type":"post","link":"https:\/\/www.cnbb.org.br\/reflexoes-sobre-a-pratica-do-perdao-e-a-fe-na-atualidade-um-chamado-a-fraternidade-e-amizade-social\/","title":{"rendered":"Reflex\u00f5es sobre a pr\u00e1tica do perd\u00e3o e a f\u00e9 na atualidade: um chamado \u00e0 fraternidade e amizade social"},"content":{"rendered":"<div dir=\"auto\">\n<div dir=\"auto\" style=\"text-align: right;\"><strong>Dom Jailton Oliveira Lino\u00a0<\/strong><\/div>\n<div dir=\"auto\" style=\"text-align: right;\"><strong>Bispo de Teixeira de Freitas\/ Caravelas (BA)<\/strong><\/div>\n<\/div>\n<div dir=\"auto\"><\/div>\n<div dir=\"auto\"><\/div>\n<div dir=\"auto\" style=\"text-align: justify;\">Convidamos todo povo de Deus, os fi\u00e9is em uma jornada espiritual, profundamente enraizada na pr\u00e1tica do perd\u00e3o e na viv\u00eancia aut\u00eantica da f\u00e9 nos tempos contempor\u00e2neos.<\/div>\n<div dir=\"auto\" style=\"text-align: justify;\"><\/div>\n<div dir=\"auto\" style=\"text-align: justify;\">Nos Evangelhos, encontramos a voz de Jesus a nos exortar a purificar nossos cora\u00e7\u00f5es, assim como Ele zelou pelo templo.<\/p>\n<\/div>\n<div dir=\"auto\" style=\"text-align: justify;\">Essa purifica\u00e7\u00e3o n\u00e3o \u00e9 um mero ritual, mas um chamado \u00e0 transforma\u00e7\u00e3o interior, que encontra seu ponto mais luminoso na capacidade de perdoar. No tecido da sociedade moderna, marcada por desafios e conflitos, a pr\u00e1tica do perd\u00e3o emerge como um ant\u00eddoto poderoso contra a amargura que amea\u00e7a consumir nossos cora\u00e7\u00f5es.<\/div>\n<div dir=\"auto\" style=\"text-align: justify;\"><\/div>\n<div dir=\"auto\" style=\"text-align: justify;\">A verdadeira f\u00e9, como nos ilustra o Evangelho de Lucas, n\u00e3o \u00e9 est\u00e1tica nem exclusiva, mas din\u00e2mica e inclusiva. Somos desafiados a acolher todos, independentemente de suas origens ou circunst\u00e2ncias.<\/div>\n<div dir=\"auto\" style=\"text-align: justify;\"><\/div>\n<div dir=\"auto\" style=\"text-align: justify;\">Esse chamado \u00e0 inclus\u00e3o ressoa de maneira particular em nosso mundo, onde as divis\u00f5es s\u00e3o muitas e a compreens\u00e3o m\u00fatua \u00e9 frequentemente obscurecida. A f\u00e9 aut\u00eantica n\u00e3o se isola, mas se estende em gestos de compaix\u00e3o e aceita\u00e7\u00e3o.<\/div>\n<div dir=\"auto\" style=\"text-align: justify;\"><\/div>\n<div dir=\"auto\" style=\"text-align: justify;\">A par\u00e1bola do servo perdoado, encontrada em Mateus, \u00e9 um convite \u00e0 ruptura com os ciclos de ressentimento que tantas vezes nos aprisionam.<\/div>\n<div dir=\"auto\" style=\"text-align: justify;\"><\/div>\n<div dir=\"auto\" style=\"text-align: justify;\">\u00a0\u00c0 medida que compreendemos a imensid\u00e3o do perd\u00e3o divino, somos impelidos a estender essa gra\u00e7a aos outros. Aqui, a fraternidade se torna um fio condutor, uma liga\u00e7\u00e3o vital que une os cora\u00e7\u00f5es em um prop\u00f3sito mais elevado.<\/div>\n<div dir=\"auto\" style=\"text-align: justify;\"><\/div>\n<div dir=\"auto\" style=\"text-align: justify;\">No contexto da quaresma, esse per\u00edodo lit\u00fargico de introspec\u00e7\u00e3o e prepara\u00e7\u00e3o, a pr\u00e1tica do perd\u00e3o adquire uma import\u00e2ncia renovada.<\/div>\n<div dir=\"auto\" style=\"text-align: justify;\"><\/div>\n<div dir=\"auto\" style=\"text-align: justify;\">Nesse tempo sagrado, somos convidados a mergulhar nas profundezas de nossos cora\u00e7\u00f5es, a examinar nossas rela\u00e7\u00f5es e a fortalecer nossa f\u00e9.<\/div>\n<div dir=\"auto\" style=\"text-align: justify;\"><\/div>\n<div dir=\"auto\" style=\"text-align: justify;\">A quaresma n\u00e3o \u00e9 apenas um ritual, mas uma oportunidade \u00edmpar para restaurar nossa conex\u00e3o com Deus e nossos irm\u00e3os, praticando o perd\u00e3o como instrumento de reconcilia\u00e7\u00e3o.<\/div>\n<div dir=\"auto\" style=\"text-align: justify;\"><\/div>\n<div dir=\"auto\" style=\"text-align: justify;\">Ao vivenciarmos a quaresma, permitamos que a pr\u00e1tica do perd\u00e3o n\u00e3o seja apenas uma observ\u00e2ncia, mas uma transforma\u00e7\u00e3o genu\u00edna.<\/div>\n<div dir=\"auto\" style=\"text-align: justify;\"><\/div>\n<div dir=\"auto\" style=\"text-align: justify;\">Que a fraternidade e amizade social, baseadas no perd\u00e3o, n\u00e3o se restrinjam \u00e0s igrejas, mas transbordem para as comunidades, lares e rela\u00e7\u00f5es di\u00e1rias. Que, inspirados pela experi\u00eancia da quaresma, possamos construir um mundo onde a pr\u00e1tica do perd\u00e3o e a viv\u00eancia aut\u00eantica da f\u00e9 sejam far\u00f3is a iluminar os caminhos de todos que buscam a verdade e a paz.<\/div>\n","protected":false},"excerpt":{"rendered":"<p>Dom Jailton Oliveira Lino\u00a0 Bispo de Teixeira de Freitas\/ Caravelas (BA) Convidamos todo povo de Deus, os fi\u00e9is em uma jornada espiritual, profundamente enraizada na pr\u00e1tica do perd\u00e3o e na viv\u00eancia aut\u00eantica da f\u00e9 nos tempos contempor\u00e2neos. Nos Evangelhos, encontramos a voz de Jesus a nos exortar a purificar nossos cora\u00e7\u00f5es, assim como Ele zelou &hellip;<\/p>\n<p class=\"read-more\"> <a class=\"\" href=\"https:\/\/www.cnbb.org.br\/reflexoes-sobre-a-pratica-do-perdao-e-a-fe-na-atualidade-um-chamado-a-fraternidade-e-amizade-social\/\"> <span class=\"screen-reader-text\">Reflex\u00f5es sobre a pr\u00e1tica do perd\u00e3o e a f\u00e9 na atualidade: um chamado \u00e0 fraternidade e amizade social<\/span> Leia mais &raquo;<\/a><\/p>\n","protected":false},"author":159,"featured_media":0,"comment_status":"closed","ping_status":"closed","sticky":false,"template":"","format":"standard","meta":{"site-sidebar-layout":"default","site-content-layout":"default","ast-global-header-display":"","ast-banner-title-visibility":"","ast-main-header-display":"","ast-hfb-above-header-display":"","ast-hfb-below-header-display":"","ast-hfb-mobile-header-display":"","site-post-title":"","ast-breadcrumbs-content":"","ast-featured-img":"","footer-sml-layout":"","theme-transparent-header-meta":"default","adv-header-id-meta":"","stick-header-meta":"","header-above-stick-meta":"","header-main-stick-meta":"","header-below-stick-meta":""},"categories":[758],"tags":[],"acf":[],"_links":{"self":[{"href":"https:\/\/www.cnbb.org.br\/cnbb-app\/wp\/v2\/posts\/959232"}],"collection":[{"href":"https:\/\/www.cnbb.org.br\/cnbb-app\/wp\/v2\/posts"}],"about":[{"href":"https:\/\/www.cnbb.org.br\/cnbb-app\/wp\/v2\/types\/post"}],"author":[{"embeddable":true,"href":"https:\/\/www.cnbb.org.br\/cnbb-app\/wp\/v2\/users\/159"}],"replies":[{"embeddable":true,"href":"https:\/\/www.cnbb.org.br\/cnbb-app\/wp\/v2\/comments?post=959232"}],"version-history":[{"count":4,"href":"https:\/\/www.cnbb.org.br\/cnbb-app\/wp\/v2\/posts\/959232\/revisions"}],"predecessor-version":[{"id":959236,"href":"https:\/\/www.cnbb.org.br\/cnbb-app\/wp\/v2\/posts\/959232\/revisions\/959236"}],"wp:attachment":[{"href":"https:\/\/www.cnbb.org.br\/cnbb-app\/wp\/v2\/media?parent=959232"}],"wp:term":[{"taxonomy":"category","embeddable":true,"href":"https:\/\/www.cnbb.org.br\/cnbb-app\/wp\/v2\/categories?post=959232"},{"taxonomy":"post_tag","embeddable":true,"href":"https:\/\/www.cnbb.org.br\/cnbb-app\/wp\/v2\/tags?post=959232"}],"curies":[{"name":"wp","href":"https:\/\/api.w.org\/{rel}","templated":true}]}}