{"id":959327,"date":"2024-03-05T14:33:30","date_gmt":"2024-03-05T17:33:30","guid":{"rendered":"https:\/\/www.cnbb.org.br\/?p=959327"},"modified":"2024-03-05T14:43:47","modified_gmt":"2024-03-05T17:43:47","slug":"igrejas-convidadas-promover-24-horas-para-o-senhor","status":"publish","type":"post","link":"https:\/\/www.cnbb.org.br\/igrejas-convidadas-promover-24-horas-para-o-senhor\/","title":{"rendered":"Igrejas do mundo inteiro s\u00e3o convidadas a promover as \u201c24 horas para o Senhor\u201d"},"content":{"rendered":"<p style=\"text-align: justify;\">Na pr\u00f3xima sexta-feira, 8 de mar\u00e7o, ser\u00e1 realizada a iniciativa quaresmal de ora\u00e7\u00e3o e reconcilia\u00e7\u00e3o &#8220;24 horas para o Senhor&#8221;, promovida pelo Dicast\u00e9rio para a Evangeliza\u00e7\u00e3o. Esta \u00e9 a d\u00e9cima primeira edi\u00e7\u00e3o e ter\u00e1 como lema &#8220;Caminhar numa vida nova&#8221;, inspirado na passagem da Carta aos Romanos (Rm 6, 4). Em Roma, o Papa Francisco vai celebrar na par\u00f3quia de S\u00e2o Pio V, no bairro Aurelio, com atendimento de confiss\u00f5es.<\/p>\n<p style=\"text-align: justify;\">O evento come\u00e7a na sexta-feira, 8, e percorre todo o s\u00e1bado, 9, v\u00e9spera do quarto domingo da Quaresma, e se celebra nas dioceses do mundo inteiro. Par\u00f3quias e comunidades crist\u00e3s s\u00e3o convidadas a aberturas extraordin\u00e1rias das igrejas, para oferecer a possibilidade dos fi\u00e9is pararem em momento de adora\u00e7\u00e3o e tamb\u00e9m como oportunidade para se confessarem.<\/p>\n<p style=\"text-align: justify;\">Um subs\u00eddio lit\u00fargico-pastoral para o momento foi preparado pelo Dicast\u00e9rio para a Evangeliza\u00e7\u00e3o com uma reflex\u00e3o sobre Sacramento da Reconcilia\u00e7\u00e3o, a abordagem da ora\u00e7\u00e3o pessoal atrav\u00e9s da Palavra de Deus e sugest\u00f5es para a celebra\u00e7\u00e3o em comunidade, com a catequese do Papa Francisco sobre o perd\u00e3o. O material pode ser baixado gratuitamente em portugu\u00eas e outras 5 l\u00ednguas, como ingl\u00eas e espanhol, atrav\u00e9s do site do dicast\u00e9rio: www.evangelizatio.va. <a href=\"http:\/\/www.evangelizatio.va\/content\/dam\/pcpne\/image\/24ore\/2024\/PDF\/PT_24%20ORE-SUSSIDIO.PDF\" target=\"_blank\" rel=\"noopener\">Baixe aqui a vers\u00e3o em Portugu\u00eas<\/a>.<\/p>\n<p style=\"text-align: justify;\">Segundo o pr\u00f3-prefeito do dicast\u00e9rio, dom Rino Fisichella, o objetivo da iniciativa penitencial &#8220;\u00e9 colocar o Sacramento da Reconcilia\u00e7\u00e3o novamente no centro da vida pastoral da Igreja, portanto, das nossas comunidades, das nossas par\u00f3quias, de todas as realidades eclesiais&#8221;. Fisichella ressalta o lugar central da miseric\u00f3rdia no Evangelho: &#8220;a Miseric\u00f3rdia de Deus, que nos d\u00e1 a certeza de que diante do Senhor ningu\u00e9m encontrar\u00e1 um juiz, mas, sim, um pai que o acolhe, o consola e tamb\u00e9m lhe mostra o caminho da renova\u00e7\u00e3o&#8221;.<\/p>\n<p style=\"text-align: justify;\">No Brasil, v\u00e1rias Igrejas Particulares v\u00e3o promover a\u00e7\u00f5es para celebrar as &#8220;24 horas para o Senhor&#8221;, como vig\u00edlias, momentos de ora\u00e7\u00e3o, Hora Santa com adora\u00e7\u00e3o ao Sant\u00edssimo Sacramento, confiss\u00f5es, entre outras atividades. \u00c9 o caso, por exemplo, da <a href=\"https:\/\/arquidioceserp.org.br\/arquidiocese-divulga-programacao-da-iniciativa-24-horas-para-o-senhor-2024\/\" target=\"_blank\" rel=\"noopener\">arquidiocese de Ribeir\u00e3o Preto<\/a>, da <a href=\"https:\/\/www.diocesesaocarlos.org.br\/xi-24-horas-para-o-senhor-sao-carlos\/\" target=\"_blank\" rel=\"noopener\">diocese de S\u00e3o Carlos (SP)<\/a>, da <a href=\"https:\/\/dioceseitabira.org.br\/noticia\/diocese-de-itabira-coronel-fabriciano-se-prepara-para-as-24-horas-para-o-senhor-missa-confissao-e-vigilia-eucaristica\/\" target=\"_blank\" rel=\"noopener\">diocese de Itabira-Coronel Fabriciano (MG)<\/a>, da <a href=\"https:\/\/arqnit.org.br\/portal\/2024\/02\/27\/24-horas-para-o-senhor-na-igreja-matriz-de-sao-goncalo\/\" target=\"_blank\" rel=\"noopener\">arquidiocese de Niter\u00f3i (RJ)<\/a> e\u00a0da <a href=\"https:\/\/www.instagram.com\/p\/C32me-nu6tW\/?utm_source=ig_web_copy_link&amp;igsh=MzRlODBiNWFlZA==\" target=\"_blank\" rel=\"noopener\">diocese de Cama\u00e7ari (BA)<\/a>.<\/p>\n<p>&nbsp;<\/p>\n<pre>Com informa\u00e7\u00f5es de Vatican News<\/pre>\n","protected":false},"excerpt":{"rendered":"<p>Papa Francisco vai celebrar a jornada penitencial em uma par\u00f3quia de Roma, na sexta-feira, 8 de mar\u00e7o. O Dicast\u00e9rio para a Evangeliza\u00e7\u00e3o disponibilizou recurso pastoral em v\u00e1rias l\u00ednguas para preparar os fi\u00e9is para o momento de ora\u00e7\u00e3o e para a confiss\u00e3o sacramental. Baixe a vers\u00e3o em Portugu\u00eas<\/p>\n","protected":false},"author":38,"featured_media":959342,"comment_status":"closed","ping_status":"closed","sticky":false,"template":"","format":"standard","meta":{"site-sidebar-layout":"default","site-content-layout":"default","ast-global-header-display":"","ast-banner-title-visibility":"","ast-main-header-display":"","ast-hfb-above-header-display":"","ast-hfb-below-header-display":"","ast-hfb-mobile-header-display":"","site-post-title":"","ast-breadcrumbs-content":"","ast-featured-img":"","footer-sml-layout":"","theme-transparent-header-meta":"default","adv-header-id-meta":"","stick-header-meta":"","header-above-stick-meta":"","header-main-stick-meta":"","header-below-stick-meta":""},"categories":[50,865],"tags":[4366],"acf":[],"_links":{"self":[{"href":"https:\/\/www.cnbb.org.br\/cnbb-app\/wp\/v2\/posts\/959327"}],"collection":[{"href":"https:\/\/www.cnbb.org.br\/cnbb-app\/wp\/v2\/posts"}],"about":[{"href":"https:\/\/www.cnbb.org.br\/cnbb-app\/wp\/v2\/types\/post"}],"author":[{"embeddable":true,"href":"https:\/\/www.cnbb.org.br\/cnbb-app\/wp\/v2\/users\/38"}],"replies":[{"embeddable":true,"href":"https:\/\/www.cnbb.org.br\/cnbb-app\/wp\/v2\/comments?post=959327"}],"version-history":[{"count":5,"href":"https:\/\/www.cnbb.org.br\/cnbb-app\/wp\/v2\/posts\/959327\/revisions"}],"predecessor-version":[{"id":959346,"href":"https:\/\/www.cnbb.org.br\/cnbb-app\/wp\/v2\/posts\/959327\/revisions\/959346"}],"wp:featuredmedia":[{"embeddable":true,"href":"https:\/\/www.cnbb.org.br\/cnbb-app\/wp\/v2\/media\/959342"}],"wp:attachment":[{"href":"https:\/\/www.cnbb.org.br\/cnbb-app\/wp\/v2\/media?parent=959327"}],"wp:term":[{"taxonomy":"category","embeddable":true,"href":"https:\/\/www.cnbb.org.br\/cnbb-app\/wp\/v2\/categories?post=959327"},{"taxonomy":"post_tag","embeddable":true,"href":"https:\/\/www.cnbb.org.br\/cnbb-app\/wp\/v2\/tags?post=959327"}],"curies":[{"name":"wp","href":"https:\/\/api.w.org\/{rel}","templated":true}]}}