{"id":959677,"date":"2024-03-07T14:15:13","date_gmt":"2024-03-07T17:15:13","guid":{"rendered":"https:\/\/www.cnbb.org.br\/?p=959677"},"modified":"2024-03-07T14:16:07","modified_gmt":"2024-03-07T17:16:07","slug":"assembleia-do-conselho-pastoral-dos-pescadores-mergulha-na-memoria-e-aponta-para-o-futuro-do-trabalho-pastoral","status":"publish","type":"post","link":"https:\/\/www.cnbb.org.br\/assembleia-do-conselho-pastoral-dos-pescadores-mergulha-na-memoria-e-aponta-para-o-futuro-do-trabalho-pastoral\/","title":{"rendered":"Assembleia do Conselho Pastoral dos Pescadores mergulha na mem\u00f3ria e aponta para o futuro do trabalho pastoral"},"content":{"rendered":"<p style=\"text-align: justify;\">Foi encerrada na tarde da sexta-feira, 1\u00ba de mar\u00e7o,\u00a0 a Assembleia Nacional do Conselho Pastoral dos Pescadores (CPP), no Recanto do Pescador, em Olinda (PE). A manh\u00e3 do \u00faltimo dia foi reservada aos debates das pol\u00edticas de Sustentabilidade e de Voluntariado do CPP, que est\u00e3o em processo de constru\u00e7\u00e3o e di\u00e1logo dentro da institui\u00e7\u00e3o. As reflex\u00f5es devem seguir agora para os regionais da pastoral.<\/p>\n<p style=\"text-align: justify;\">Uma missa de envio celebrada pelo presidente do CPP, o bispo da prelazia de Tef\u00e9 (AM), dom Jos\u00e9 Altevir, serviu para finalizar os cinco dias de encontro que tinha o objetivo de analisar a conjuntura pol\u00edtica nacional e internacional, al\u00e9m de avaliar e planejar as a\u00e7\u00f5es executadas pela pastoral no ano de 2024. No mesmo dia ainda foi aprovada uma mo\u00e7\u00e3o de apoio ao arcebispo de Olinda e Recife, dom Paulo Jackson, por conta dos ataques da extrema direita que o bispo tem sofrido por ter defendido a Campanha da Fraternidade 2024.<\/p>\n<blockquote>\n<p style=\"text-align: justify;\">&#8220;A Assembleia Nacional do CPP foi encerrada com um sinal de grande alegria e de esperan\u00e7a. Foi uma Assembleia de planejamento, de avalia\u00e7\u00e3o, mas tamb\u00e9m foi uma Assembleia de reatar cada vez mais a comunh\u00e3o entre os irm\u00e3os e irm\u00e3s de caminhada. De modo que, ao sairmos desta Assembleia, estamos convictos que o novo caminho est\u00e1 recome\u00e7ando. O caminho com mais for\u00e7a, com mais \u00e2nimo, mais s\u00f3lido, um caminho mais marcado pela esperan\u00e7a, sabendo que n\u00f3s, como irm\u00e3os e irm\u00e3s de caminhada, n\u00f3s temos uma miss\u00e3o muito grande a ser vivenciada. Pescadores e pescadoras. Eles aguardam por nossa presen\u00e7a e eles contam com a nossa ajuda&#8221;, analisa Dom Altevir.<\/p>\n<\/blockquote>\n<p style=\"text-align: justify;\">Na Assembleia ainda foi feita uma homenagem \u00e0 importantes nomes que colaboraram para a funda\u00e7\u00e3o e consolida\u00e7\u00e3o do trabalho do CPP ao longo dos 55 anos de exist\u00eancia da pastoral. Uma missa fez mem\u00f3ria do fundador da pastoral dos pescadores, frei Alfredo Schnuettgen, do ex-secret\u00e1rio executivo, Bernardo Siry, de irm\u00e3 Nilza Montenegro e do ex-presidente do CPP, dom Jos\u00e9 Haring.<\/p>\n<p style=\"text-align: justify;\">Durante a celebra\u00e7\u00e3o, agentes do CPP reuniram-se para homenagear aqueles cujas contribui\u00e7\u00f5es foram fundamentais para a constru\u00e7\u00e3o e consolida\u00e7\u00e3o do Conselho ao longo dos anos. A presen\u00e7a no Convento de Santo Ant\u00f4nio, um local simb\u00f3lico para a hist\u00f3ria da pastoral, refor\u00e7ou o compromisso do CPP em preservar a mem\u00f3ria dos irm\u00e3os e irm\u00e3s vision\u00e1rios que moldaram o caminho da pastoral.<\/p>\n<h3 style=\"text-align: justify;\"><strong>Conjuntura pol\u00edtica, eclesial e sinodalidade s\u00e3o debatidos<\/strong><\/h3>\n<p style=\"text-align: justify;\"><img decoding=\"async\" loading=\"lazy\" class=\"size-medium wp-image-959686 alignleft\" src=\"https:\/\/www.cnbb.org.br\/wp-content\/uploads\/2024\/03\/conjunto-300x225.jpg\" alt=\"\" width=\"300\" height=\"225\" srcset=\"https:\/\/www.cnbb.org.br\/wp-content\/uploads\/2024\/03\/conjunto-300x225.jpg 300w, https:\/\/www.cnbb.org.br\/wp-content\/uploads\/2024\/03\/conjunto-1024x769.jpg 1024w, https:\/\/www.cnbb.org.br\/wp-content\/uploads\/2024\/03\/conjunto-768x577.jpg 768w, https:\/\/www.cnbb.org.br\/wp-content\/uploads\/2024\/03\/conjunto-500x375.jpg 500w, https:\/\/www.cnbb.org.br\/wp-content\/uploads\/2024\/03\/conjunto-800x600.jpg 800w, https:\/\/www.cnbb.org.br\/wp-content\/uploads\/2024\/03\/conjunto.jpg 1200w\" sizes=\"(max-width: 300px) 100vw, 300px\" \/>As an\u00e1lises de conjuntura pol\u00edtica identificaram o avan\u00e7o do capitalismo como uma amea\u00e7a \u00e0s comunidades pesqueiras. Influ\u00eancias das pol\u00edticas do norte global tem impactado no sul global, como a Guerra da Ucr\u00e2nia que tem incentivado a expans\u00e3o das usinas e\u00f3licas no nordeste para a produ\u00e7\u00e3o de Hidrog\u00eanio Verde, amea\u00e7ando assim os territ\u00f3rios dos pescadores e pescadoras artesanais.<\/p>\n<p style=\"text-align: justify;\">\u201cA rela\u00e7\u00e3o entre norte e sul global faz com que os interesses dos capitalistas do norte global, fluam para as disputas territoriais no sul do globo\u201d, reflete Cristiane Faustino do Instituto Terramar. Cristiane defende que a conquista de direitos trouxe como consequ\u00eancia o aumento da extrema direita. \u201cAs mulheres e a popula\u00e7\u00e3o negra avan\u00e7aram no ponto de vista dos direitos e por isso h\u00e1 uma rea\u00e7\u00e3o a esse processo, com o crescimento da extrema direita e da viol\u00eancia contra os corpos\u201d, aponta.<\/p>\n<p style=\"text-align: justify;\">J\u00e1 Ormezita Barbosa fez um panorama sobre o contexto das pol\u00edticas p\u00fablicas para a pesca artesanal. Ela tamb\u00e9m demonstrou preocupa\u00e7\u00e3o com as pol\u00edticas para as mudan\u00e7as clim\u00e1ticas. \u201cHouve o agravamento das mudan\u00e7as clim\u00e1ticas e h\u00e1 a inexist\u00eancia de medidas e pol\u00edticas que pensem a partir das origens das mudan\u00e7as clim\u00e1ticas. Temos que pensar pol\u00edticas que n\u00e3o fiquem restritas a distribui\u00e7\u00e3o de aux\u00edlios emergenciais\u201d, pontua.<\/p>\n<p style=\"text-align: justify;\">Roberto Malvezzi, na an\u00e1lise de conjuntura eclesial, defendeu a manuten\u00e7\u00e3o da metodologia utilizada pelas pastorais sociais. \u201cA metodologia da Teologia da Liberta\u00e7\u00e3o \u00e9 a de querermos que o povo se organize, seja sujeito da sua hist\u00f3ria para conseguir a sua emancipa\u00e7\u00e3o. N\u00f3s n\u00e3o podemos renunciar a essa metodologia de ter proximidade com o povo, de promover o trabalho de organiza\u00e7\u00e3o e conscientiza\u00e7\u00e3o\u201d, defende.<\/p>\n<p style=\"text-align: justify;\">Os participantes da Assembleia tamb\u00e9m se dividiram em grupos de trabalho para debaterem e aprofundarem no relat\u00f3rio s\u00edntese \u201cUma Igreja Sinodal em Miss\u00e3o\u201d, constru\u00eddo na XVI Assembleia Geral Ordin\u00e1rio do S\u00ednodo dos Bispos. A ideia \u00e9 que seja constru\u00eddo um documento sobre o entendimento do CPP sobre a Igreja Sinodal.<\/p>\n<h3 style=\"text-align: justify;\"><strong>Troca de experi\u00eancias e constru\u00e7\u00e3o das a\u00e7\u00f5es para 2024<\/strong><\/h3>\n<p style=\"text-align: justify;\">Experi\u00eancias exitosas de trabalho pastoral foram compartilhadas pelos participantes da Assembleia Nacional do CPP durante o segundo e terceiro dias do encontro. O objetivo das partilhas foi conhecer as experi\u00eancias que est\u00e3o sendo realizadas em outros regionais, aprender com os \u00eaxitos e as dificuldades enfrentadas e assim inspirarem o trabalho que \u00e9 realizado na base com as comunidades pesqueiras. <img decoding=\"async\" loading=\"lazy\" class=\"size-medium wp-image-959687 alignleft\" src=\"https:\/\/www.cnbb.org.br\/wp-content\/uploads\/2024\/03\/IMG_20240227_143647-300x225.jpg\" alt=\"\" width=\"300\" height=\"225\" srcset=\"https:\/\/www.cnbb.org.br\/wp-content\/uploads\/2024\/03\/IMG_20240227_143647-300x225.jpg 300w, https:\/\/www.cnbb.org.br\/wp-content\/uploads\/2024\/03\/IMG_20240227_143647-1024x768.jpg 1024w, https:\/\/www.cnbb.org.br\/wp-content\/uploads\/2024\/03\/IMG_20240227_143647-768x576.jpg 768w, https:\/\/www.cnbb.org.br\/wp-content\/uploads\/2024\/03\/IMG_20240227_143647-500x375.jpg 500w, https:\/\/www.cnbb.org.br\/wp-content\/uploads\/2024\/03\/IMG_20240227_143647-800x600.jpg 800w, https:\/\/www.cnbb.org.br\/wp-content\/uploads\/2024\/03\/IMG_20240227_143647.jpg 1200w\" sizes=\"(max-width: 300px) 100vw, 300px\" \/><\/p>\n<p style=\"text-align: justify;\">Cada um dos 8 regionais ficou respons\u00e1vel por apresentar uma experi\u00eancia, relatando os aprendizados, os problemas enfrentados e as conquistas obtidas pelos projetos. O momento chamado de \u201cAfluente da Mem\u00f3ria\u201d foi assessorado por Adriano Martins, do Centro de Assessoria e Apoio a Iniciativas Sociais (CAIS). \u201cA\u00e7\u00f5es concretas est\u00e3o sendo desenvolvidas e a nossa tarefa \u00e9 construir aprendizados. O nosso exerc\u00edcio \u00e9 o de olhar com curiosidade, de maneira amorosa, mas tamb\u00e9m cr\u00edtica\u201d, sugeriu Adriano.<\/p>\n<p style=\"text-align: justify;\">Na ocasi\u00e3o tamb\u00e9m foram apresentados os levantamentos das atividades realizadas pelas Secretarias durante o ano de 2023. Em seguida os participantes tiveram a oportunidade de fazerem propostas para o trabalho que \u00e9 desenvolvido pelo CPP Nacional e planejar as a\u00e7\u00f5es para o ano de 2024.<\/p>\n<blockquote>\n<p style=\"text-align: justify;\">&#8220;Estamos aqui nessa Assembleia do CPP nos confraternizando e ao mesmo tempo buscando nas atividades se capacitar cada vez mais para trabalhar em nossos regionais. Este trabalho de base tem que ser feito e \u00e9 aqui que a gente busca o conhecimento para as a\u00e7\u00f5es que temos que fazer para esse trabalho continue. A Institui\u00e7\u00e3o pastoral \u00e9 que nos d\u00e1 essa base. \u00c9 um grande momento de Confraterniza\u00e7\u00e3o, onde a gente encontra os amigos que j\u00e1 passaram por aqui, conhece outros amigos novos, assim a gente vai caminhando. Na certeza de que em comunh\u00e3o com a Igreja, a gente nos fortalece e tamb\u00e9m fortalece os nossos irm\u00e3os e irm\u00e3s pescadores e pescadoras&#8221;, finaliza a agente de pastoral, Regina Meura do regional Sul.<\/p>\n<\/blockquote>\n<p>&nbsp;<\/p>\n<pre><a href=\"https:\/\/www.cppnacional.org.br\/noticia\/assembleia-do-cpp-mergulha-na-mem%C3%B3ria-para-apontar-para-o-futuro-do-trabalho-pastoral\" target=\"_blank\" rel=\"noopener\">Assessoria de Comunica\u00e7\u00e3o do CPP<\/a><\/pre>\n","protected":false},"excerpt":{"rendered":"<p>Uma missa de envio celebrada pelo presidente do CPP, o bispo da prelazia de Tef\u00e9 (AM), dom Jos\u00e9 Altevir, serviu para finalizar os cinco dias de encontro que tinha o objetivo de analisar a conjuntura pol\u00edtica nacional e internacional, al\u00e9m de avaliar e planejar as a\u00e7\u00f5es executadas pela pastoral no ano de 2024<\/p>\n","protected":false},"author":141,"featured_media":959681,"comment_status":"closed","ping_status":"closed","sticky":false,"template":"","format":"standard","meta":{"site-sidebar-layout":"default","site-content-layout":"default","ast-global-header-display":"","ast-banner-title-visibility":"","ast-main-header-display":"","ast-hfb-above-header-display":"","ast-hfb-below-header-display":"","ast-hfb-mobile-header-display":"","site-post-title":"","ast-breadcrumbs-content":"","ast-featured-img":"","footer-sml-layout":"","theme-transparent-header-meta":"default","adv-header-id-meta":"","stick-header-meta":"","header-above-stick-meta":"","header-main-stick-meta":"","header-below-stick-meta":""},"categories":[50,919],"tags":[2260],"acf":[],"_links":{"self":[{"href":"https:\/\/www.cnbb.org.br\/cnbb-app\/wp\/v2\/posts\/959677"}],"collection":[{"href":"https:\/\/www.cnbb.org.br\/cnbb-app\/wp\/v2\/posts"}],"about":[{"href":"https:\/\/www.cnbb.org.br\/cnbb-app\/wp\/v2\/types\/post"}],"author":[{"embeddable":true,"href":"https:\/\/www.cnbb.org.br\/cnbb-app\/wp\/v2\/users\/141"}],"replies":[{"embeddable":true,"href":"https:\/\/www.cnbb.org.br\/cnbb-app\/wp\/v2\/comments?post=959677"}],"version-history":[{"count":8,"href":"https:\/\/www.cnbb.org.br\/cnbb-app\/wp\/v2\/posts\/959677\/revisions"}],"predecessor-version":[{"id":959690,"href":"https:\/\/www.cnbb.org.br\/cnbb-app\/wp\/v2\/posts\/959677\/revisions\/959690"}],"wp:featuredmedia":[{"embeddable":true,"href":"https:\/\/www.cnbb.org.br\/cnbb-app\/wp\/v2\/media\/959681"}],"wp:attachment":[{"href":"https:\/\/www.cnbb.org.br\/cnbb-app\/wp\/v2\/media?parent=959677"}],"wp:term":[{"taxonomy":"category","embeddable":true,"href":"https:\/\/www.cnbb.org.br\/cnbb-app\/wp\/v2\/categories?post=959677"},{"taxonomy":"post_tag","embeddable":true,"href":"https:\/\/www.cnbb.org.br\/cnbb-app\/wp\/v2\/tags?post=959677"}],"curies":[{"name":"wp","href":"https:\/\/api.w.org\/{rel}","templated":true}]}}