{"id":959808,"date":"2024-03-08T14:22:54","date_gmt":"2024-03-08T17:22:54","guid":{"rendered":"https:\/\/www.cnbb.org.br\/?p=959808"},"modified":"2024-03-08T14:23:25","modified_gmt":"2024-03-08T17:23:25","slug":"mulheres-que-sofrem","status":"publish","type":"post","link":"https:\/\/www.cnbb.org.br\/mulheres-que-sofrem\/","title":{"rendered":"Mulheres que sofrem"},"content":{"rendered":"<p style=\"text-align: right;\"><b><span data-contrast=\"none\">\u202fDom Fernando Ar\u00eaas Rifan<br \/>\nAdministra\u00e7\u00e3o Apost\u00f3lica Pessoal S\u00e3o Jo\u00e3o Maria Vianney<\/span><\/b><span data-ccp-props=\"{&quot;201341983&quot;:0,&quot;335551550&quot;:6,&quot;335551620&quot;:6,&quot;335557856&quot;:16777215,&quot;335559739&quot;:0,&quot;335559740&quot;:240}\">\u00a0<\/span><\/p>\n<p style=\"text-align: justify;\"><span data-ccp-props=\"{&quot;201341983&quot;:0,&quot;335551550&quot;:6,&quot;335551620&quot;:6,&quot;335557856&quot;:16777215,&quot;335559739&quot;:0,&quot;335559740&quot;:240}\">\u00a0<\/span><\/p>\n<p style=\"text-align: justify;\"><span data-contrast=\"none\">\u202f<\/span><span data-ccp-props=\"{&quot;201341983&quot;:0,&quot;335551550&quot;:6,&quot;335551620&quot;:6,&quot;335557856&quot;:16777215,&quot;335559739&quot;:0,&quot;335559740&quot;:240}\">\u00a0<\/span><\/p>\n<p style=\"text-align: justify;\"><span data-contrast=\"none\">Na pr\u00f3xima sexta feira, dia 8 de mar\u00e7o, o mundo comemorar\u00e1 o dia internacional da mulher. \u00c9 ocasi\u00e3o para nos lembrarmos do grande papel das mulheres em nossa vida, mulher-m\u00e3e, mulher-esposa, mulher solteira, simplesmente mulher, ao mesmo tempo em que nos vem ao cora\u00e7\u00e3o a imensa gratid\u00e3o que devemos lhe tributar.<\/span><span data-ccp-props=\"{&quot;201341983&quot;:0,&quot;335551550&quot;:6,&quot;335551620&quot;:6,&quot;335557856&quot;:16777215,&quot;335559739&quot;:0,&quot;335559740&quot;:240}\">\u00a0<\/span><\/p>\n<p style=\"text-align: justify;\"><span data-contrast=\"none\">Mas queria dedicar esse artigo, sobretudo, \u00e0s m\u00e3es que sofrem. E s\u00e3o muitas. Principalmente as que sofrem pelos filhos. As que sofrem nas guerras. E estamos nelas.<\/span><span data-ccp-props=\"{&quot;201341983&quot;:0,&quot;335551550&quot;:6,&quot;335551620&quot;:6,&quot;335557856&quot;:16777215,&quot;335559739&quot;:0,&quot;335559740&quot;:240}\">\u00a0<\/span><\/p>\n<p style=\"text-align: justify;\"><span data-contrast=\"none\">O Papa Francisco recorda o sofrimento e a dor de tantas mulheres: \u201cOlhando para Maria com o Filho nos bra\u00e7os, penso nas jovens m\u00e3es e nos seus filhos que fogem das guerras e da fome ou que esperam nos campos dos refugiados. S\u00e3o tantos! Que a Rainha da paz obtenha conc\u00f3rdia para os nossos cora\u00e7\u00f5es e para o mundo inteiro\u201d. Ele exorta a olhar para Maria a fim de que o mundo possa encontrar seu caminho atrav\u00e9s da ora\u00e7\u00e3o \u00e0 Virgem.<\/span><span data-ccp-props=\"{&quot;201341983&quot;:0,&quot;335551550&quot;:6,&quot;335551620&quot;:6,&quot;335557856&quot;:16777215,&quot;335559739&quot;:0,&quot;335559740&quot;:240}\">\u00a0<\/span><\/p>\n<p style=\"text-align: justify;\"><span data-contrast=\"none\">S\u00e3o muitas as m\u00e3es que sofrem! Principalmente nas guerras. Em l\u00e1grimas elas se despedem de seus maridos, abra\u00e7am seus filhos assustados, gritam corajosamente \u201cn\u00e3o\u201d a uma guerra que n\u00e3o pertence a ningu\u00e9m! Elas est\u00e3o sempre prontas a ajudar os soldados, at\u00e9 considerados inimigos, mas que s\u00e3o jovens assustados tamb\u00e9m e fr\u00e1geis.<\/span><span data-ccp-props=\"{&quot;201341983&quot;:0,&quot;335551550&quot;:6,&quot;335551620&quot;:6,&quot;335557856&quot;:16777215,&quot;335559739&quot;:0,&quot;335559740&quot;:240}\">\u00a0<\/span><\/p>\n<p style=\"text-align: justify;\"><span data-contrast=\"none\">Falamos da guerra entre a R\u00fassia e a Ucr\u00e2nia, que mostrou o rosto das mulheres com express\u00e3o de amor e dor. Falamos da guerra de Israel e Gaza, onde as mulheres abra\u00e7am seus filhos ensanguentados e at\u00e9 mortos. Que esse choro das mulheres chegue at\u00e9 o c\u00e9u e fa\u00e7a cessar esses conflitos onde todos perdem a raz\u00e3o.<\/span><span data-ccp-props=\"{&quot;201341983&quot;:0,&quot;335551550&quot;:6,&quot;335551620&quot;:6,&quot;335557856&quot;:16777215,&quot;335559739&quot;:0,&quot;335559740&quot;:240}\">\u00a0<\/span><\/p>\n<p style=\"text-align: justify;\"><span data-contrast=\"none\">Para essas mulheres, no Dia Internacional da Mulher dedicado a elas, nossa mensagem de amor, consolo e gratid\u00e3o ao seu cora\u00e7\u00e3o sofrido pela dor. Ferir uma mulher \u00e9 ultrajar a Deus, que recebeu a sua humanidade de uma mulher.<\/span><span data-ccp-props=\"{&quot;201341983&quot;:0,&quot;335551550&quot;:6,&quot;335551620&quot;:6,&quot;335557856&quot;:16777215,&quot;335559739&quot;:0,&quot;335559740&quot;:240}\">\u00a0<\/span><\/p>\n<p style=\"text-align: justify;\"><span data-contrast=\"none\">A viol\u00eancia contra as mulheres \u00e9 um problema quase sat\u00e2nico, disse o Papa Francisco. \u201cUma mulher me vem \u00e0 mente ao entrar na Bas\u00edlica (de S\u00e3o Pedro, onde, na entrada, est\u00e1 a est\u00e1tua da Piet\u00e1 \u2013 Nossa Senhora das Dores com Jesus morto nos bra\u00e7os). \u00c0 direita, a piedade de Nossa Senhora, Nossa Senhora humilhada diante de seu filho nu, crucificado, malfeitor aos olhos de todos. Aquela \u00e9 a m\u00e3e que o criou, totalmente humilhada. Mas ela n\u00e3o perdeu sua dignidade. E olhar aquela imagem em momentos dif\u00edceis como o de humilha\u00e7\u00e3o e onde se sente perder a dignidade, olhar aquela imagem nos d\u00e1 for\u00e7a&#8230; Olhe para Nossa Senhora, fique com essa imagem de coragem&#8230;\u201d, disse ele a uma m\u00e3e sofredora.<\/span><span data-ccp-props=\"{&quot;201341983&quot;:0,&quot;335551550&quot;:6,&quot;335551620&quot;:6,&quot;335557856&quot;:16777215,&quot;335559739&quot;:0,&quot;335559740&quot;:240}\">\u00a0<\/span><\/p>\n<p style=\"text-align: justify;\"><span data-contrast=\"none\">\u201cHumilha\u00e7\u00e3o, sofrimento e dureza de esp\u00edrito: hoje, no cora\u00e7\u00e3o de cada mulher, em momentos particulares da vida, se continua vivendo esta oscila\u00e7\u00e3o. H\u00e1 o cuidado, h\u00e1 o olhar que se apoia na fragilidade, na dor, por exemplo, dos pr\u00f3prios filhos.\u201d \u201cEsse olhar feminino \u2013 explicou o Papa \u2013 transforma o des\u00e2nimo e oferece esperan\u00e7a mesmo num cen\u00e1rio de guerra\u201d.<\/span><span data-ccp-props=\"{&quot;201341983&quot;:0,&quot;335551550&quot;:6,&quot;335551620&quot;:6,&quot;335557856&quot;:16777215,&quot;335559739&quot;:0,&quot;335559740&quot;:240}\">\u00a0<\/span><\/p>\n<p style=\"text-align: justify;\"><span data-contrast=\"none\">A todas as mulheres que sofrem o nosso consolo! E nossa ora\u00e7\u00e3o por elas.<\/span><span data-ccp-props=\"{&quot;201341983&quot;:0,&quot;335551550&quot;:6,&quot;335551620&quot;:6,&quot;335557856&quot;:16777215,&quot;335559739&quot;:0,&quot;335559740&quot;:240}\">\u00a0<\/span><\/p>\n","protected":false},"excerpt":{"rendered":"<p>\u202fDom Fernando Ar\u00eaas Rifan Administra\u00e7\u00e3o Apost\u00f3lica Pessoal S\u00e3o Jo\u00e3o Maria Vianney\u00a0 \u00a0 \u202f\u00a0 Na pr\u00f3xima sexta feira, dia 8 de mar\u00e7o, o mundo comemorar\u00e1 o dia internacional da mulher. \u00c9 ocasi\u00e3o para nos lembrarmos do grande papel das mulheres em nossa vida, mulher-m\u00e3e, mulher-esposa, mulher solteira, simplesmente mulher, ao mesmo tempo em que nos vem &hellip;<\/p>\n<p class=\"read-more\"> <a class=\"\" href=\"https:\/\/www.cnbb.org.br\/mulheres-que-sofrem\/\"> <span class=\"screen-reader-text\">Mulheres que sofrem<\/span> Leia mais &raquo;<\/a><\/p>\n","protected":false},"author":29,"featured_media":0,"comment_status":"closed","ping_status":"closed","sticky":false,"template":"","format":"standard","meta":{"site-sidebar-layout":"default","site-content-layout":"default","ast-global-header-display":"","ast-banner-title-visibility":"","ast-main-header-display":"","ast-hfb-above-header-display":"","ast-hfb-below-header-display":"","ast-hfb-mobile-header-display":"","site-post-title":"","ast-breadcrumbs-content":"","ast-featured-img":"","footer-sml-layout":"","theme-transparent-header-meta":"default","adv-header-id-meta":"","stick-header-meta":"","header-above-stick-meta":"","header-main-stick-meta":"","header-below-stick-meta":""},"categories":[758],"tags":[],"acf":[],"_links":{"self":[{"href":"https:\/\/www.cnbb.org.br\/cnbb-app\/wp\/v2\/posts\/959808"}],"collection":[{"href":"https:\/\/www.cnbb.org.br\/cnbb-app\/wp\/v2\/posts"}],"about":[{"href":"https:\/\/www.cnbb.org.br\/cnbb-app\/wp\/v2\/types\/post"}],"author":[{"embeddable":true,"href":"https:\/\/www.cnbb.org.br\/cnbb-app\/wp\/v2\/users\/29"}],"replies":[{"embeddable":true,"href":"https:\/\/www.cnbb.org.br\/cnbb-app\/wp\/v2\/comments?post=959808"}],"version-history":[{"count":2,"href":"https:\/\/www.cnbb.org.br\/cnbb-app\/wp\/v2\/posts\/959808\/revisions"}],"predecessor-version":[{"id":959810,"href":"https:\/\/www.cnbb.org.br\/cnbb-app\/wp\/v2\/posts\/959808\/revisions\/959810"}],"wp:attachment":[{"href":"https:\/\/www.cnbb.org.br\/cnbb-app\/wp\/v2\/media?parent=959808"}],"wp:term":[{"taxonomy":"category","embeddable":true,"href":"https:\/\/www.cnbb.org.br\/cnbb-app\/wp\/v2\/categories?post=959808"},{"taxonomy":"post_tag","embeddable":true,"href":"https:\/\/www.cnbb.org.br\/cnbb-app\/wp\/v2\/tags?post=959808"}],"curies":[{"name":"wp","href":"https:\/\/api.w.org\/{rel}","templated":true}]}}