{"id":959821,"date":"2024-03-11T11:01:30","date_gmt":"2024-03-11T14:01:30","guid":{"rendered":"https:\/\/www.cnbb.org.br\/?p=959821"},"modified":"2024-03-11T11:02:31","modified_gmt":"2024-03-11T14:02:31","slug":"o-aborto","status":"publish","type":"post","link":"https:\/\/www.cnbb.org.br\/o-aborto\/","title":{"rendered":"O aborto"},"content":{"rendered":"<p style=\"text-align: right;\"><strong>Dom Jo\u00e3o Bosco \u00d3liver de Faria<br \/>\nArcebispo Em\u00e9rito de Diamantina (MG)<\/strong><\/p>\n<p style=\"text-align: justify;\"><strong>\u00a0<\/strong><\/p>\n<p style=\"text-align: justify;\"><span data-contrast=\"auto\">Com cinquenta e seis anos de sacerdote e quase trinta e sete de Bispo, aprendi que a m\u00e3e que faz um aborto n\u00e3o consegue mais olhar nos olhos de seus filhos, porque v\u00ea neles o olhar do filho que ela n\u00e3o deixou nascer.<\/span><span data-ccp-props=\"{&quot;335551550&quot;:6,&quot;335551620&quot;:6}\">\u00a0<\/span><\/p>\n<p style=\"text-align: justify;\"><span data-contrast=\"auto\">Recordo-me de uma jovem amiga que, quando solteira, fez um aborto. Anos mais tarde nos encontramos em um restaurante. Saudamo-nos:<\/span><span data-ccp-props=\"{&quot;335551550&quot;:6,&quot;335551620&quot;:6}\">\u00a0<\/span><\/p>\n<p style=\"text-align: justify;\"><span data-contrast=\"auto\">&#8211; Como voc\u00ea<\/span> <span data-contrast=\"auto\">est\u00e1?<\/span><span data-ccp-props=\"{&quot;335551550&quot;:6,&quot;335551620&quot;:6}\">\u00a0<\/span><\/p>\n<p style=\"text-align: justify;\"><span data-contrast=\"auto\">&#8211; Mal.<\/span><span data-ccp-props=\"{&quot;335551550&quot;:6,&quot;335551620&quot;:6}\">\u00a0<\/span><\/p>\n<p style=\"text-align: justify;\"><span data-contrast=\"auto\">&#8211; Por qu\u00ea?<\/span><span data-ccp-props=\"{&quot;335551550&quot;:6,&quot;335551620&quot;:6}\">\u00a0<\/span><\/p>\n<p style=\"text-align: justify;\"><span data-contrast=\"auto\">&#8211; Aquele problema.<\/span><span data-ccp-props=\"{&quot;335551550&quot;:6,&quot;335551620&quot;:6}\">\u00a0<\/span><\/p>\n<p style=\"text-align: justify;\"><span data-contrast=\"auto\">&#8211; De novo?<\/span><span data-ccp-props=\"{&quot;335551550&quot;:6,&quot;335551620&quot;:6}\">\u00a0<\/span><\/p>\n<p style=\"text-align: justify;\"><span data-contrast=\"auto\">&#8211; Sim.<\/span><span data-ccp-props=\"{&quot;335551550&quot;:6,&quot;335551620&quot;:6}\">\u00a0<\/span><\/p>\n<p style=\"text-align: justify;\"><span data-contrast=\"auto\">&#8211; Como voc\u00ea<\/span> <span data-contrast=\"auto\">est\u00e1 com os filhos?<\/span><span data-ccp-props=\"{&quot;335551550&quot;:6,&quot;335551620&quot;:6}\">\u00a0<\/span><\/p>\n<p style=\"text-align: justify;\"><span data-contrast=\"auto\">&#8211; Mal.<\/span><span data-ccp-props=\"{&quot;335551550&quot;:6,&quot;335551620&quot;:6}\">\u00a0<\/span><\/p>\n<p style=\"text-align: justify;\"><span data-contrast=\"auto\">[&#8230;]<\/span><span data-ccp-props=\"{&quot;335551550&quot;:6,&quot;335551620&quot;:6}\">\u00a0<\/span><\/p>\n<p style=\"text-align: justify;\"><span data-contrast=\"auto\">S\u00f3 defende o aborto a pessoa que nunca sentiu um filho em seu seio e que, depois, nunca contemplou a beleza de seu olhar, a gratuidade de seu sorriso!<\/span><span data-ccp-props=\"{&quot;335551550&quot;:6,&quot;335551620&quot;:6}\">\u00a0<\/span><\/p>\n<p style=\"text-align: justify;\"><span data-contrast=\"auto\">O acontecimento do aborto provocado na vida de uma mulher \u00e9 uma viol\u00eancia contra o \u00edntimo de sua natureza: a maternidade. As meninas, desde crian\u00e7as, carregam com carinho suas bonecas, que sempre t\u00eam nome!<\/span><span data-ccp-props=\"{&quot;335551550&quot;:6,&quot;335551620&quot;:6}\">\u00a0<\/span><\/p>\n<p style=\"text-align: justify;\"><span data-contrast=\"auto\">O aborto \u00e9, por defini\u00e7\u00e3o, a extin\u00e7\u00e3o de uma vida humana no estado nascente. Sabemos, pela raz\u00e3o e pela f\u00e9, que o suprimir de uma vida humana nunca \u00e9 justific\u00e1vel.<\/span><span data-ccp-props=\"{&quot;335551550&quot;:6,&quot;335551620&quot;:6}\">\u00a0<\/span><\/p>\n<p style=\"text-align: justify;\"><span data-contrast=\"auto\">Tertuliano, escritor n\u00e3o crist\u00e3o, no s\u00e9culo II, escreveu: \u201c\u00c9 um homic\u00eddio antecipado impedir de nascer; pouco importa que se reprima a alma j\u00e1 nascida ou que se fa\u00e7a desaparecer ao nascer. J\u00e1 \u00e9 homem aquele que o ser\u00e1.\u201d<\/span><span data-ccp-props=\"{&quot;335551550&quot;:6,&quot;335551620&quot;:6}\">\u00a0<\/span><\/p>\n<p style=\"text-align: justify;\"><span data-contrast=\"auto\">O Papa S\u00e3o Jo\u00e3o Paulo II, em sua carta enc\u00edclica <\/span><i><span data-contrast=\"auto\">O Evangelho da Vida<\/span><\/i><span data-contrast=\"auto\">, alerta-nos para a gravidade do ato: \u201cCom a autoridade que Cristo conferiu a Pedro e aos seus sucessores, em comunh\u00e3o com os Bispos, [&#8230;] declaro que o aborto direto, isto \u00e9, querido como fim ou como meio, constitui sempre uma desordem moral grave, enquanto o matar deliberado de um ser humano inocente.\u201d (E.V. 62)<\/span><span data-ccp-props=\"{&quot;335551550&quot;:6,&quot;335551620&quot;:6}\">\u00a0<\/span><\/p>\n<p style=\"text-align: justify;\"><span data-contrast=\"auto\">A mulher \u00e9 deposit\u00e1ria da vida humana e n\u00e3o sua dona, sua propriet\u00e1ria! A vida humana nascente \u00e9 confiada aos cuidados e \u00e0 prote\u00e7\u00e3o da m\u00e3e, que tem o dever moral de preserv\u00e1-la, de fazer todo o poss\u00edvel para que a crian\u00e7a se desenvolva e nas\u00e7a saud\u00e1vel.<\/span><span data-ccp-props=\"{&quot;335551550&quot;:6,&quot;335551620&quot;:6}\">\u00a0<\/span><\/p>\n<p style=\"text-align: justify;\"><span data-contrast=\"auto\">Sob o jugo do relativismo moral contempor\u00e2neo, a lei humana pode at\u00e9 renunciar \u00e0 puni\u00e7\u00e3o, mas n\u00e3o pode declarar honesto aquilo que seria contr\u00e1rio ao direito natural, porque tal oposi\u00e7\u00e3o basta para fazer que uma lei n\u00e3o seja mais lei.<\/span><span data-ccp-props=\"{&quot;335551550&quot;:6,&quot;335551620&quot;:6}\">\u00a0<\/span><\/p>\n","protected":false},"excerpt":{"rendered":"<p>Dom Jo\u00e3o Bosco \u00d3liver de Faria Arcebispo Em\u00e9rito de Diamantina (MG) \u00a0 Com cinquenta e seis anos de sacerdote e quase trinta e sete de Bispo, aprendi que a m\u00e3e que faz um aborto n\u00e3o consegue mais olhar nos olhos de seus filhos, porque v\u00ea neles o olhar do filho que ela n\u00e3o deixou nascer.\u00a0 &hellip;<\/p>\n<p class=\"read-more\"> <a class=\"\" href=\"https:\/\/www.cnbb.org.br\/o-aborto\/\"> <span class=\"screen-reader-text\">O aborto<\/span> Leia mais &raquo;<\/a><\/p>\n","protected":false},"author":93,"featured_media":0,"comment_status":"closed","ping_status":"closed","sticky":false,"template":"","format":"standard","meta":{"site-sidebar-layout":"default","site-content-layout":"default","ast-global-header-display":"","ast-banner-title-visibility":"","ast-main-header-display":"","ast-hfb-above-header-display":"","ast-hfb-below-header-display":"","ast-hfb-mobile-header-display":"","site-post-title":"","ast-breadcrumbs-content":"","ast-featured-img":"","footer-sml-layout":"","theme-transparent-header-meta":"default","adv-header-id-meta":"","stick-header-meta":"","header-above-stick-meta":"","header-main-stick-meta":"","header-below-stick-meta":""},"categories":[758],"tags":[],"acf":[],"_links":{"self":[{"href":"https:\/\/www.cnbb.org.br\/cnbb-app\/wp\/v2\/posts\/959821"}],"collection":[{"href":"https:\/\/www.cnbb.org.br\/cnbb-app\/wp\/v2\/posts"}],"about":[{"href":"https:\/\/www.cnbb.org.br\/cnbb-app\/wp\/v2\/types\/post"}],"author":[{"embeddable":true,"href":"https:\/\/www.cnbb.org.br\/cnbb-app\/wp\/v2\/users\/93"}],"replies":[{"embeddable":true,"href":"https:\/\/www.cnbb.org.br\/cnbb-app\/wp\/v2\/comments?post=959821"}],"version-history":[{"count":2,"href":"https:\/\/www.cnbb.org.br\/cnbb-app\/wp\/v2\/posts\/959821\/revisions"}],"predecessor-version":[{"id":959823,"href":"https:\/\/www.cnbb.org.br\/cnbb-app\/wp\/v2\/posts\/959821\/revisions\/959823"}],"wp:attachment":[{"href":"https:\/\/www.cnbb.org.br\/cnbb-app\/wp\/v2\/media?parent=959821"}],"wp:term":[{"taxonomy":"category","embeddable":true,"href":"https:\/\/www.cnbb.org.br\/cnbb-app\/wp\/v2\/categories?post=959821"},{"taxonomy":"post_tag","embeddable":true,"href":"https:\/\/www.cnbb.org.br\/cnbb-app\/wp\/v2\/tags?post=959821"}],"curies":[{"name":"wp","href":"https:\/\/api.w.org\/{rel}","templated":true}]}}