{"id":959850,"date":"2024-03-11T14:38:15","date_gmt":"2024-03-11T17:38:15","guid":{"rendered":"https:\/\/www.cnbb.org.br\/?p=959850"},"modified":"2024-03-11T14:42:01","modified_gmt":"2024-03-11T17:42:01","slug":"conselho-permanente-da-cnbb-se-reune-a-partir-da-proxima-terca-12-para-definir-programacao-da-61a-assembleia-geral-da-cnbb","status":"publish","type":"post","link":"https:\/\/www.cnbb.org.br\/conselho-permanente-da-cnbb-se-reune-a-partir-da-proxima-terca-12-para-definir-programacao-da-61a-assembleia-geral-da-cnbb\/","title":{"rendered":"Conselho Permanente se re\u00fane a partir da pr\u00f3xima ter\u00e7a, 12, para definir programa\u00e7\u00e3o da 61\u00aa Assembleia Geral da CNBB"},"content":{"rendered":"<p style=\"text-align: justify;\">Nessa semana, de 12 a 14 de mar\u00e7o, o Conselho Permanente da Confer\u00eancia Nacional dos Bispos do Brasil (CNBB) se encontra na sede da institui\u00e7\u00e3o, em Bras\u00edlia (DF), para a primeira reuni\u00e3o desse ano. Dele participam a presid\u00eancia da CNBB, os presidentes das Comiss\u00f5es Episcopais e os presidentes dos 19 regionais da CNBB. Conforme prev\u00ea o Estatuto, o Conselho Permanente \u00e9 o \u00f3rg\u00e3o de orienta\u00e7\u00e3o e acompanhamento da atua\u00e7\u00e3o da CNBB e dos organismos a ela vinculados, bem como \u00f3rg\u00e3o diretivo, eletivo e deliberativo.<\/p>\n<p style=\"text-align: justify;\">A reuni\u00e3o acontece em duas sess\u00f5es, manh\u00e3 e tarde, e a sess\u00e3o de abertura ter\u00e1 in\u00edcio na ter\u00e7a, \u00e0s 8h30. Na pauta, ao longo dos tr\u00eas dias, est\u00e3o previstos momentos de reflex\u00e3o. Um deles \u00e9 sobre a 61\u00aa Assembleia Geral da CNBB, ocasi\u00e3o em que os bispos far\u00e3o apresenta\u00e7\u00e3o da proposta da programa\u00e7\u00e3o, bem como apontar\u00e3o os avan\u00e7os no texto das Diretrizes Gerais da A\u00e7\u00e3o Evangelizadora da Igreja no Brasil (DGAE).<\/p>\n<p style=\"text-align: justify;\">As \u00faltimas novidades do Jubileu 2025, que tem como tema &#8220;Peregrinos da Esperan\u00e7a&#8221;, tamb\u00e9m ser\u00e3o apresentadas ao Conselho, assim como as da Campanha da Fraternidade 2026. Na reuni\u00e3o, os prelados ter\u00e3o a oportunidade, ainda, de compartilhar informes sobre os regionais, as comiss\u00f5es episcopais e informes econ\u00f4micos. A reuni\u00e3o se encerra no dia 14, \u00e0s 12h, com a \u00faltima sess\u00e3o.<\/p>\n","protected":false},"excerpt":{"rendered":"<p>Nessa semana, de 12 a 14 de mar\u00e7o, o Conselho Permanente da Confer\u00eancia Nacional dos Bispos do Brasil (CNBB) se encontra na sede da institui\u00e7\u00e3o, em Bras\u00edlia (DF), para a primeira reuni\u00e3o desse ano. Dele participam a presid\u00eancia da CNBB, os presidentes das Comiss\u00f5es Episcopais e os presidentes dos 19 regionais da CNBB. Conforme prev\u00ea &hellip;<\/p>\n<p class=\"read-more\"> <a class=\"\" href=\"https:\/\/www.cnbb.org.br\/conselho-permanente-da-cnbb-se-reune-a-partir-da-proxima-terca-12-para-definir-programacao-da-61a-assembleia-geral-da-cnbb\/\"> <span class=\"screen-reader-text\">Conselho Permanente se re\u00fane a partir da pr\u00f3xima ter\u00e7a, 12, para definir programa\u00e7\u00e3o da 61\u00aa Assembleia Geral da CNBB<\/span> Leia mais &raquo;<\/a><\/p>\n","protected":false},"author":141,"featured_media":959862,"comment_status":"closed","ping_status":"closed","sticky":false,"template":"","format":"standard","meta":{"site-sidebar-layout":"default","site-content-layout":"default","ast-global-header-display":"","ast-banner-title-visibility":"","ast-main-header-display":"","ast-hfb-above-header-display":"","ast-hfb-below-header-display":"","ast-hfb-mobile-header-display":"","site-post-title":"","ast-breadcrumbs-content":"","ast-featured-img":"","footer-sml-layout":"","theme-transparent-header-meta":"default","adv-header-id-meta":"","stick-header-meta":"","header-above-stick-meta":"","header-main-stick-meta":"","header-below-stick-meta":""},"categories":[834,1841],"tags":[1850,3053],"acf":[],"_links":{"self":[{"href":"https:\/\/www.cnbb.org.br\/cnbb-app\/wp\/v2\/posts\/959850"}],"collection":[{"href":"https:\/\/www.cnbb.org.br\/cnbb-app\/wp\/v2\/posts"}],"about":[{"href":"https:\/\/www.cnbb.org.br\/cnbb-app\/wp\/v2\/types\/post"}],"author":[{"embeddable":true,"href":"https:\/\/www.cnbb.org.br\/cnbb-app\/wp\/v2\/users\/141"}],"replies":[{"embeddable":true,"href":"https:\/\/www.cnbb.org.br\/cnbb-app\/wp\/v2\/comments?post=959850"}],"version-history":[{"count":13,"href":"https:\/\/www.cnbb.org.br\/cnbb-app\/wp\/v2\/posts\/959850\/revisions"}],"predecessor-version":[{"id":959869,"href":"https:\/\/www.cnbb.org.br\/cnbb-app\/wp\/v2\/posts\/959850\/revisions\/959869"}],"wp:featuredmedia":[{"embeddable":true,"href":"https:\/\/www.cnbb.org.br\/cnbb-app\/wp\/v2\/media\/959862"}],"wp:attachment":[{"href":"https:\/\/www.cnbb.org.br\/cnbb-app\/wp\/v2\/media?parent=959850"}],"wp:term":[{"taxonomy":"category","embeddable":true,"href":"https:\/\/www.cnbb.org.br\/cnbb-app\/wp\/v2\/categories?post=959850"},{"taxonomy":"post_tag","embeddable":true,"href":"https:\/\/www.cnbb.org.br\/cnbb-app\/wp\/v2\/tags?post=959850"}],"curies":[{"name":"wp","href":"https:\/\/api.w.org\/{rel}","templated":true}]}}