{"id":960004,"date":"2024-03-14T11:09:26","date_gmt":"2024-03-14T14:09:26","guid":{"rendered":"https:\/\/www.cnbb.org.br\/?p=960004"},"modified":"2024-03-15T15:37:49","modified_gmt":"2024-03-15T18:37:49","slug":"comissao-episcopal-para-a-juventude-lanca-projeto-cuidar-da-vida-de-prevencao-ao-suicidio-entre-jovens","status":"publish","type":"post","link":"https:\/\/www.cnbb.org.br\/comissao-episcopal-para-a-juventude-lanca-projeto-cuidar-da-vida-de-prevencao-ao-suicidio-entre-jovens\/","title":{"rendered":"Comiss\u00e3o Episcopal para a Juventude lan\u00e7a projeto \u201cCuidar da Vida\u201d de preven\u00e7\u00e3o ao suic\u00eddio entre jovens"},"content":{"rendered":"<p style=\"text-align: justify;\">A Comiss\u00e3o Episcopal para a Juventude da Confer\u00eancia Nacional dos Bispos do Brasil (CNBB) lan\u00e7a o projeto <a href=\"https:\/\/jovensconectados.org.br\/mdocs-posts\/ao-seu-lado-plano-nacional\" target=\"_blank\" rel=\"noopener\">&#8220;<strong>Cuidar da Vida &#8211; Preven\u00e7\u00e3o ao Suic\u00eddio de Adolescentes e Jovens<\/strong>&#8220;<\/a>, a ser desenvolvido com a Pastoral Juvenil e a Pastoral da Educa\u00e7\u00e3o em vista de capacitar agentes e formar l\u00edderes em todo pa\u00eds que possam ser multiplicadores da forma\u00e7\u00e3o de outras lideran\u00e7as locais.<\/p>\n<p style=\"text-align: justify;\"><img decoding=\"async\" loading=\"lazy\" class=\"size-medium wp-image-960017 alignleft\" src=\"https:\/\/www.cnbb.org.br\/wp-content\/uploads\/2024\/03\/Ao-Seu-lado-capa-200x300.png\" alt=\"\" width=\"200\" height=\"300\" srcset=\"https:\/\/www.cnbb.org.br\/wp-content\/uploads\/2024\/03\/Ao-Seu-lado-capa-200x300.png 200w, https:\/\/www.cnbb.org.br\/wp-content\/uploads\/2024\/03\/Ao-Seu-lado-capa.png 347w\" sizes=\"(max-width: 200px) 100vw, 200px\" \/>O lan\u00e7amento acontece no Encontro Nacional de Bispos Referenciais e Assessores de Juventudes dos 19 regionais da CNBB que acontece dias 14 e 15 de mar\u00e7o na Casa Dom Luciano, na Asa Norte, em Bras\u00edlia. O projeto &#8220;Cuidar da Vida&#8221; \u00e9 uma das a\u00e7\u00f5es do <a href=\"https:\/\/jovensconectados.org.br\/projeto-de-evangelizacao-das-juventudes-ao-seu-lado-chega-a-sua-2a-edicao.html\" target=\"_blank\" rel=\"noopener\">Plano de Pastoral Juvenil da Igreja no Brasil &#8220;Ao Seu Lado&#8221;<\/a> que teve uma segunda edi\u00e7\u00e3o lan\u00e7ada em fevereiro deste ano.<\/p>\n<p style=\"text-align: justify;\">Tamb\u00e9m no s\u00e1bado e domingo, a a\u00e7\u00e3o ser\u00e1 lan\u00e7ada em reuni\u00e3o da Comiss\u00e3o para a Juventude e a Coordena\u00e7\u00e3o Nacional de Jovens e Jovens Conectados, no mesmo local.<\/p>\n<p style=\"text-align: justify;\">De acordo com o bispo de Imperatriz (MA) e presidente da Comiss\u00e3o Episcopal para a Juventude, dom Vilson Basso, o projeto &#8220;Cuidar da Vida&#8221; \u00e9 uma iniciativa, organizada pelas juventudes da Igreja no Brasil e pela Comiss\u00e3o da CNBB, que busca dar uma resposta ao fato apontado pela Organiza\u00e7\u00e3o Mundial de Sa\u00fade (OMS) de que o suic\u00eddio \u00e9 a segunda maior causa de morte entre jovens de 18 a 29 anos.<\/p>\n<blockquote><p>&#8220;A promo\u00e7\u00e3o da vida das juventudes em nosso pa\u00eds \u00e9 urg\u00eancia que se faz sentir a cada dia e este projeto \u00e9 uma resposta concreta aos apelos pela vida em plenitude para os jovens brasileiros'&#8221;, afirmou dom Vilson.<\/p><\/blockquote>\n<p style=\"text-align: justify;\">A proposta pedag\u00f3gica dos minicursos (ver cronograma abaixo) foi criada por um grupo de especialistas, sendo 6 psic\u00f3logos e 1 suicid\u00f3logo, todos envolvidos na evangeliza\u00e7\u00e3o das juventudes, e \u00e9 voltado para as lideran\u00e7as que atuam diretamente com adolescentes e jovens em contexto pastoral. Os encontros ser\u00e3o por macrorregi\u00f5es e ter\u00e3o vagas limitadas.<\/p>\n<p>Dom Vilson gravou um v\u00eddeo convidado a Igreja no Brasil a se somar \u00e0 esta causa:<\/p>\n<div class=\"ast-oembed-container\" style=\"height: 100%;\"><iframe loading=\"lazy\" title=\"Dom Vilson Reunio\u0303es\" width=\"500\" height=\"281\" src=\"https:\/\/www.youtube.com\/embed\/wnJm3g6tlfU?feature=oembed\" frameborder=\"0\" allow=\"accelerometer; autoplay; clipboard-write; encrypted-media; gyroscope; picture-in-picture; web-share\" allowfullscreen><\/iframe><\/div>\n<h3><\/h3>\n<h3>Informa\u00e7\u00f5es sobre o curso<\/h3>\n<p style=\"text-align: justify;\"><img decoding=\"async\" loading=\"lazy\" class=\"size-medium wp-image-932556 alignright\" src=\"https:\/\/www.cnbb.org.br\/wp-content\/uploads\/2022\/10\/ao-seu-lado-capa--300x188.jpg\" alt=\"\" width=\"300\" height=\"188\" srcset=\"https:\/\/www.cnbb.org.br\/wp-content\/uploads\/2022\/10\/ao-seu-lado-capa--300x188.jpg 300w, https:\/\/www.cnbb.org.br\/wp-content\/uploads\/2022\/10\/ao-seu-lado-capa--500x313.jpg 500w, https:\/\/www.cnbb.org.br\/wp-content\/uploads\/2022\/10\/ao-seu-lado-capa-.jpg 720w\" sizes=\"(max-width: 300px) 100vw, 300px\" \/>O Projeto \u201cCuidar da vida \u2013 Preven\u00e7\u00e3o de suic\u00eddio entre adolescentes e jovens\u201d, da Comiss\u00e3o Episcopal para a Juventude da CNBB tem como objetivo a forma\u00e7\u00e3o de multiplicadores que possam atuar na preven\u00e7\u00e3o do suic\u00eddio entre adolescentes e jovens no contexto dos grupos e movimentos juvenis e nas escolas, sobretudo as escolas p\u00fablicas.<\/p>\n<p style=\"text-align: justify;\">A colabora\u00e7\u00e3o volunt\u00e1ria de psic\u00f3logos e educadores cat\u00f3licos, que somam \u00e0 sua experi\u00eancia\u00a0 profissional sua atua\u00e7\u00e3o pastoral, muito tem a contribuir com a problem\u00e1tica do suic\u00eddio que tem crescido em n\u00fameros e expressa-se em comportamentos e sentimentos que podem ser percebido nos ambientes em que os adolescentes e jovens se encontram e, assim, ser evitado e trabalhado com aqueles que sobrevivem ou perdem desta forma, entes queridos.<\/p>\n<p style=\"text-align: justify;\">Para isso, o projeto, aprovado pela CNBB e proposto pela Comiss\u00e3o para a Juventude prop\u00f5e a forma\u00e7\u00e3o de lideran\u00e7as que possam atuar junto aos adolescentes e jovens e na capacita\u00e7\u00e3o de agentes de pastoral em favor da vida, na preven\u00e7\u00e3o do suic\u00eddio e no cuidado e consolo com as pessoas\/fam\u00edlias ligadas \u00e0queles que se suicidaram.<\/p>\n<p style=\"text-align: justify;\">A promo\u00e7\u00e3o da vida das juventudes em nosso pa\u00eds \u00e9 urg\u00eancia que se faz sentir a cada dia e este projeto \u00e9 uma resposta concreta aos apelos pela vida em plenitude dos jovens brasileiros.<\/p>\n<h3 style=\"text-align: justify;\">Como vai funcionar?<\/h3>\n<p style=\"text-align: justify;\">A Comiss\u00e3o de Juventude prop\u00f5e como crit\u00e9rios\u00a0 para participa\u00e7\u00e3o na capacita\u00e7\u00e3o que os indicados sejam:\u00a0 maiores de 18 anos; atuem ou tenham atuado como lideran\u00e7a na Pastoral Juvenil; n\u00e3o estejam em situa\u00e7\u00e3o de fragilidade f\u00edsica ou emocional; tenham capacidade de comunica\u00e7\u00e3o e disponibilidade para promover encontros de repasse no regional e dioceses; A pessoa possa participar integralmente da forma\u00e7\u00e3o \u2013 do in\u00edcio ao fim.<\/p>\n<p style=\"text-align: justify;\">A forma\u00e7\u00e3o ser\u00e1 certificada pela Comiss\u00e3o Episcopal para a Juventude, a CNBB e a C\u00e1tedra de Juventude da Universidade Cat\u00f3lica de Bras\u00edlia (UcB). Ser\u00e1 cobrado um valor simb\u00f3lico aos participantes do curso. \u00a0A partir do encontro possa suscitar uma rede pela vida das juventudes, via online e com partilha de experi\u00eancias preventivas.<\/p>\n<p style=\"text-align: justify;\">Para a Pastoral Juvenil e Pastoral da Educa\u00e7\u00e3o, haver\u00e1 valor diferenciado. Aos convidados o pagamento da inscri\u00e7\u00e3o ser\u00e1 integral, incluindo os custos da hospedagem, por essa raz\u00e3o pedimos certa discri\u00e7\u00e3o na quest\u00e3o de pagamentos. H\u00e1 diferen\u00e7a nos valores das casas de retiros, por isso, os valores ser\u00e3o divulgados em cada regional. Importante ressaltar que o deslocamento ser\u00e1 de responsabilidade de cada regional, diocese e\/ou do pr\u00f3prio participante, bem como a taxa de inscri\u00e7\u00e3o.<\/p>\n<p><strong>Cronograma e inscri\u00e7\u00f5es:<br \/>\n<\/strong>Conhe\u00e7a mais detalhes e cronograma e regi\u00f5es aqui<a href=\"https:\/\/www.cnbb.org.br\/wp-content\/uploads\/2024\/03\/Projeto-Cuidar-da-Vida.pdf\"> &#8220;Cuidar da Vida&#8221;<\/a><\/p>\n<p><strong>D\u00favidas e informa\u00e7\u00f5es<br \/>\n<\/strong>E-mail: juventude@cnbb.org.br<\/p>\n<p>&nbsp;<\/p>\n<p>&nbsp;<\/p>\n<p>&nbsp;<\/p>\n<p>&nbsp;<\/p>\n","protected":false},"excerpt":{"rendered":"<p>O lan\u00e7amento acontece no Encontro Nacional de Bispos Referenciais e Assessores de Juventudes dos 19 regionais da CNBB que acontece dias 14 e 15 de mar\u00e7o na Casa Dom Luciano, na Asa Norte, em Bras\u00edlia. O projeto &#8220;Cuidar da Vida&#8221; \u00e9 uma das a\u00e7\u00f5es do Plano de Pastoral Juvenil da Igreja no Brasil &#8220;Ao Seu Lado&#8221;<\/p>\n","protected":false},"author":142,"featured_media":960015,"comment_status":"closed","ping_status":"closed","sticky":false,"template":"","format":"standard","meta":{"site-sidebar-layout":"default","site-content-layout":"default","ast-global-header-display":"","ast-banner-title-visibility":"","ast-main-header-display":"","ast-hfb-above-header-display":"","ast-hfb-below-header-display":"","ast-hfb-mobile-header-display":"","site-post-title":"","ast-breadcrumbs-content":"","ast-featured-img":"","footer-sml-layout":"","theme-transparent-header-meta":"default","adv-header-id-meta":"","stick-header-meta":"","header-above-stick-meta":"","header-main-stick-meta":"","header-below-stick-meta":""},"categories":[50,775],"tags":[5440,5441,2456],"acf":[],"_links":{"self":[{"href":"https:\/\/www.cnbb.org.br\/cnbb-app\/wp\/v2\/posts\/960004"}],"collection":[{"href":"https:\/\/www.cnbb.org.br\/cnbb-app\/wp\/v2\/posts"}],"about":[{"href":"https:\/\/www.cnbb.org.br\/cnbb-app\/wp\/v2\/types\/post"}],"author":[{"embeddable":true,"href":"https:\/\/www.cnbb.org.br\/cnbb-app\/wp\/v2\/users\/142"}],"replies":[{"embeddable":true,"href":"https:\/\/www.cnbb.org.br\/cnbb-app\/wp\/v2\/comments?post=960004"}],"version-history":[{"count":11,"href":"https:\/\/www.cnbb.org.br\/cnbb-app\/wp\/v2\/posts\/960004\/revisions"}],"predecessor-version":[{"id":960040,"href":"https:\/\/www.cnbb.org.br\/cnbb-app\/wp\/v2\/posts\/960004\/revisions\/960040"}],"wp:featuredmedia":[{"embeddable":true,"href":"https:\/\/www.cnbb.org.br\/cnbb-app\/wp\/v2\/media\/960015"}],"wp:attachment":[{"href":"https:\/\/www.cnbb.org.br\/cnbb-app\/wp\/v2\/media?parent=960004"}],"wp:term":[{"taxonomy":"category","embeddable":true,"href":"https:\/\/www.cnbb.org.br\/cnbb-app\/wp\/v2\/categories?post=960004"},{"taxonomy":"post_tag","embeddable":true,"href":"https:\/\/www.cnbb.org.br\/cnbb-app\/wp\/v2\/tags?post=960004"}],"curies":[{"name":"wp","href":"https:\/\/api.w.org\/{rel}","templated":true}]}}