{"id":960157,"date":"2024-03-15T15:51:35","date_gmt":"2024-03-15T18:51:35","guid":{"rendered":"https:\/\/www.cnbb.org.br\/?p=960157"},"modified":"2024-03-15T15:51:35","modified_gmt":"2024-03-15T18:51:35","slug":"bispos-referenciais-da-acao-missionaria-realizam-encontro-na-sede-das-pom","status":"publish","type":"post","link":"https:\/\/www.cnbb.org.br\/bispos-referenciais-da-acao-missionaria-realizam-encontro-na-sede-das-pom\/","title":{"rendered":"Bispos referenciais da a\u00e7\u00e3o mission\u00e1ria realizam encontro na sede das Pontif\u00edcias Obras Mission\u00e1rias, em Bras\u00edlia"},"content":{"rendered":"<p style=\"text-align: justify;\">Nesta sexta, 15 de mar\u00e7o, acontece na sede da Pontif\u00edcias Obras Mission\u00e1rias (POM) em Bras\u00edlia o Encontro dos Bispos Referenciais da a\u00e7\u00e3o mission\u00e1ria. A atividade re\u00fane os bispos que comp\u00f5em a Comiss\u00e3o Episcopal para a A\u00e7\u00e3o Mission\u00e1ria e Coopera\u00e7\u00e3o Intereclesial da CNBB, presidida pelo bispo de Rondon\u00f3polis-Guiratinga, dom Maur\u00edcio Jardim, e tamb\u00e9m formada por dom Esmeraldo Barreto de Farias, bispo da diocese de Ara\u00e7ua\u00ed (MG), dom Luis Fernando Lisboa, bispo de Cachoeiro de Itapemirim (ES), e dom Paulo Andreolli, bispo auxiliar de Bel\u00e9m do Par\u00e1.<\/p>\n<p style=\"text-align: justify;\">Participam do encontro os bispos respons\u00e1veis pela anima\u00e7\u00e3o mission\u00e1ria nos regionais da CNBB. Participam do encontro 16 bispos referenciais da miss\u00e3o. O encontro tamb\u00e9m conta com a presen\u00e7a dos assessores da Comiss\u00e3o Mission\u00e1ria, padre Tiago Camargo e irm\u00e3 Eliane Santana.<\/p>\n<p style=\"text-align: justify;\">Entre os assuntos em pauta esteve a partilha dos regionais, a organiza\u00e7\u00e3o da Comiss\u00e3o Mission\u00e1ria da CNBB, o Projeto Igrejas Irm\u00e3s e o Programa Mission\u00e1rio Nacional. A atividade antecede a Assembleia do Conselho Mission\u00e1rio Nacional (COMINA), que inicia com a celebra\u00e7\u00e3o eucar\u00edstica na noite desta sexta e se estende at\u00e9 domingo, 17 de mar\u00e7o.<\/p>\n<h3><strong>Miss\u00e3o em toda a vida<\/strong><\/h3>\n<p style=\"text-align: justify;\">Segundo dom Maur\u00edcio Jardim, o encontro pode aprofundar as experi\u00eancias vividas em cada Igreja particular. \u201cTem sido um momento de partilha da vida mission\u00e1ria dos regionais e daquilo que os bispos t\u00eam acompanhado. Temos partilhado sobre os dois \u00e2mbitos da miss\u00e3o, que \u00e9 a quest\u00e3o paradigm\u00e1tica e program\u00e1tica, vendo como isso \u00e9 compreendido em cada regional. A quest\u00e3o paradigm\u00e1tica se d\u00e1 ao compreender como perpassa a missionariedade em toda a vida, nas pastorais, nos movimentos e em todos os sujeitos eclesiais. \u00c9 como a miss\u00e3o \u00e9 entendida como modo de ser&#8221;, afirmou.<\/p>\n<p style=\"text-align: justify;\">O bispo disse que est\u00e3o ainda discutindo, no \u00e2mbito program\u00e1tico, as atividades de cada regional. &#8220;Percebemos que muitas coisas tem sido realizadas nos regionais. \u00c9 muita vida mission\u00e1ria, s\u00e3o muitas as atividades. Vemos o Brasil crescendo na a\u00e7\u00e3o mission\u00e1ria e tamb\u00e9m se compreendendo como Igreja em estado permanente de miss\u00e3o\u201d, destacou o presidente da Comiss\u00e3o Mission\u00e1ria.<\/p>\n<p style=\"text-align: justify;\">Ainda segundo dom Maur\u00edcio, esteve em pauta o projeto Igrejas-Irm\u00e3s, que est\u00e1 sendo revitalizado e discutido na CNBB, a partir da reda\u00e7\u00e3o de um texto que ser\u00e1 enviado para a 61\u00aa Assembleia Geral dos Bispos e para o Conselho Permanente da CNBB. Ap\u00f3s a sua aprova\u00e7\u00e3o, pensa-se em fazer uma publica\u00e7\u00e3o deste conte\u00fado.<\/p>\n<p style=\"text-align: justify;\">O projeto Igrejas-Irm\u00e3s da CNBB \u00e9 uma iniciativa que visa promover a solidariedade e a coopera\u00e7\u00e3o entre diferentes dioceses e comunidades cat\u00f3licas no Brasil. A ideia por tr\u00e1s desse projeto \u00e9 estabelecer parcerias entre dioceses de diferentes regi\u00f5es do pa\u00eds, unindo-as em um esp\u00edrito de fraternidade e apoio m\u00fatuo.<\/p>\n<p><strong>Textos e fotos:<\/strong> Fabr\u00edcio Preto &#8211; Comunica\u00e7\u00e3o POM<\/p>\n<p>&nbsp;<\/p>\n<p>&nbsp;<\/p>\n","protected":false},"excerpt":{"rendered":"<p>Entre os assuntos em pauta esteve a partilha dos regionais, a organiza\u00e7\u00e3o da Comiss\u00e3o Mission\u00e1ria da CNBB, o Projeto Igrejas Irm\u00e3s e o Programa Mission\u00e1rio Nacional. A atividade antecede a Assembleia do Conselho Mission\u00e1rio Nacional (COMINA), que inicia com a celebra\u00e7\u00e3o eucar\u00edstica na noite desta sexta e se estende at\u00e9 domingo, 17 de mar\u00e7o<\/p>\n","protected":false},"author":142,"featured_media":960158,"comment_status":"closed","ping_status":"closed","sticky":false,"template":"","format":"standard","meta":{"site-sidebar-layout":"default","site-content-layout":"default","ast-global-header-display":"","ast-banner-title-visibility":"","ast-main-header-display":"","ast-hfb-above-header-display":"","ast-hfb-below-header-display":"","ast-hfb-mobile-header-display":"","site-post-title":"","ast-breadcrumbs-content":"","ast-featured-img":"","footer-sml-layout":"","theme-transparent-header-meta":"default","adv-header-id-meta":"","stick-header-meta":"","header-above-stick-meta":"","header-main-stick-meta":"","header-below-stick-meta":""},"categories":[854,50],"tags":[5443,2292],"acf":[],"_links":{"self":[{"href":"https:\/\/www.cnbb.org.br\/cnbb-app\/wp\/v2\/posts\/960157"}],"collection":[{"href":"https:\/\/www.cnbb.org.br\/cnbb-app\/wp\/v2\/posts"}],"about":[{"href":"https:\/\/www.cnbb.org.br\/cnbb-app\/wp\/v2\/types\/post"}],"author":[{"embeddable":true,"href":"https:\/\/www.cnbb.org.br\/cnbb-app\/wp\/v2\/users\/142"}],"replies":[{"embeddable":true,"href":"https:\/\/www.cnbb.org.br\/cnbb-app\/wp\/v2\/comments?post=960157"}],"version-history":[{"count":1,"href":"https:\/\/www.cnbb.org.br\/cnbb-app\/wp\/v2\/posts\/960157\/revisions"}],"predecessor-version":[{"id":960161,"href":"https:\/\/www.cnbb.org.br\/cnbb-app\/wp\/v2\/posts\/960157\/revisions\/960161"}],"wp:featuredmedia":[{"embeddable":true,"href":"https:\/\/www.cnbb.org.br\/cnbb-app\/wp\/v2\/media\/960158"}],"wp:attachment":[{"href":"https:\/\/www.cnbb.org.br\/cnbb-app\/wp\/v2\/media?parent=960157"}],"wp:term":[{"taxonomy":"category","embeddable":true,"href":"https:\/\/www.cnbb.org.br\/cnbb-app\/wp\/v2\/categories?post=960157"},{"taxonomy":"post_tag","embeddable":true,"href":"https:\/\/www.cnbb.org.br\/cnbb-app\/wp\/v2\/tags?post=960157"}],"curies":[{"name":"wp","href":"https:\/\/api.w.org\/{rel}","templated":true}]}}