{"id":960343,"date":"2024-03-19T14:08:54","date_gmt":"2024-03-19T17:08:54","guid":{"rendered":"https:\/\/www.cnbb.org.br\/?p=960343"},"modified":"2024-03-19T14:12:07","modified_gmt":"2024-03-19T17:12:07","slug":"comissao-episcopal-para-o-laicato-da-cnbb-se-reune-com-o-grupo-de-reflexao","status":"publish","type":"post","link":"https:\/\/www.cnbb.org.br\/comissao-episcopal-para-o-laicato-da-cnbb-se-reune-com-o-grupo-de-reflexao\/","title":{"rendered":"Comiss\u00e3o Episcopal para o Laicato da CNBB se re\u00fane com o Grupo de Reflex\u00e3o"},"content":{"rendered":"<p style=\"text-align: justify;\">A Comiss\u00e3o Episcopal para o Laicato da Confer\u00eancia Nacional dos Bispos do Brasil (CNBB) esteve reunida, sob a presid\u00eancia do bispo d<span style=\"font-size: 16px;\">e Aragua\u00edna e presidente da Comiss\u00e3o, dom Giovane Pereira de Melo, <\/span>em Bras\u00edlia (DF), na Casa Dom Luciano, no dia 11 de mar\u00e7o, com o<span style=\"font-size: 16px;\"> Grupo de Reflex\u00e3o (GR). Os bispos que integram o trabalho da Comiss\u00e3o (dom Gabriel Marchesi, d<\/span><span style=\"font-size: 16px;\">om Roberto Francisco Ferrer\u00eda Paz e dom Jos\u00e9 M\u00e1rio Scalon Angonese) tamb\u00e9m participaram.\u00a0<\/span><\/p>\n<p style=\"text-align: justify;\">Em sintonia com a din\u00e2mica sinodal, a Comiss\u00e3o dedicou um tempo da reuni\u00e3o \u00e0 escuta da recorda\u00e7\u00e3o da vida de cada um dos presentes, com o intuito de fazer ecoar a Palavra de Deus na vida e na miss\u00e3o de sermos &#8220;sal da terra e luz do mundo\u201d (cf. Mt 5,13-14). A Comiss\u00e3o fez encaminhamentos a partir do que foi feito e da apresenta\u00e7\u00e3o do que cada setor espera da contribui\u00e7\u00e3o do Grupo de Reflex\u00e3o (GR).<\/p>\n<h3>Papel da Comiss\u00e3o<\/h3>\n<p style=\"text-align: justify;\">Conforme est\u00e1 definido 24\u00ba Plano de Pastoral 2024-2027, da CNBB, a Comiss\u00e3o Episcopal para o Laicato (CEPL) da CNBB, tendo como referenciais as Diretrizes Gerais da A\u00e7\u00e3o Evangelizadora da Igreja no Brasil 2019-2023 e sua atualiza\u00e7\u00e3o, e todo o processo sinodal, \u00e9 um servi\u00e7o \u00e0 CNBB aos seus regionais e a todas as Express\u00f5es Laicais.<\/p>\n<p style=\"text-align: justify;\">Ela busca acompanhar, assessorar e promover a identidade, voca\u00e7\u00e3o, espiritualidade e miss\u00e3o, bem como a forma\u00e7\u00e3o, organiza\u00e7\u00e3o e atua\u00e7\u00e3o do laicato na Igreja e no mundo, a fim de que os crist\u00e3os leigos e leigas contribuam, com seus dons, carismas, servi\u00e7os e minist\u00e9rios, para o crescimento das comunidades eclesiais e na constru\u00e7\u00e3o de uma sociedade justa e solid\u00e1ria.<\/p>\n<p style=\"text-align: justify;\"><span style=\"font-size: 16px;\">S\u00e3o membros do Grupo de Reflex\u00e3o: Ivenise Santinon, Lucia Pedrosa P\u00e1dua, Celso Carias, Daniel Seidel, Laudelino Augusto, padre Ernanne Pinheiro e padre Paulo Adolfo e os assessores da Comiss\u00e3o Celia Soares de Sousa (Laicato), Marilza Jos\u00e9 Lopes Schuina (CEBs), Jardel Neves Lopes (Cefep) e Sonia Gomes de Oliveira, atual presidente do Conselho Nacional do Laicato do Brasil (CNLB).<\/span><\/p>\n","protected":false},"excerpt":{"rendered":"<p>A Comiss\u00e3o Episcopal para o Laicato da Confer\u00eancia Nacional dos Bispos do Brasil (CNBB) esteve reunida, sob a presid\u00eancia do bispo de Aragua\u00edna e presidente da Comiss\u00e3o, dom Giovane Pereira de Melo, em Bras\u00edlia (DF), na Casa Dom Luciano, no dia 11 de mar\u00e7o, com o Grupo de Reflex\u00e3o (GR)<\/p>\n","protected":false},"author":142,"featured_media":960344,"comment_status":"closed","ping_status":"closed","sticky":false,"template":"","format":"standard","meta":{"site-sidebar-layout":"default","site-content-layout":"default","ast-global-header-display":"","ast-banner-title-visibility":"","ast-main-header-display":"","ast-hfb-above-header-display":"","ast-hfb-below-header-display":"","ast-hfb-mobile-header-display":"","site-post-title":"","ast-breadcrumbs-content":"","ast-featured-img":"","footer-sml-layout":"","theme-transparent-header-meta":"default","adv-header-id-meta":"","stick-header-meta":"","header-above-stick-meta":"","header-main-stick-meta":"","header-below-stick-meta":""},"categories":[776],"tags":[5449,4636],"acf":[],"_links":{"self":[{"href":"https:\/\/www.cnbb.org.br\/cnbb-app\/wp\/v2\/posts\/960343"}],"collection":[{"href":"https:\/\/www.cnbb.org.br\/cnbb-app\/wp\/v2\/posts"}],"about":[{"href":"https:\/\/www.cnbb.org.br\/cnbb-app\/wp\/v2\/types\/post"}],"author":[{"embeddable":true,"href":"https:\/\/www.cnbb.org.br\/cnbb-app\/wp\/v2\/users\/142"}],"replies":[{"embeddable":true,"href":"https:\/\/www.cnbb.org.br\/cnbb-app\/wp\/v2\/comments?post=960343"}],"version-history":[{"count":2,"href":"https:\/\/www.cnbb.org.br\/cnbb-app\/wp\/v2\/posts\/960343\/revisions"}],"predecessor-version":[{"id":960346,"href":"https:\/\/www.cnbb.org.br\/cnbb-app\/wp\/v2\/posts\/960343\/revisions\/960346"}],"wp:featuredmedia":[{"embeddable":true,"href":"https:\/\/www.cnbb.org.br\/cnbb-app\/wp\/v2\/media\/960344"}],"wp:attachment":[{"href":"https:\/\/www.cnbb.org.br\/cnbb-app\/wp\/v2\/media?parent=960343"}],"wp:term":[{"taxonomy":"category","embeddable":true,"href":"https:\/\/www.cnbb.org.br\/cnbb-app\/wp\/v2\/categories?post=960343"},{"taxonomy":"post_tag","embeddable":true,"href":"https:\/\/www.cnbb.org.br\/cnbb-app\/wp\/v2\/tags?post=960343"}],"curies":[{"name":"wp","href":"https:\/\/api.w.org\/{rel}","templated":true}]}}