{"id":960685,"date":"2024-03-25T09:03:25","date_gmt":"2024-03-25T12:03:25","guid":{"rendered":"https:\/\/www.cnbb.org.br\/?p=960685"},"modified":"2024-03-25T09:03:54","modified_gmt":"2024-03-25T12:03:54","slug":"voltar-a-jesus","status":"publish","type":"post","link":"https:\/\/www.cnbb.org.br\/voltar-a-jesus\/","title":{"rendered":"Voltar a Jesus\u00a0"},"content":{"rendered":"<p style=\"text-align: right;\"><strong>Dom Paulo Mendes Peixoto<br \/>\nArcebispo de Uberaba (MG)<\/strong><\/p>\n<p style=\"text-align: right;\"><strong>\u00a0<\/strong><\/p>\n<p style=\"text-align: justify;\"><span data-contrast=\"auto\">Se falamos de volta a Jesus, significa que foi tomado um caminho contr\u00e1rio a Ele. Considerando a dimens\u00e3o consciente da f\u00e9, na Pessoa do Senhor Jesus, a impress\u00e3o que fica \u00e9 de uma total perda ou esvaziamento da f\u00e9 em Deus. Podemos visualizar toda essa realidade de f\u00e9 no contexto do que est\u00e1 previsto nas celebra\u00e7\u00f5es, que acontecem, durante as cerim\u00f4nias da Semana Santa.<\/span><span data-ccp-props=\"{&quot;134233279&quot;:true,&quot;201341983&quot;:0,&quot;335551550&quot;:6,&quot;335551620&quot;:6,&quot;335559731&quot;:1134,&quot;335559739&quot;:160,&quot;335559740&quot;:259}\">\u00a0<\/span><\/p>\n<p style=\"text-align: justify;\"><span data-contrast=\"auto\">Voltar a Jesus \u00e9 encantar-se pela sua Pessoa, com o cora\u00e7\u00e3o aberto, na trajet\u00f3ria do Mandamento do Amor, envolvendo n\u00e3o s\u00f3 a Pessoa de Jesus, mas tamb\u00e9m valoriza\u00e7\u00e3o do irm\u00e3o na comunidade. Isto toma corpo no tempo da P\u00e1scoa, porque sup\u00f5e passagem do desamor para o amor. E a consequ\u00eancia \u00e9 o comprometimento, o envolvimento com os dados da vida e da amizade social.<\/span><span data-ccp-props=\"{&quot;134233279&quot;:true,&quot;201341983&quot;:0,&quot;335551550&quot;:6,&quot;335551620&quot;:6,&quot;335559731&quot;:1134,&quot;335559739&quot;:160,&quot;335559740&quot;:259}\">\u00a0<\/span><\/p>\n<p style=\"text-align: justify;\"><span data-contrast=\"auto\">O sepulcro onde sepultaram Jesus foi encontrado vazio, porque \u00e9 uma realidade fechada, que dificulta a proximidade com a Pessoa de Cristo. Esse \u00e9 um dos motivos porque Madalena e os dois disc\u00edpulos foram surpreendidos. Jesus foi encontrado num espa\u00e7o aberto, mais arejado, com possibilidade de conviv\u00eancia e vida de comunidade. A pessoa do irm\u00e3o \u00e9 espa\u00e7o de volta para Jesus.<\/span><span data-ccp-props=\"{&quot;134233279&quot;:true,&quot;201341983&quot;:0,&quot;335551550&quot;:6,&quot;335551620&quot;:6,&quot;335559731&quot;:1134,&quot;335559739&quot;:160,&quot;335559740&quot;:259}\">\u00a0<\/span><\/p>\n<p style=\"text-align: justify;\"><span data-contrast=\"auto\">\u00c9 saud\u00e1vel poder sonhar com as reais possibilidades de um mundo diferente, mais aberto, de mais fraternidade, conviv\u00eancia e pr\u00e1tica do amor de irm\u00e3os, como express\u00e3o concreta de volta para o encontro com Jesus Cristo. O envolvimento com Ele, que significa encontro com Deus, transforma totalmente a vida das pessoas e provoca o surgimento da vida com mais objetividade.\u00a0<\/span><span data-ccp-props=\"{&quot;134233279&quot;:true,&quot;201341983&quot;:0,&quot;335551550&quot;:6,&quot;335551620&quot;:6,&quot;335559731&quot;:1134,&quot;335559739&quot;:160,&quot;335559740&quot;:259}\">\u00a0<\/span><\/p>\n<p style=\"text-align: justify;\"><span data-contrast=\"auto\">O ap\u00f3stolo Paulo refere-se a ressuscitar com Cristo e buscar as coisas do alto. A origem desta exig\u00eancia est\u00e1 apoiada na primeira e fundamental marca na vida do crist\u00e3o, no batismo, e tem como consequ\u00eancia a realidade da morte para o mundo das maldades, exigindo compromissos de seguimento do destino de Jesus. A cruz n\u00e3o fica descartada, porque ela \u00e9 instrumento de volta.<\/span><span data-ccp-props=\"{&quot;134233279&quot;:true,&quot;201341983&quot;:0,&quot;335551550&quot;:6,&quot;335551620&quot;:6,&quot;335559731&quot;:1134,&quot;335559739&quot;:160,&quot;335559740&quot;:259}\">\u00a0<\/span><\/p>\n<p style=\"text-align: justify;\"><span data-contrast=\"auto\">Quem ama de verdade busca um caminho de luz, de vida digna e de total respeito pela pessoa do outro. Ele \u00e9 capaz de conviver fraternalmente numa comunidade crist\u00e3. Tamb\u00e9m procura fazer acontecer a Igreja em sa\u00edda, de an\u00fancio dos princ\u00edpios do bem contidos no Evangelho. Quem se identifica com Cristo \u00e9 enviado em miss\u00e3o para proclamar a Boa Nova da Palavra e da P\u00e1scoa.<\/span><span data-ccp-props=\"{&quot;134233279&quot;:true,&quot;201341983&quot;:0,&quot;335551550&quot;:6,&quot;335551620&quot;:6,&quot;335559731&quot;:1134,&quot;335559739&quot;:160,&quot;335559740&quot;:259}\">\u00a0<\/span><\/p>\n<p>&nbsp;<\/p>\n","protected":false},"excerpt":{"rendered":"<p>Dom Paulo Mendes Peixoto Arcebispo de Uberaba (MG) \u00a0 Se falamos de volta a Jesus, significa que foi tomado um caminho contr\u00e1rio a Ele. Considerando a dimens\u00e3o consciente da f\u00e9, na Pessoa do Senhor Jesus, a impress\u00e3o que fica \u00e9 de uma total perda ou esvaziamento da f\u00e9 em Deus. Podemos visualizar toda essa realidade &hellip;<\/p>\n<p class=\"read-more\"> <a class=\"\" href=\"https:\/\/www.cnbb.org.br\/voltar-a-jesus\/\"> <span class=\"screen-reader-text\">Voltar a Jesus\u00a0<\/span> Leia mais &raquo;<\/a><\/p>\n","protected":false},"author":25,"featured_media":0,"comment_status":"closed","ping_status":"closed","sticky":false,"template":"","format":"standard","meta":{"site-sidebar-layout":"default","site-content-layout":"default","ast-global-header-display":"","ast-banner-title-visibility":"","ast-main-header-display":"","ast-hfb-above-header-display":"","ast-hfb-below-header-display":"","ast-hfb-mobile-header-display":"","site-post-title":"","ast-breadcrumbs-content":"","ast-featured-img":"","footer-sml-layout":"","theme-transparent-header-meta":"default","adv-header-id-meta":"","stick-header-meta":"","header-above-stick-meta":"","header-main-stick-meta":"","header-below-stick-meta":""},"categories":[758],"tags":[],"acf":[],"_links":{"self":[{"href":"https:\/\/www.cnbb.org.br\/cnbb-app\/wp\/v2\/posts\/960685"}],"collection":[{"href":"https:\/\/www.cnbb.org.br\/cnbb-app\/wp\/v2\/posts"}],"about":[{"href":"https:\/\/www.cnbb.org.br\/cnbb-app\/wp\/v2\/types\/post"}],"author":[{"embeddable":true,"href":"https:\/\/www.cnbb.org.br\/cnbb-app\/wp\/v2\/users\/25"}],"replies":[{"embeddable":true,"href":"https:\/\/www.cnbb.org.br\/cnbb-app\/wp\/v2\/comments?post=960685"}],"version-history":[{"count":1,"href":"https:\/\/www.cnbb.org.br\/cnbb-app\/wp\/v2\/posts\/960685\/revisions"}],"predecessor-version":[{"id":960686,"href":"https:\/\/www.cnbb.org.br\/cnbb-app\/wp\/v2\/posts\/960685\/revisions\/960686"}],"wp:attachment":[{"href":"https:\/\/www.cnbb.org.br\/cnbb-app\/wp\/v2\/media?parent=960685"}],"wp:term":[{"taxonomy":"category","embeddable":true,"href":"https:\/\/www.cnbb.org.br\/cnbb-app\/wp\/v2\/categories?post=960685"},{"taxonomy":"post_tag","embeddable":true,"href":"https:\/\/www.cnbb.org.br\/cnbb-app\/wp\/v2\/tags?post=960685"}],"curies":[{"name":"wp","href":"https:\/\/api.w.org\/{rel}","templated":true}]}}