{"id":960803,"date":"2024-03-27T08:49:41","date_gmt":"2024-03-27T11:49:41","guid":{"rendered":"https:\/\/www.cnbb.org.br\/?p=960803"},"modified":"2024-03-27T08:50:08","modified_gmt":"2024-03-27T11:50:08","slug":"quinta-feira-da-semana-santa","status":"publish","type":"post","link":"https:\/\/www.cnbb.org.br\/quinta-feira-da-semana-santa\/","title":{"rendered":"Quinta feira da Semana Santa"},"content":{"rendered":"<p style=\"text-align: right;\"><b><span data-contrast=\"auto\">Dom Carmo Jo\u00e3o Rhoden<br \/>\n<\/span><\/b><b><span data-contrast=\"auto\">Bispo em\u00e9rito de Taubat\u00e9 (SP)<\/span><\/b><\/p>\n<p style=\"text-align: right;\"><span data-ccp-props=\"{&quot;201341983&quot;:0,&quot;335551550&quot;:2,&quot;335551620&quot;:2,&quot;335559739&quot;:160,&quot;335559740&quot;:360}\">\u00a0<\/span><\/p>\n<p style=\"text-align: justify;\"><b><span data-contrast=\"auto\">Quinta feira da Semana Santa 28\/03\/24 (Jo 13, 1-15)<\/span><\/b><span data-ccp-props=\"{&quot;201341983&quot;:0,&quot;335551550&quot;:2,&quot;335551620&quot;:2,&quot;335559739&quot;:160,&quot;335559740&quot;:360}\">\u00a0<\/span><\/p>\n<p style=\"text-align: justify;\"><i><span data-contrast=\"auto\">Texto referencial: Jesus disse aos disc\u00edpulos: \u201ccompreendeis o que acabo de fazer? V\u00f3s me chamais de Mestre e Senhor e dizeis bem, pois Eu o Sou. Portanto, se Eu, o Senhor e Mestre vos lavei os p\u00e9s, tamb\u00e9m, v\u00f3s deveis lavar os p\u00e9s uns dos outros\u201d.\u00a0 (Jo 13, 12-14)<\/span><\/i><span data-ccp-props=\"{&quot;201341983&quot;:0,&quot;335551550&quot;:2,&quot;335551620&quot;:2,&quot;335559739&quot;:160,&quot;335559740&quot;:360}\">\u00a0<\/span><\/p>\n<p style=\"text-align: justify;\"><span data-contrast=\"auto\">Com a ressurei\u00e7\u00e3o do Senhor, a Quinta feira Santa, \u00e9 o dia mais significativo de Jesus, de sua vida e miss\u00e3o, como maior servidor, como sumo sacerdote e profeta de cujo minist\u00e9rio, todos n\u00f3s, pelo batismo, participamos. Na Quinta feira Santa, Jesus brindou sua Igreja com o Sacramento dos Sacramentos \u2013 a Eucaristia, pois Dela, todos os outros partem e, para Ela, todos levam. A Eucaristia \u00e9, pois, o dom dos dons de Jesus. Para no-la deixar, criou o novo, e definitivo sacerd\u00f3cio: o da Igreja. Para tudo isso poder acontecer, f\u00ea-lo preceder do novo mandamento- o seu. \u201cQue vos ameis como Eu vos amei\u201d, n\u00e3o como Mois\u00e9s mandou. Eu vos amei, servindo-vos, lavando vossos p\u00e9s. O cristianismo ser\u00e1, sempre, a religi\u00e3o do amor-servi\u00e7o, atrav\u00e9s da viv\u00eancia da f\u00e9. Infelizmente, e com raz\u00e3o, devemos confess\u00e1-lo: esquecemos tudo isso muito cedo. Aprendemos a mandar, a exigir, a apresentar condi\u00e7\u00f5es; que diferen\u00e7a&#8230;<\/span><span data-ccp-props=\"{&quot;201341983&quot;:0,&quot;335551550&quot;:6,&quot;335551620&quot;:6,&quot;335559739&quot;:160,&quot;335559740&quot;:360}\">\u00a0<\/span><\/p>\n<p style=\"text-align: justify;\"><span data-contrast=\"auto\">Quinta feira Santa, foi a noite dos dons, mas, tamb\u00e9m, a da maior injusti\u00e7a, do maior esc\u00e2ndalo: o de Judas, o disc\u00edpulo traidor. Nele, o dem\u00f4nio achou guarida: seu maior colaborador, al\u00e9m de traidor. Traiu. Como? Com um beijo. Mas, n\u00e3o \u00e9 este um dos sinais mais sagrados de amor, respeito e gratid\u00e3o? Sim. Mas, ali est\u00e1, justamente, o maior sacril\u00e9gio. Foi a pior noite que j\u00e1 houve na hist\u00f3ria.<\/span><span data-ccp-props=\"{&quot;201341983&quot;:0,&quot;335551550&quot;:6,&quot;335551620&quot;:6,&quot;335559739&quot;:160,&quot;335559740&quot;:360}\">\u00a0<\/span><\/p>\n<p style=\"text-align: justify;\"><span data-contrast=\"auto\">Quanto tempo levaremos, ainda, para entender, melhor, a grandeza do amor de Deus, sua miseric\u00f3rdia para com os homens e a obtusidade e ingratid\u00e3o destes, como o maior Benfeitor? Que a gra\u00e7a de Deus nos ajude a entend\u00ea-lo.\u00a0 Feliz a santa quinta feira!<\/span><span data-ccp-props=\"{&quot;201341983&quot;:0,&quot;335551550&quot;:6,&quot;335551620&quot;:6,&quot;335559739&quot;:160,&quot;335559740&quot;:360}\">\u00a0<\/span><\/p>\n<p style=\"text-align: justify;\"><span data-ccp-props=\"{&quot;201341983&quot;:0,&quot;335551550&quot;:6,&quot;335551620&quot;:6,&quot;335559739&quot;:160,&quot;335559740&quot;:360}\">\u00a0<\/span><\/p>\n<p style=\"text-align: justify;\">\n","protected":false},"excerpt":{"rendered":"<p>Dom Carmo Jo\u00e3o Rhoden Bispo em\u00e9rito de Taubat\u00e9 (SP) \u00a0 Quinta feira da Semana Santa 28\/03\/24 (Jo 13, 1-15)\u00a0 Texto referencial: Jesus disse aos disc\u00edpulos: \u201ccompreendeis o que acabo de fazer? V\u00f3s me chamais de Mestre e Senhor e dizeis bem, pois Eu o Sou. Portanto, se Eu, o Senhor e Mestre vos lavei os &hellip;<\/p>\n<p class=\"read-more\"> <a class=\"\" href=\"https:\/\/www.cnbb.org.br\/quinta-feira-da-semana-santa\/\"> <span class=\"screen-reader-text\">Quinta feira da Semana Santa<\/span> Leia mais &raquo;<\/a><\/p>\n","protected":false},"author":132,"featured_media":0,"comment_status":"closed","ping_status":"closed","sticky":false,"template":"","format":"standard","meta":{"site-sidebar-layout":"default","site-content-layout":"default","ast-global-header-display":"","ast-banner-title-visibility":"","ast-main-header-display":"","ast-hfb-above-header-display":"","ast-hfb-below-header-display":"","ast-hfb-mobile-header-display":"","site-post-title":"","ast-breadcrumbs-content":"","ast-featured-img":"","footer-sml-layout":"","theme-transparent-header-meta":"default","adv-header-id-meta":"","stick-header-meta":"","header-above-stick-meta":"","header-main-stick-meta":"","header-below-stick-meta":""},"categories":[758],"tags":[],"acf":[],"_links":{"self":[{"href":"https:\/\/www.cnbb.org.br\/cnbb-app\/wp\/v2\/posts\/960803"}],"collection":[{"href":"https:\/\/www.cnbb.org.br\/cnbb-app\/wp\/v2\/posts"}],"about":[{"href":"https:\/\/www.cnbb.org.br\/cnbb-app\/wp\/v2\/types\/post"}],"author":[{"embeddable":true,"href":"https:\/\/www.cnbb.org.br\/cnbb-app\/wp\/v2\/users\/132"}],"replies":[{"embeddable":true,"href":"https:\/\/www.cnbb.org.br\/cnbb-app\/wp\/v2\/comments?post=960803"}],"version-history":[{"count":3,"href":"https:\/\/www.cnbb.org.br\/cnbb-app\/wp\/v2\/posts\/960803\/revisions"}],"predecessor-version":[{"id":960806,"href":"https:\/\/www.cnbb.org.br\/cnbb-app\/wp\/v2\/posts\/960803\/revisions\/960806"}],"wp:attachment":[{"href":"https:\/\/www.cnbb.org.br\/cnbb-app\/wp\/v2\/media?parent=960803"}],"wp:term":[{"taxonomy":"category","embeddable":true,"href":"https:\/\/www.cnbb.org.br\/cnbb-app\/wp\/v2\/categories?post=960803"},{"taxonomy":"post_tag","embeddable":true,"href":"https:\/\/www.cnbb.org.br\/cnbb-app\/wp\/v2\/tags?post=960803"}],"curies":[{"name":"wp","href":"https:\/\/api.w.org\/{rel}","templated":true}]}}