{"id":960896,"date":"2024-03-28T11:54:35","date_gmt":"2024-03-28T14:54:35","guid":{"rendered":"https:\/\/www.cnbb.org.br\/?p=960896"},"modified":"2024-04-01T11:27:33","modified_gmt":"2024-04-01T14:27:33","slug":"catequistas-do-brasil-vao-receber-ministerio-de-catequista-61a-ag-cnbb","status":"publish","type":"post","link":"https:\/\/www.cnbb.org.br\/catequistas-do-brasil-vao-receber-ministerio-de-catequista-61a-ag-cnbb\/","title":{"rendered":"Catequistas do Brasil v\u00e3o receber o minist\u00e9rio de catequista durante a 61\u00aa Assembleia Geral da CNBB"},"content":{"rendered":"<p style=\"text-align: justify;\">A 61\u00aa Assembleia Geral da Confer\u00eancia Nacional dos Bispos do Brasil (CNBB) ter\u00e1 um momento especial durante sua realiza\u00e7\u00e3o, entre os dias 10 e 19 de abril, em Aparecida (SP). No dia 13 de abril, s\u00e1bado, a missa do encontro do bispos contar\u00e1 com o rito de institui\u00e7\u00e3o do minist\u00e9rio de catequistas, no qual catequistas de todos os dezenove regionais da Confer\u00eancia receber\u00e3o a designa\u00e7\u00e3o desse of\u00edcio.<\/p>\n<p style=\"text-align: justify;\">Catequistas de 19 regionais j\u00e1 est\u00e3o confirmados para a celebra\u00e7\u00e3o, que ser\u00e1 realizada no Santu\u00e1rio Nacional de Nossa Senhora Aparecida, em Aparecida (SP), a partir das 7h da manh\u00e3.<\/p>\n<p style=\"text-align: justify;\">Na prepara\u00e7\u00e3o para este momento da 61\u00aa Assembleia Geral da CNBB, ser\u00e1 realizada uma live na pr\u00f3xima quarta-feira, dia 3 de abril, para partilhas com os catequistas que ser\u00e3o institu\u00eddos ministros durante assembleia dos bispos. Ser\u00e1 poss\u00edvel acompanhar no canal da CNBB no Youtube.<\/p>\n<h3 style=\"text-align: justify;\">O minist\u00e9rio de catequistas<\/h3>\n<p style=\"text-align: justify;\">Institu\u00eddo pelo Papa Francisco com o <a href=\"https:\/\/www.vatican.va\/content\/francesco\/pt\/motu_proprio\/documents\/papa-francesco-motu-proprio-20210510_antiquum-ministerium.html\" target=\"_blank\" rel=\"noopener\"><em>motu proprio Antiquum Ministerium<\/em><\/a>, do dia 10 de maio do ano de 2021, o minist\u00e9rio de catequista &#8220;\u00e9 um servi\u00e7o est\u00e1vel prestado \u00e0 Igreja local de acordo com as exig\u00eancias pastorais identificadas&#8221; pelo bispo, e que devem ser desempenhadas de acordo com a condi\u00e7\u00e3o de crist\u00e3os leigos e leigas que recebem este minist\u00e9rio.<\/p>\n<p style=\"text-align: justify;\">O Papa Francisco destacou que o minist\u00e9rio institu\u00eddo de Catequista seja conferido a &#8220;homens e mulheres de f\u00e9 profunda e maturidade humana, que tenham uma participa\u00e7\u00e3o ativa na vida da comunidade crist\u00e3, sejam capazes de acolhimento, generosidade e vida de comunh\u00e3o fraterna&#8221;. O pont\u00edfice tamb\u00e9m orientou que esses fi\u00e9is devem receber a devida forma\u00e7\u00e3o b\u00edblica, teol\u00f3gica, pastoral e pedag\u00f3gica, &#8220;para ser sol\u00edcitos comunicadores da verdade da f\u00e9, e tenham j\u00e1 maturado uma pr\u00e9via experi\u00eancia de catequese&#8221;. Outro requisito \u00e9 que &#8220;sejam colaboradores fi\u00e9is dos presb\u00edteros e di\u00e1conos, dispon\u00edveis para exercer o minist\u00e9rio onde for necess\u00e1rio e animados por verdadeiro entusiasmo apost\u00f3lico&#8221;.<\/p>\n<h3 style=\"text-align: justify;\">O trabalho da Confer\u00eancia Episcopal<\/h3>\n<p style=\"text-align: justify;\">No Motu Proprio que instituiu o minist\u00e9rio de catequista, o Papa Francisco confiou \u00e0s Confer\u00eancias Episcopais a indica\u00e7\u00e3o dos crit\u00e9rios e o itiner\u00e1rio formativo para que seja concedido o minist\u00e9rio. Assim, a Comiss\u00e3o Episcopal para a Anima\u00e7\u00e3o B\u00edblico-Catequ\u00e9tica da CNBB preparou um documento que atende a esse pedido do Papa, em vista da aplica\u00e7\u00e3o na Igreja no Brasil. O texto foi aprovado durante a 59\u00aa Assembleia Geral da CNBB, em 2022.<\/p>\n<p style=\"text-align: justify;\">Publicado sob o n\u00famero 112, o documento <a href=\"https:\/\/www.cnbb.org.br\/novo-documento-da-cnbb-traz-consideracoes-e-criterios-para-a-instituicao-do-ministerio-de-catequista\/\">&#8220;Crit\u00e9rios e Itiner\u00e1rios para a Institui\u00e7\u00e3o do Minist\u00e9rio de Catequista&#8221;<\/a> cont\u00e9m a\u00a0 proposta de forma\u00e7\u00e3o imediata para aqueles que j\u00e1 atuam como catequistas, como tamb\u00e9m uma forma\u00e7\u00e3o mais prolongada para os que desejam ser catequistas.<\/p>\n<p style=\"text-align: justify;\">Outra tarefa da CNBB no processo de implementa\u00e7\u00e3o do minist\u00e9rio de catequista foi a tradu\u00e7\u00e3o do &#8220;Rito da Institui\u00e7\u00e3o de Catequistas\u201d, produzido pelo Dicast\u00e9rio para o Culto Divino e a Disciplina dos Sacramentos. Dessa forma, o ritual est\u00e1 dispon\u00edvel para que os bispos e as Comiss\u00f5es Diocesanas de Liturgia utilizem, como express\u00e3o do reconhecimento da Igreja a tantos leigos e leigas que, h\u00e1 tempos, dedicam suas vidas \u00e0 transmiss\u00e3o da f\u00e9 e ao an\u00fancio do Evangelho. O material pode ser adquirido nas <a href=\"https:\/\/www.edicoescnbb.com.br\/ritual-de-instituicao-de-catequistas\" target=\"_blank\" rel=\"noopener\">Edi\u00e7\u00f5es CNBB.<\/a><\/p>\n<div class=\"ast-oembed-container\" style=\"height: 100%;\"><iframe loading=\"lazy\" title=\"O Minist\u00e9rio de Catequista\" width=\"500\" height=\"281\" src=\"https:\/\/www.youtube.com\/embed\/kAvSBQqRROA?feature=oembed\" frameborder=\"0\" allow=\"accelerometer; autoplay; clipboard-write; encrypted-media; gyroscope; picture-in-picture; web-share\" referrerpolicy=\"strict-origin-when-cross-origin\" allowfullscreen><\/iframe><\/div>\n<h4 style=\"text-align: justify;\">Leia tamb\u00e9m<\/h4>\n<p style=\"text-align: justify;\">Brasileiros que receberam o minist\u00e9rio de catequista das m\u00e3os do Papa Francisco: <a href=\"https:\/\/www.cnbb.org.br\/papa-francisco-domingo-palavra-de-deus-ministros-catequistas\/\">Regina de Sousa Silva e Wanderson Saavedra Correia, em 2022,<\/a> e\u00a0<a href=\"https:\/\/www.cnbb.org.br\/brasileiras-recebem-ministerios-do-papa-francisco\/\">Maria Erivan Ferreira da Silva, em 2024.<\/a><\/p>\n<p style=\"text-align: justify;\"><a href=\"https:\/\/www.cnbb.org.br\/dom-peruzzo-motu-proprio-papa-ministerio-catequista\/\">Ser catequista, um dom de Deus &#8211; Entrevista com Dom Jos\u00e9 Ant\u00f4nio Peruzzo<\/a><\/p>\n<div class=\"elementor-column elementor-col-50 elementor-inner-column elementor-element elementor-element-f2b1fed\" data-id=\"f2b1fed\" data-element_type=\"column\">\n<div class=\"elementor-column-wrap elementor-element-populated\">\n<div class=\"elementor-widget-wrap\">\n<div class=\"elementor-element elementor-element-19d7f321 elementor-widget elementor-widget-heading\" data-id=\"19d7f321\" data-element_type=\"widget\" data-widget_type=\"heading.default\">\n<div class=\"elementor-widget-container\">\n<p class=\"elementor-heading-title elementor-size-default\" style=\"text-align: justify;\"><a href=\"https:\/\/www.cnbb.org.br\/papa-francisco-introduz-rito-para-instituir-catequistas\/\">Papa Francisco introduz Rito espec\u00edfico para instituir catequistas<\/a><\/p>\n<\/div>\n<\/div>\n<\/div>\n<\/div>\n<\/div>\n","protected":false},"excerpt":{"rendered":"<p>Catequistas de 19 regionais j\u00e1 est\u00e3o confirmados para a celebra\u00e7\u00e3o, que ser\u00e1 realizada no Santu\u00e1rio Nacional de Nossa Senhora Aparecida, em Aparecida (SP), a partir das 7h da manh\u00e3, do dia 13 de abril. Minist\u00e9rio de Catequista foi institu\u00eddo pelo Papa Francisco com o motu proprio Antiquum Ministerium, em 2021<\/p>\n","protected":false},"author":38,"featured_media":960912,"comment_status":"closed","ping_status":"closed","sticky":false,"template":"","format":"standard","meta":{"site-sidebar-layout":"default","site-content-layout":"default","ast-global-header-display":"","ast-banner-title-visibility":"","ast-main-header-display":"","ast-hfb-above-header-display":"","ast-hfb-below-header-display":"","ast-hfb-mobile-header-display":"","site-post-title":"","ast-breadcrumbs-content":"","ast-featured-img":"","footer-sml-layout":"","theme-transparent-header-meta":"default","adv-header-id-meta":"","stick-header-meta":"","header-above-stick-meta":"","header-main-stick-meta":"","header-below-stick-meta":""},"categories":[5429,800,50],"tags":[5428,3615],"acf":[],"_links":{"self":[{"href":"https:\/\/www.cnbb.org.br\/cnbb-app\/wp\/v2\/posts\/960896"}],"collection":[{"href":"https:\/\/www.cnbb.org.br\/cnbb-app\/wp\/v2\/posts"}],"about":[{"href":"https:\/\/www.cnbb.org.br\/cnbb-app\/wp\/v2\/types\/post"}],"author":[{"embeddable":true,"href":"https:\/\/www.cnbb.org.br\/cnbb-app\/wp\/v2\/users\/38"}],"replies":[{"embeddable":true,"href":"https:\/\/www.cnbb.org.br\/cnbb-app\/wp\/v2\/comments?post=960896"}],"version-history":[{"count":11,"href":"https:\/\/www.cnbb.org.br\/cnbb-app\/wp\/v2\/posts\/960896\/revisions"}],"predecessor-version":[{"id":960973,"href":"https:\/\/www.cnbb.org.br\/cnbb-app\/wp\/v2\/posts\/960896\/revisions\/960973"}],"wp:featuredmedia":[{"embeddable":true,"href":"https:\/\/www.cnbb.org.br\/cnbb-app\/wp\/v2\/media\/960912"}],"wp:attachment":[{"href":"https:\/\/www.cnbb.org.br\/cnbb-app\/wp\/v2\/media?parent=960896"}],"wp:term":[{"taxonomy":"category","embeddable":true,"href":"https:\/\/www.cnbb.org.br\/cnbb-app\/wp\/v2\/categories?post=960896"},{"taxonomy":"post_tag","embeddable":true,"href":"https:\/\/www.cnbb.org.br\/cnbb-app\/wp\/v2\/tags?post=960896"}],"curies":[{"name":"wp","href":"https:\/\/api.w.org\/{rel}","templated":true}]}}