{"id":961105,"date":"2024-04-04T13:20:29","date_gmt":"2024-04-04T16:20:29","guid":{"rendered":"https:\/\/www.cnbb.org.br\/?p=961105"},"modified":"2024-04-04T15:44:11","modified_gmt":"2024-04-04T18:44:11","slug":"subsecretario-pastoral-da-cnbb-fala-sobre-a-conversa-no-espirito","status":"publish","type":"post","link":"https:\/\/www.cnbb.org.br\/subsecretario-pastoral-da-cnbb-fala-sobre-a-conversa-no-espirito\/","title":{"rendered":"Subsecret\u00e1rio pastoral fala sobre a \u201cConversa no Esp\u00edrito\u201d, discernimento comunit\u00e1rio a ser usado na 61\u00aa AG CNBB"},"content":{"rendered":"<p style=\"text-align: justify;\"><img decoding=\"async\" loading=\"lazy\" class=\"size-medium wp-image-958243 alignleft\" src=\"https:\/\/www.cnbb.org.br\/wp-content\/uploads\/2024\/02\/Grupo-de-Assessores-Pe-Janison-300x200.jpg\" alt=\"\" width=\"300\" height=\"200\" srcset=\"https:\/\/www.cnbb.org.br\/wp-content\/uploads\/2024\/02\/Grupo-de-Assessores-Pe-Janison-300x200.jpg 300w, https:\/\/www.cnbb.org.br\/wp-content\/uploads\/2024\/02\/Grupo-de-Assessores-Pe-Janison-768x512.jpg 768w, https:\/\/www.cnbb.org.br\/wp-content\/uploads\/2024\/02\/Grupo-de-Assessores-Pe-Janison-500x333.jpg 500w, https:\/\/www.cnbb.org.br\/wp-content\/uploads\/2024\/02\/Grupo-de-Assessores-Pe-Janison.jpg 960w\" sizes=\"(max-width: 300px) 100vw, 300px\" \/>O subsecret\u00e1rio pastoral da Confer\u00eancia Nacional dos Bispos do Brasil (CNBB), padre J\u00e2nison de S\u00e1 Santos, explica como vai ser a experi\u00eancia e o m\u00e9todo da &#8220;Conversa no Esp\u00edrito&#8221;, a ser vivenciada pelo episcopado brasileiro no momento em que ir\u00e1 aprofundar e aprovar o processo de atualiza\u00e7\u00e3o das Diretrizes Gerais da A\u00e7\u00e3o Evangelizadora da Igreja no Brasil (DGAE).<\/p>\n<p style=\"text-align: justify;\">Os passos da &#8220;Conversa no Esp\u00edrito&#8221; foram utilizados na etapa Continental e tamb\u00e9m pelos padres sinodais na primeira sess\u00e3o da XVI Assembleia Geral Ordin\u00e1ria do S\u00ednodo dos Bispos que ocorreu de 4 a 29 de outubro de 2023 em Roma. Trata-se, segundo o subsecret\u00e1rio pastoral da CNBB, de um instrumento para animar o discernimento comunit\u00e1rio\u00a0conduzido pela a\u00e7\u00e3o do Esp\u00edrito Santo.<\/p>\n<blockquote>\n<p style=\"text-align: justify;\">&#8220;Os bispos do Brasil tamb\u00e9m far\u00e3o esta experi\u00eancia na Assembleia que come\u00e7a na pr\u00f3xima semana. O pr\u00f3prio Papa Francisco disse que na Conversa no Esp\u00edrito encontramos um caminho de participa\u00e7\u00e3o, voltado para a comunh\u00e3o e renova\u00e7\u00e3o da miss\u00e3o, que acolhe em unidade as diferen\u00e7as na Igreja, encontrando o caminho sempre \u00e0 luz do que inspira o Esp\u00edrito&#8221;, disse.<\/p>\n<\/blockquote>\n<p style=\"text-align: justify;\">Padre J\u00e2nison explica que durante a reflex\u00e3o do Instrumento de Trabalho sobre as Diretrizes Gerais da A\u00e7\u00e3o Evangelizadora da Igreja no Brasil os bispos ser\u00e3o distribu\u00eddos em 45 mesas sinodais, organizadas como pequenas comunidades, sendo aproximadamente 10 prelados em cada uma delas. Cada mesa ter\u00e1 a presen\u00e7a de um bispo facilitador que conduzir\u00e1 a viv\u00eancia da experi\u00eancia da &#8220;Conversa no Esp\u00edrito&#8221; entre os participantes.<\/p>\n<p>&nbsp;<\/p>\n<h3>Rodadas da Conversa no Esp\u00edrito<\/h3>\n<p style=\"text-align: justify;\">O m\u00e9todo prev\u00ea tr\u00eas rodadas precedidas sempre por um momento de ora\u00e7\u00e3o e sil\u00eancio. Na primeira ronda, todos partilham seus pensamentos e sentimentos em rela\u00e7\u00e3o \u00e0 quest\u00e3o apresentada. O convite \u00e9 para focar na escuta do outro. &#8220;Cada um pode externar, \u00e0 luz do Esp\u00edrito, o que chamou aten\u00e7\u00e3o sobre a tem\u00e1tica apresentada. Enquanto algu\u00e9m fala, os outros ouvem. Neste momento n\u00e3o existe debate&#8221;, disse.<\/p>\n<p style=\"text-align: justify;\">Na segunda ronda, tamb\u00e9m precedida por um momento de sil\u00eancio e ora\u00e7\u00e3o, cada um fala sobre o que mais chamou aten\u00e7\u00e3o sobre o que foi falado e a partir da escuta feita. O convite \u00e9 enfatizar sobre o que tocou e desafiou mais a partir da escuta feita. &#8220;\u00c9 importante lembrar que \u00e9 necess\u00e1rio buscar em todo processo as luzes do Esp\u00edrito Santo num ambiente e clima orantes&#8221;, disse padre J\u00e2nison.<\/p>\n<blockquote>\n<p style=\"text-align: justify;\">Na terceira ronda, identifica-se os pontos chaves e constr\u00f3i-se um consenso sobre os pontos chaves que surgiram a partir do discernimento em grupo iluminado pelo Esp\u00edrito. &#8220;Esta proposta permite o compartilhamento de experi\u00eancia de vida e espa\u00e7o de discernimento em uma Igreja toda sinodal. Que possamos aproveitar esta experi\u00eancia para crescermos como Igreja de Jesus Cristo e em nossa miss\u00e3o&#8221;, refor\u00e7ou o subsecret\u00e1rio de pastoral da CNBB.<\/p>\n<\/blockquote>\n<h3>O que \u00e9 a Conversa no Esp\u00edrito?<\/h3>\n<p style=\"text-align: justify;\">No v\u00eddeo abaixo, o padre jesu\u00edta \u00d3scar Mart\u00edn, explicou com exclusividade para o portal da CNBB a metodologia da Conversa\u00e7\u00e3o Espiritual, um instrumento para o discernimento comunit\u00e1rio, baseado na escuta ativa e receptiva com foco na partilha do que toca mais profundamente os participantes.<\/p>\n<div class=\"ast-oembed-container\" style=\"height: 100%;\"><iframe loading=\"lazy\" title=\"Conversa\u00e7\u00e3o Espiritual - Pe. \u00d3scar Mart\u00edn, SJ\" width=\"500\" height=\"281\" src=\"https:\/\/www.youtube.com\/embed\/Tr3AI16Pg7g?feature=oembed\" frameborder=\"0\" allow=\"accelerometer; autoplay; clipboard-write; encrypted-media; gyroscope; picture-in-picture; web-share\" referrerpolicy=\"strict-origin-when-cross-origin\" allowfullscreen><\/iframe><\/div>\n<p>&nbsp;<\/p>\n<p>&nbsp;<\/p>\n<p>&nbsp;<\/p>\n<p>&nbsp;<\/p>\n<p>&nbsp;<\/p>\n<p>&nbsp;<\/p>\n<p>&nbsp;<\/p>\n<p>&nbsp;<\/p>\n","protected":false},"excerpt":{"rendered":"<p>Os passos da &#8220;Conversa no Esp\u00edrito&#8221; foram utilizados na etapa Continental e tamb\u00e9m pelos padres sinodais na primeira sess\u00e3o da XVI Assembleia Geral Ordin\u00e1ria do S\u00ednodo dos Bispos que ocorreu de 4 a 29 de outubro de 2023 em Roma. Trata-se, segundo o subsecret\u00e1rio pastoral da CNBB, de um instrumento para animar o discernimento comunit\u00e1rio\u00a0conduzido pela a\u00e7\u00e3o do Esp\u00edrito Santo<\/p>\n","protected":false},"author":142,"featured_media":961122,"comment_status":"closed","ping_status":"closed","sticky":false,"template":"","format":"standard","meta":{"site-sidebar-layout":"default","site-content-layout":"default","ast-global-header-display":"","ast-banner-title-visibility":"","ast-main-header-display":"","ast-hfb-above-header-display":"","ast-hfb-below-header-display":"","ast-hfb-mobile-header-display":"","site-post-title":"","ast-breadcrumbs-content":"","ast-featured-img":"","footer-sml-layout":"","theme-transparent-header-meta":"default","adv-header-id-meta":"","stick-header-meta":"","header-above-stick-meta":"","header-main-stick-meta":"","header-below-stick-meta":""},"categories":[5429,1841],"tags":[5428,5476,2332],"acf":[],"_links":{"self":[{"href":"https:\/\/www.cnbb.org.br\/cnbb-app\/wp\/v2\/posts\/961105"}],"collection":[{"href":"https:\/\/www.cnbb.org.br\/cnbb-app\/wp\/v2\/posts"}],"about":[{"href":"https:\/\/www.cnbb.org.br\/cnbb-app\/wp\/v2\/types\/post"}],"author":[{"embeddable":true,"href":"https:\/\/www.cnbb.org.br\/cnbb-app\/wp\/v2\/users\/142"}],"replies":[{"embeddable":true,"href":"https:\/\/www.cnbb.org.br\/cnbb-app\/wp\/v2\/comments?post=961105"}],"version-history":[{"count":12,"href":"https:\/\/www.cnbb.org.br\/cnbb-app\/wp\/v2\/posts\/961105\/revisions"}],"predecessor-version":[{"id":961142,"href":"https:\/\/www.cnbb.org.br\/cnbb-app\/wp\/v2\/posts\/961105\/revisions\/961142"}],"wp:featuredmedia":[{"embeddable":true,"href":"https:\/\/www.cnbb.org.br\/cnbb-app\/wp\/v2\/media\/961122"}],"wp:attachment":[{"href":"https:\/\/www.cnbb.org.br\/cnbb-app\/wp\/v2\/media?parent=961105"}],"wp:term":[{"taxonomy":"category","embeddable":true,"href":"https:\/\/www.cnbb.org.br\/cnbb-app\/wp\/v2\/categories?post=961105"},{"taxonomy":"post_tag","embeddable":true,"href":"https:\/\/www.cnbb.org.br\/cnbb-app\/wp\/v2\/tags?post=961105"}],"curies":[{"name":"wp","href":"https:\/\/api.w.org\/{rel}","templated":true}]}}