{"id":961135,"date":"2024-04-04T14:06:09","date_gmt":"2024-04-04T17:06:09","guid":{"rendered":"https:\/\/www.cnbb.org.br\/?p=961135"},"modified":"2024-04-04T14:06:58","modified_gmt":"2024-04-04T17:06:58","slug":"para-alcancar-a-misericordia-de-deus","status":"publish","type":"post","link":"https:\/\/www.cnbb.org.br\/para-alcancar-a-misericordia-de-deus\/","title":{"rendered":"Para alcan\u00e7ar a miseric\u00f3rdia de Deus"},"content":{"rendered":"<p style=\"text-align: right;\"><b><span data-contrast=\"none\">Dom Alberto Taveira Corr\u00eaa<br \/>\n<\/span><\/b><strong>Arcebispo de Bel\u00e9m do Par\u00e1 (PA)<\/strong><\/p>\n<p style=\"text-align: justify;\"><span data-ccp-props=\"{&quot;201341983&quot;:0,&quot;335551550&quot;:2,&quot;335551620&quot;:2,&quot;335559739&quot;:0,&quot;335559740&quot;:240}\">\u00a0<\/span><\/p>\n<p style=\"text-align: justify;\"><span data-contrast=\"auto\">Neste final de semana celebramos com a Igreja o Segundo Domingo da P\u00e1scoa, o Domingo da Miseric\u00f3rdia. Importante observar, desde j\u00e1, que a miseric\u00f3rdia n\u00e3o \u00e9 uma montanha a ser escalada com m\u00e9ritos e esfor\u00e7os de nossa parte, pelo que dizemos \u201calcan\u00e7ar\u201d de forma positivamente provocante, para tomarmos consci\u00eancia daquilo que \u00e9 esta extraordin\u00e1ria e sobrenatural experi\u00eancia, destinada inclusive a transformar-nos em seus ap\u00f3stolos pelo mundo afora.<\/span><span data-ccp-props=\"{&quot;201341983&quot;:0,&quot;335551550&quot;:6,&quot;335551620&quot;:6,&quot;335559731&quot;:708,&quot;335559740&quot;:240}\">\u00a0<\/span><\/p>\n<p style=\"text-align: justify;\"><span data-contrast=\"auto\">Come\u00e7amos nossa reflex\u00e3o com um canto que ressoa por todo o nosso pa\u00eds nestes dias pascais: \u201cPor sua morte, a morte viu o fim, do sangue derramado a vida renasceu. Seu p\u00e9 ferido novo estrada abriu e neste homem, o homem enfim se descobriu! Meu cora\u00e7\u00e3o me diz: o amor me amou e se entregou por mim, Jesus ressuscitou! Passou a escurid\u00e3o, o sol nasceu, a vida triunfou, Jesus ressuscitou! \u2018Jesus me amou e se entregou por mim\u2019, os homens todos podem o mesmo repetir. N\u00e3o temeremos mais a morte e a dor, o cora\u00e7\u00e3o humano em Cristo descansou\u201d. Trata-se de uma estrada de m\u00e3o dupla!<\/span><span data-ccp-props=\"{&quot;201341983&quot;:0,&quot;335551550&quot;:6,&quot;335551620&quot;:6,&quot;335559731&quot;:708,&quot;335559740&quot;:240}\">\u00a0<\/span><\/p>\n<p style=\"text-align: justify;\"><span data-contrast=\"auto\">Quem come\u00e7a \u00e9 Deus! A Miseric\u00f3rdia desce do alto, n\u00e3o vem de n\u00f3s: \u201cDeus, rico em miseric\u00f3rdia, pelo imenso amor com que nos amou, quando ainda est\u00e1vamos mortos por causa dos nossos pecados, deu-nos a vida com Cristo. \u00c9 por gra\u00e7a que fostes salvos!\u201d (Ef 2,4). O caminho come\u00e7a no alto, do \u00edntimo da vida da Trindade, por livre iniciativa de Deus, que envia seu Filho amado, assumindo a condi\u00e7\u00e3o de servo, feito obediente at\u00e9 a morte de Cruz, para resgatar os que foram escravizados pelo pecado, todos n\u00f3s! Assim, o primeiro movimento a ser assumido \u00e9 da total e irrestrita abertura do cora\u00e7\u00e3o \u00e0 iniciativa misericordiosa de Deus. Primeira esta\u00e7\u00e3o na estrada da Miseric\u00f3rdia! E aqui cabe um an\u00fancio: Ningu\u00e9m \u00e9 exclu\u00eddo, independentemente de sua hist\u00f3ria de falhas ou pecados. Sintam-se todos bem vindos na estrada e na casa da Miseric\u00f3rdia de Deus.<\/span><span data-ccp-props=\"{&quot;201341983&quot;:0,&quot;335551550&quot;:6,&quot;335551620&quot;:6,&quot;335559731&quot;:708,&quot;335559740&quot;:240}\">\u00a0<\/span><\/p>\n<p style=\"text-align: justify;\"><span data-contrast=\"auto\">Estando tantas vezes com as portas do cora\u00e7\u00e3o e das casas fechadas (cf. Jo 20,19-31) por nos sentirmos fr\u00e1geis e medrosos como os disc\u00edpulos, \u00e9 hora de tomar conhecimento de que n\u00e3o existem hist\u00f3rias machucadas, depress\u00f5es, cicatrizes, traumas, crises pessoais, listas de pecados, brigas com Deus e com os outros, confus\u00f5es na fam\u00edlia ou na Par\u00f3quia, d\u00favidas, nada disso impede de ouvir a sauda\u00e7\u00e3o do Ressuscitado: \u201cA paz esteja convosco!\u201d Este \u00e9 o segundo passo na estrada para alcan\u00e7ar a miseric\u00f3rdia de Deus, a segunda esta\u00e7\u00e3o nesta estrada maravilhosa, at\u00e9 porque ele nos conhece, podendo penetrar at\u00e9 o \u00e2mago mais profundo de nossa hist\u00f3ria pessoal, inclusive e de modo especial os nossos pecados, numa viagem amorosa na qual ele j\u00e1 traz empunhada a bandeira do perd\u00e3o, com a Cruz gloriosa, semelhante \u00e0quela que muitos artistas representaram na figura do Ressuscitado.<\/span><span data-ccp-props=\"{&quot;201341983&quot;:0,&quot;335551550&quot;:6,&quot;335551620&quot;:6,&quot;335559731&quot;:708,&quot;335559740&quot;:240}\">\u00a0<\/span><\/p>\n<p style=\"text-align: justify;\"><span data-contrast=\"auto\">Abrir os olhos para ver as m\u00e3os feridas e o lado de Jesus \u00e9 o terceiro passo! \u201cPor suas santas chagas, suas chagas gloriosas, o Cristo Senhor nos proteja e nos guarde. Am\u00e9m!\u201d Assim ouvimos no in\u00edcio da Vig\u00edlia Pascal. Jesus rezou assim pelos seus disc\u00edpulos: \u201cEu lhes dei a tua palavra, mas o mundo os odiou, porque eles n\u00e3o s\u00e3o do mundo, como eu n\u00e3o sou do mundo. Eu n\u00e3o pe\u00e7o que os tires do mundo, mas que os guardes do maligno. Eles n\u00e3o s\u00e3o do mundo, como eu n\u00e3o sou do mundo. Consagra-os pela verdade: a tua palavra \u00e9 a verdade\u201d (Jo 17,14-17). Os disc\u00edpulos de todos os tempos devem reconhecer as chagas de Jesus e tamb\u00e9m de seu Corpo M\u00edstico que \u00e9 a Igreja sem se escandalizarem. N\u00e3o somos vacinados contra os problemas, os desafios e as lutas, mas tudo enfrentamos com a coragem da f\u00e9. J\u00e1 aprendemos que \u201camar a Deus consiste nisto: que observemos os seus mandamentos. E os seus mandamentos n\u00e3o s\u00e3o pesados, pois todo aquele que foi gerado de Deus vence o mundo. E esta \u00e9 a vit\u00f3ria que venceu o mundo: a nossa f\u00e9. Quem \u00e9 o vencedor do mundo, sen\u00e3o aquele que cr\u00ea que Jesus \u00e9 o Filho de Deus? (1 Jo 5,3-5). Na f\u00e9, saibamos dar nome a todas as dores f\u00edsicas, emocionais, psicol\u00f3gicas e espirituais, transformando em amor, unidos a Cristo. E at\u00e9 ouvimos de novo: \u201cA paz esteja convosco!\u201d (Jo 20,21).<\/span><span data-ccp-props=\"{&quot;201341983&quot;:0,&quot;335551550&quot;:6,&quot;335551620&quot;:6,&quot;335559731&quot;:708,&quot;335559740&quot;:240}\">\u00a0<\/span><\/p>\n<p style=\"text-align: justify;\"><span data-contrast=\"auto\">Quarto passo: o sopro do Esp\u00edrito Santo sobre a Igreja \u00e9 que lhe garante as for\u00e7as necess\u00e1rias. Ele tirou de dentro de si a pr\u00f3pria for\u00e7a e poder! A miss\u00e3o do Filho amado do Pai, com suas chagas gloriosas, \u00e9 agora entregue aos Ap\u00f3stolos reunidos e, neles, \u00e0 Igreja: \u201cRecebei o Esp\u00edrito Santo. A quem perdoardes os pecados, ser\u00e3o perdoados; a quem os retiverdes, lhes ser\u00e3o retidos\u201d (Jo 20,23). De nossa parte, nas\u00e7a a absoluta confian\u00e7a no Sacramento do Perd\u00e3o e da Reconcilia\u00e7\u00e3o, fonte inesgot\u00e1vel da Miseric\u00f3rdia. Somos tomados pelas m\u00e3os de Jesus Misericordioso e conduzidos \u00e0 Confiss\u00e3o! Nenhum medo, nenhum fingimento ou mentira, mas abertura total do cora\u00e7\u00e3o para alcan\u00e7ar a miseric\u00f3rdia, que j\u00e1 estava dispon\u00edvel para cada um de n\u00f3s no des\u00edgnio infinito do amor de Deus.<\/span><span data-ccp-props=\"{&quot;201341983&quot;:0,&quot;335551550&quot;:6,&quot;335551620&quot;:6,&quot;335559731&quot;:708,&quot;335559740&quot;:240}\">\u00a0<\/span><\/p>\n<p style=\"text-align: justify;\"><span data-contrast=\"auto\">Entretanto, sabemos que Tom\u00e9 nos representa, e com ele damos o quinto um passo! \u00c9 que n\u00e3o somos perfeitos, temos dificuldades para aceitar o testemunho dado pelos outros, ficamos por fora, quando nosso lugar \u00e9 estar no dia do Senhor no lugar certo da Celebra\u00e7\u00e3o Eucar\u00edstica, e da\u00ed por diante. Tamb\u00e9m nossas d\u00favidas s\u00e3o acolhidas no mar da miseric\u00f3rdia de Deus. \u00c9 necess\u00e1rio ser honestos, perguntar, querer saber, reconhecer-se fr\u00e1gil diante das palavras dos outros, para depois ter coragem, na semana seguinte, de dizer \u201cMeu Senhor e meu Deus\u201d. Talvez Tom\u00e9 tenha nos ajudado mais do que os outros, porque estes tamb\u00e9m viram! (Jo 20,24-29)<\/span><span data-ccp-props=\"{&quot;201341983&quot;:0,&quot;335551550&quot;:6,&quot;335551620&quot;:6,&quot;335559731&quot;:708,&quot;335559740&quot;:240}\">\u00a0<\/span><\/p>\n<p style=\"text-align: justify;\"><span data-contrast=\"auto\">E chegamos ao final da Jornada da Miseric\u00f3rdia, o sexto passo, acolhendo com santo orgulho nossa participa\u00e7\u00e3o na narrativa do Evangelho: \u201cBem-aventurados os que n\u00e3o viram, e creram!\u201d. Experimentemos a alegria de sentirmo-nos inscritos nos muitos livros e narrativas escritos no correr na hist\u00f3ria, com os sinais que Jesus continua a realizar na hist\u00f3ria do mundo, at\u00e9 que ele volte. O s\u00e9timo passo, \u00e9 o mergulho na vida da Trindade, a perfei\u00e7\u00e3o, a miseric\u00f3rdia realizada! \u00c9 a Primeira Carta de S\u00e3o Jo\u00e3o que nos assegura: \u201cVede que grande presente de amor o Pai nos deu: sermos chamados filhos de Deus! E n\u00f3s o somos! Se o mundo n\u00e3o nos conhece, \u00e9 porque n\u00e3o conheceu o Pai. Car\u00edssimos, desde j\u00e1 somos filhos de Deus, mas nem sequer se manifestou o que seremos! Sabemos que, quando Jesus se manifestar, seremos semelhantes a ele, porque o veremos tal como ele \u00e9\u201d (1 Jo 3,1-2).<\/span><span data-ccp-props=\"{&quot;201341983&quot;:0,&quot;335551550&quot;:6,&quot;335551620&quot;:6,&quot;335559731&quot;:708,&quot;335559740&quot;:240}\">\u00a0<\/span><\/p>\n","protected":false},"excerpt":{"rendered":"<p>Dom Alberto Taveira Corr\u00eaa Arcebispo de Bel\u00e9m do Par\u00e1 (PA) \u00a0 Neste final de semana celebramos com a Igreja o Segundo Domingo da P\u00e1scoa, o Domingo da Miseric\u00f3rdia. Importante observar, desde j\u00e1, que a miseric\u00f3rdia n\u00e3o \u00e9 uma montanha a ser escalada com m\u00e9ritos e esfor\u00e7os de nossa parte, pelo que dizemos \u201calcan\u00e7ar\u201d de forma &hellip;<\/p>\n<p class=\"read-more\"> <a class=\"\" href=\"https:\/\/www.cnbb.org.br\/para-alcancar-a-misericordia-de-deus\/\"> <span class=\"screen-reader-text\">Para alcan\u00e7ar a miseric\u00f3rdia de Deus<\/span> Leia mais &raquo;<\/a><\/p>\n","protected":false},"author":21,"featured_media":0,"comment_status":"closed","ping_status":"closed","sticky":false,"template":"","format":"standard","meta":{"site-sidebar-layout":"default","site-content-layout":"default","ast-global-header-display":"","ast-banner-title-visibility":"","ast-main-header-display":"","ast-hfb-above-header-display":"","ast-hfb-below-header-display":"","ast-hfb-mobile-header-display":"","site-post-title":"","ast-breadcrumbs-content":"","ast-featured-img":"","footer-sml-layout":"","theme-transparent-header-meta":"default","adv-header-id-meta":"","stick-header-meta":"","header-above-stick-meta":"","header-main-stick-meta":"","header-below-stick-meta":""},"categories":[758],"tags":[],"acf":[],"_links":{"self":[{"href":"https:\/\/www.cnbb.org.br\/cnbb-app\/wp\/v2\/posts\/961135"}],"collection":[{"href":"https:\/\/www.cnbb.org.br\/cnbb-app\/wp\/v2\/posts"}],"about":[{"href":"https:\/\/www.cnbb.org.br\/cnbb-app\/wp\/v2\/types\/post"}],"author":[{"embeddable":true,"href":"https:\/\/www.cnbb.org.br\/cnbb-app\/wp\/v2\/users\/21"}],"replies":[{"embeddable":true,"href":"https:\/\/www.cnbb.org.br\/cnbb-app\/wp\/v2\/comments?post=961135"}],"version-history":[{"count":3,"href":"https:\/\/www.cnbb.org.br\/cnbb-app\/wp\/v2\/posts\/961135\/revisions"}],"predecessor-version":[{"id":961138,"href":"https:\/\/www.cnbb.org.br\/cnbb-app\/wp\/v2\/posts\/961135\/revisions\/961138"}],"wp:attachment":[{"href":"https:\/\/www.cnbb.org.br\/cnbb-app\/wp\/v2\/media?parent=961135"}],"wp:term":[{"taxonomy":"category","embeddable":true,"href":"https:\/\/www.cnbb.org.br\/cnbb-app\/wp\/v2\/categories?post=961135"},{"taxonomy":"post_tag","embeddable":true,"href":"https:\/\/www.cnbb.org.br\/cnbb-app\/wp\/v2\/tags?post=961135"}],"curies":[{"name":"wp","href":"https:\/\/api.w.org\/{rel}","templated":true}]}}