{"id":961265,"date":"2024-04-09T10:58:12","date_gmt":"2024-04-09T13:58:12","guid":{"rendered":"https:\/\/www.cnbb.org.br\/?p=961265"},"modified":"2024-04-09T10:59:39","modified_gmt":"2024-04-09T13:59:39","slug":"3-domingo-do-tempo-pascal","status":"publish","type":"post","link":"https:\/\/www.cnbb.org.br\/3-domingo-do-tempo-pascal\/","title":{"rendered":"3\u00b0 Domingo do Tempo Pascal"},"content":{"rendered":"<p style=\"text-align: right;\"><b><span data-contrast=\"auto\">Dom Carmo Jo\u00e3o Rhoden<br \/>\n<\/span><\/b><b><span data-contrast=\"auto\">Bispo Em\u00e9rito de Taubat\u00e9 (SP)<\/span><\/b><span data-ccp-props=\"{&quot;201341983&quot;:0,&quot;335551550&quot;:2,&quot;335551620&quot;:2,&quot;335559739&quot;:160,&quot;335559740&quot;:259}\">\u00a0<\/span><\/p>\n<p>&nbsp;<\/p>\n<p>&nbsp;<\/p>\n<p style=\"text-align: justify;\"><b><span data-contrast=\"auto\">3\u00b0 Domingo do Tempo Pascal \u2013 14\/04\/2024 \u2013 (Lc 24,35-48)<\/span><\/b><span data-ccp-props=\"{&quot;201341983&quot;:0,&quot;335551550&quot;:2,&quot;335551620&quot;:2,&quot;335559739&quot;:160,&quot;335559740&quot;:360}\">\u00a0<\/span><\/p>\n<p style=\"text-align: justify;\"><span data-contrast=\"auto\">Ainda estavam falando, quando o pr\u00f3prio Jesus apareceu no meio deles e lhes disse: \u201cA paz esteja convosco&#8230;\u201d. Jesus ent\u00e3o lhes pergunta: \u201cPor que estais preocupados e tendes d\u00favidas no cora\u00e7\u00e3o, vede minhas m\u00e3os e meus p\u00e9s, sou eu mesmo, tocai em mim e vede? \u201d \u201cUm fantasma n\u00e3o tem carne e nem ossos, como estais vendo que eu tenho\u201d (Lc 24,36-40).\u00a0<\/span><span data-ccp-props=\"{&quot;201341983&quot;:0,&quot;335551550&quot;:6,&quot;335551620&quot;:6,&quot;335559739&quot;:160,&quot;335559740&quot;:360}\">\u00a0<\/span><\/p>\n<p style=\"text-align: justify;\"><span data-contrast=\"auto\">Jesus \u00e9 sempre o mesmo, antes e depois da ressurei\u00e7\u00e3o, no entanto agora Ele est\u00e1 glorificado, porque ressuscitado. Os disc\u00edpulos de Ema\u00fas o conheciam bem, mas n\u00e3o o reconheceram. Acharam, at\u00e9, que era um fantasma&#8230; entendemos bem? Jesus passou at\u00e9 por um fantasma, tudo menos isso&#8230; mas at\u00e9 por isso ele passou&#8230;<\/span><span data-ccp-props=\"{&quot;201341983&quot;:0,&quot;335551550&quot;:6,&quot;335551620&quot;:6,&quot;335559739&quot;:160,&quot;335559740&quot;:360}\">\u00a0<\/span><\/p>\n<p style=\"text-align: justify;\"><span data-contrast=\"auto\">Jesus se identificou dizendo-lhes: \u201cA paz esteja convosco\u201d. Jesus \u00e9 a pr\u00f3pria paz de Deus, para isso, veio, sofreu, morreu e ressuscitou. Deus nos criou por amor e para amar. E quis que viv\u00eassemos em paz que \u00e9 sempre Dom de Deus e busca nossa. Ele sempre a desejou ainda, hoje, a deseja e propicia, aos bem entusiasmados.\u00a0<\/span><span data-ccp-props=\"{&quot;201341983&quot;:0,&quot;335551550&quot;:6,&quot;335551620&quot;:6,&quot;335559739&quot;:160,&quot;335559740&quot;:360}\">\u00a0<\/span><\/p>\n<p style=\"text-align: justify;\"><span data-contrast=\"auto\">Jesus, diz o texto, abriu a intelig\u00eancia dos disc\u00edpulos, para que entendessem as Escrituras: as do Antigo e as do Novo Testamento. Eles a entenderam. Cumpre-nos hoje, em tempos bem diferentes, entend\u00ea-las bem e viv\u00ea-las fielmente. Somos ouvintes e disc\u00edpulos. A Deus n\u00e3o se v\u00ea, mas pode ser percebido pela obra de sua cria\u00e7\u00e3o e pela audi\u00e7\u00e3o de sua Palavra. Al\u00e9m disso, devo afirmar que todo crist\u00e3o, leigo, religioso e presb\u00edtero deve tornar-se disc\u00edpulo misericordioso, como o Mestre. At\u00e9 que ponto o somos?<\/span><span data-ccp-props=\"{&quot;201341983&quot;:0,&quot;335551550&quot;:6,&quot;335551620&quot;:6,&quot;335559739&quot;:160,&quot;335559740&quot;:360}\">\u00a0<\/span><\/p>\n<p style=\"text-align: justify;\"><span data-contrast=\"auto\">Lembro que Jesus ressaltou: Que feliz ser\u00edamos n\u00f3s, que n\u00e3o pudemos v\u00ea-lo, mas ouvi-lo pela audi\u00e7\u00e3o de sua Palavra. Meditemos&#8230;\u00a0<\/span><span data-ccp-props=\"{&quot;201341983&quot;:0,&quot;335551550&quot;:6,&quot;335551620&quot;:6,&quot;335559739&quot;:160,&quot;335559740&quot;:360}\">\u00a0<\/span><\/p>\n<p><span data-ccp-props=\"{&quot;201341983&quot;:0,&quot;335551550&quot;:2,&quot;335551620&quot;:2,&quot;335559739&quot;:160,&quot;335559740&quot;:360}\">\u00a0<\/span><\/p>\n<p>&nbsp;<\/p>\n","protected":false},"excerpt":{"rendered":"<p>Dom Carmo Jo\u00e3o Rhoden Bispo Em\u00e9rito de Taubat\u00e9 (SP)\u00a0 &nbsp; &nbsp; 3\u00b0 Domingo do Tempo Pascal \u2013 14\/04\/2024 \u2013 (Lc 24,35-48)\u00a0 Ainda estavam falando, quando o pr\u00f3prio Jesus apareceu no meio deles e lhes disse: \u201cA paz esteja convosco&#8230;\u201d. Jesus ent\u00e3o lhes pergunta: \u201cPor que estais preocupados e tendes d\u00favidas no cora\u00e7\u00e3o, vede minhas m\u00e3os &hellip;<\/p>\n<p class=\"read-more\"> <a class=\"\" href=\"https:\/\/www.cnbb.org.br\/3-domingo-do-tempo-pascal\/\"> <span class=\"screen-reader-text\">3\u00b0 Domingo do Tempo Pascal<\/span> Leia mais &raquo;<\/a><\/p>\n","protected":false},"author":132,"featured_media":0,"comment_status":"closed","ping_status":"closed","sticky":false,"template":"","format":"standard","meta":{"site-sidebar-layout":"default","site-content-layout":"default","ast-global-header-display":"","ast-banner-title-visibility":"","ast-main-header-display":"","ast-hfb-above-header-display":"","ast-hfb-below-header-display":"","ast-hfb-mobile-header-display":"","site-post-title":"","ast-breadcrumbs-content":"","ast-featured-img":"","footer-sml-layout":"","theme-transparent-header-meta":"default","adv-header-id-meta":"","stick-header-meta":"","header-above-stick-meta":"","header-main-stick-meta":"","header-below-stick-meta":""},"categories":[758],"tags":[],"acf":[],"_links":{"self":[{"href":"https:\/\/www.cnbb.org.br\/cnbb-app\/wp\/v2\/posts\/961265"}],"collection":[{"href":"https:\/\/www.cnbb.org.br\/cnbb-app\/wp\/v2\/posts"}],"about":[{"href":"https:\/\/www.cnbb.org.br\/cnbb-app\/wp\/v2\/types\/post"}],"author":[{"embeddable":true,"href":"https:\/\/www.cnbb.org.br\/cnbb-app\/wp\/v2\/users\/132"}],"replies":[{"embeddable":true,"href":"https:\/\/www.cnbb.org.br\/cnbb-app\/wp\/v2\/comments?post=961265"}],"version-history":[{"count":2,"href":"https:\/\/www.cnbb.org.br\/cnbb-app\/wp\/v2\/posts\/961265\/revisions"}],"predecessor-version":[{"id":961271,"href":"https:\/\/www.cnbb.org.br\/cnbb-app\/wp\/v2\/posts\/961265\/revisions\/961271"}],"wp:attachment":[{"href":"https:\/\/www.cnbb.org.br\/cnbb-app\/wp\/v2\/media?parent=961265"}],"wp:term":[{"taxonomy":"category","embeddable":true,"href":"https:\/\/www.cnbb.org.br\/cnbb-app\/wp\/v2\/categories?post=961265"},{"taxonomy":"post_tag","embeddable":true,"href":"https:\/\/www.cnbb.org.br\/cnbb-app\/wp\/v2\/tags?post=961265"}],"curies":[{"name":"wp","href":"https:\/\/api.w.org\/{rel}","templated":true}]}}