{"id":961636,"date":"2024-04-13T10:58:30","date_gmt":"2024-04-13T13:58:30","guid":{"rendered":"https:\/\/www.cnbb.org.br\/?p=961636"},"modified":"2024-04-14T21:20:05","modified_gmt":"2024-04-15T00:20:05","slug":"a-imprensa-bispos-ressaltam-aspectos-de-comunhao-e-escuta-em-meio-a-realidade-plural-e-individualista","status":"publish","type":"post","link":"https:\/\/www.cnbb.org.br\/a-imprensa-bispos-ressaltam-aspectos-de-comunhao-e-escuta-em-meio-a-realidade-plural-e-individualista\/","title":{"rendered":"\u00c0 imprensa, bispos ressaltam aspectos de comunh\u00e3o e escuta em meio \u00e0 realidade plural e individualista"},"content":{"rendered":"<p style=\"text-align: justify;\">A terceira coletiva de imprensa da 61\u00aa Assembleia Geral (AG) da Confer\u00eancia Nacional dos Bispos do Brasil (CNBB), realizada na manh\u00e3 do s\u00e1bado, dia 13, teve como pautas a an\u00e1lise de conjuntura eclesial, o Ano Jubilar, o processo sinodal e a miss\u00e3o do Conselho Episcopal Latino-Americano (CELAM).<\/p>\n<h3>\u201cNossa meta \u00e9 Cristo&#8230;\u201d<\/h3>\n<p style=\"text-align: justify;\">Sobre o Jubileu da Esperan\u00e7a, com in\u00edcio na noite do Natal de 2024, \u00e0 imprensa, o arcebispo de Goi\u00e2nia (GO) e primeiro vice-presidente da CNBB, dom Jo\u00e3o Justino de Medeiros Silva, destacou que \u201ca esperan\u00e7a da humanidade \u00e9 Jesus Cristo morto e ressuscitado\u201d e, que, num mundo marcado pela viol\u00eancia e pela guerra, \u00e9 importante que os cat\u00f3licos, com o testemunho prof\u00e9tico e coerente, \u201cproclamem a esperan\u00e7a de quem acolhe o Evangelho\u201d.<\/p>\n<p style=\"text-align: justify;\">Dom Jo\u00e3o Justino explicou que a Igreja no Brasil aguarda as indica\u00e7\u00f5es do Papa Francisco para a celebra\u00e7\u00e3o jubilar, mas que j\u00e1 come\u00e7ou a articula\u00e7\u00e3o, a fim de dinamizar pastoralmente a iniciativa por meio de um encontro que ocorreu em Bras\u00edlia (DF), para representantes das dioceses, nos dias 29 e 30 de janeiro, com a assessoria do prefeito do Dicast\u00e9rio para a Evangeliza\u00e7\u00e3o e tamb\u00e9m coordenador do Jubileu de 2025, dom Rino Fisichella.<\/p>\n<h3>Escuta e proximidade<\/h3>\n<p style=\"text-align: justify;\">\u201cSer\u00e1 uma grande festa do povo de Deus que celebra sua f\u00e9 e o mist\u00e9rio da reden\u00e7\u00e3o\u201d, explicou o arcebispo de Goi\u00e2nia ao afirmar que o Papa Francisco presenteia a Igreja com a oportunidade de olhar a realidade vivida e descobrir os campos que precisam ser tocados pelo an\u00fancio de Jesus Cristo, \u201ca alegria de nossa esperan\u00e7a\u201d, e concluiu: \u201ca peregrina\u00e7\u00e3o jubilar \u00e9 uma met\u00e1fora do que \u00e9 a vida. Nossa meta \u00e9 Cristo, a vida eterna!\u201d.<\/p>\n<p style=\"text-align: justify;\">O bispo de Cama\u00e7ari (BA) e membro da comiss\u00e3o brasileira do S\u00ednodo sobre a Sinodalidade, dom Dirceu de Oliveira Medeiros, disse que as dioceses do pa\u00eds continuam a caminhada sinodal a partir da acolhida pastoral do Relat\u00f3rio de S\u00edntese, amplamente divulgado. Ele enfatizou \u201cque a sinodalidade \u00e9 novo modo da Igreja se portar no terceiro mil\u00eanio\u201d. Retomando o m\u00e9todo \u2018Conversa no Esp\u00edrito\u2019, iniciado na 61\u00aa edi\u00e7\u00e3o da AG, ele relatou que a din\u00e2mica \u201ctem se mostrado eficaz para o discernimento eclesial\u201d.<\/p>\n<p style=\"text-align: justify;\">O representante da CNBB no S\u00ednodo disse que os membros da Igreja est\u00e3o desafiados a caminhar como irm\u00e3os e irm\u00e3s e que tamb\u00e9m toda a sociedade \u201c\u00e9 convidada a aprender com m\u00e9todo de escuta e de proximidade\u201d.<\/p>\n<h3>Realidade plural<\/h3>\n<p style=\"text-align: justify;\"><img decoding=\"async\" loading=\"lazy\" class=\"size-medium wp-image-961641 alignleft\" src=\"https:\/\/www.cnbb.org.br\/wp-content\/uploads\/2024\/04\/Dom-Joel-Adielson-Agrelos-300x200.jpeg\" alt=\"\" width=\"300\" height=\"200\" srcset=\"https:\/\/www.cnbb.org.br\/wp-content\/uploads\/2024\/04\/Dom-Joel-Adielson-Agrelos-300x200.jpeg 300w, https:\/\/www.cnbb.org.br\/wp-content\/uploads\/2024\/04\/Dom-Joel-Adielson-Agrelos-1024x682.jpeg 1024w, https:\/\/www.cnbb.org.br\/wp-content\/uploads\/2024\/04\/Dom-Joel-Adielson-Agrelos-768x512.jpeg 768w, https:\/\/www.cnbb.org.br\/wp-content\/uploads\/2024\/04\/Dom-Joel-Adielson-Agrelos-500x333.jpeg 500w, https:\/\/www.cnbb.org.br\/wp-content\/uploads\/2024\/04\/Dom-Joel-Adielson-Agrelos.jpeg 1237w\" sizes=\"(max-width: 300px) 100vw, 300px\" \/>Com o bin\u00f4mio \u2018individualiza\u00e7\u00e3o\u2019 e \u2018pluraliza\u00e7\u00e3o\u2019, o bispo de Petr\u00f3polis (RJ), Joel Portella Amado, discorreu sobre a an\u00e1lise de conjuntura eclesial\u00a0enfatizando que os fi\u00e9is e os ministros ordenadores vivem \u201cnum mundo marcado por profundas transforma\u00e7\u00f5es\u201d e que na realidade plural e individual apresentada, \u201ca proximidade, o conv\u00edvio e a cumplicidade\u201d, caracter\u00edsticas das comunidades eclesiais, evidenciam o testemunho evang\u00e9lico e real\u00e7am o modo solid\u00e1rio de ser Igreja, \u201cna escuta e no di\u00e1logo de todos\u201d.<\/p>\n<h3>Renovar as estruturas<\/h3>\n<p style=\"text-align: justify;\">No que tange o papel do CELAM, o bispo auxiliar de Cusco, no Peru, e secret\u00e1rio-geral da entidade, dom Lizardo Estrada, ressaltou que o episcopado latino-americano, composto por 22 confer\u00eancias episcopais, \u201creafirma a comunh\u00e3o, a fraternidade e a colegialidade entre si e com o Papa Francisco\u201d e que por meio de cursos e motiva\u00e7\u00f5es pastorais, o CELAM \u201cquer renovar as estruturas por meio da convers\u00e3o pastoral como disc\u00edpulos mission\u00e1rios de Jesus Cristo!\u201d, finalizou.<\/p>\n<p><strong>Para ver a coletiva na \u00edntegra:<\/strong><\/p>\n<div class=\"ast-oembed-container\" style=\"height: 100%;\"><iframe loading=\"lazy\" title=\"61\u00aa AG CNBB - Coletiva de Imprensa - 3\u00ba Dia (13\/04\/24)\" width=\"500\" height=\"281\" src=\"https:\/\/www.youtube.com\/embed\/skXebCTIOpA?feature=oembed\" frameborder=\"0\" allow=\"accelerometer; autoplay; clipboard-write; encrypted-media; gyroscope; picture-in-picture; web-share\" referrerpolicy=\"strict-origin-when-cross-origin\" allowfullscreen><\/iframe><\/div>\n<p>&nbsp;<\/p>\n<pre>Com colabora\u00e7\u00e3o do padre Tiago Barbosa (Sul 1) e fotos de Adielson Agrelos (Leste 2) | Comunica\u00e7\u00e3o 61\u00aa AG CNBB<\/pre>\n","protected":false},"excerpt":{"rendered":"<p>A terceira coletiva de imprensa da 61\u00aa Assembleia Geral (AG) da Confer\u00eancia Nacional dos Bispos do Brasil (CNBB), realizada na manh\u00e3 do s\u00e1bado, dia 13, teve como pautas a an\u00e1lise de conjuntura eclesial, o Ano Jubilar, o processo sinodal e a miss\u00e3o do Conselho Episcopal Latino-Americano (CELAM)<\/p>\n","protected":false},"author":142,"featured_media":961640,"comment_status":"closed","ping_status":"closed","sticky":false,"template":"","format":"standard","meta":{"site-sidebar-layout":"default","site-content-layout":"default","ast-global-header-display":"","ast-banner-title-visibility":"","ast-main-header-display":"","ast-hfb-above-header-display":"","ast-hfb-below-header-display":"","ast-hfb-mobile-header-display":"","site-post-title":"","ast-breadcrumbs-content":"","ast-featured-img":"","footer-sml-layout":"","theme-transparent-header-meta":"default","adv-header-id-meta":"","stick-header-meta":"","header-above-stick-meta":"","header-main-stick-meta":"","header-below-stick-meta":""},"categories":[5429,50],"tags":[5428],"acf":[],"_links":{"self":[{"href":"https:\/\/www.cnbb.org.br\/cnbb-app\/wp\/v2\/posts\/961636"}],"collection":[{"href":"https:\/\/www.cnbb.org.br\/cnbb-app\/wp\/v2\/posts"}],"about":[{"href":"https:\/\/www.cnbb.org.br\/cnbb-app\/wp\/v2\/types\/post"}],"author":[{"embeddable":true,"href":"https:\/\/www.cnbb.org.br\/cnbb-app\/wp\/v2\/users\/142"}],"replies":[{"embeddable":true,"href":"https:\/\/www.cnbb.org.br\/cnbb-app\/wp\/v2\/comments?post=961636"}],"version-history":[{"count":6,"href":"https:\/\/www.cnbb.org.br\/cnbb-app\/wp\/v2\/posts\/961636\/revisions"}],"predecessor-version":[{"id":961673,"href":"https:\/\/www.cnbb.org.br\/cnbb-app\/wp\/v2\/posts\/961636\/revisions\/961673"}],"wp:featuredmedia":[{"embeddable":true,"href":"https:\/\/www.cnbb.org.br\/cnbb-app\/wp\/v2\/media\/961640"}],"wp:attachment":[{"href":"https:\/\/www.cnbb.org.br\/cnbb-app\/wp\/v2\/media?parent=961636"}],"wp:term":[{"taxonomy":"category","embeddable":true,"href":"https:\/\/www.cnbb.org.br\/cnbb-app\/wp\/v2\/categories?post=961636"},{"taxonomy":"post_tag","embeddable":true,"href":"https:\/\/www.cnbb.org.br\/cnbb-app\/wp\/v2\/tags?post=961636"}],"curies":[{"name":"wp","href":"https:\/\/api.w.org\/{rel}","templated":true}]}}