{"id":9617,"date":"2014-04-10T00:00:00","date_gmt":"2014-04-10T03:00:00","guid":{"rendered":"https:\/\/www.cnbb.org.br\/centro-cultural-missionario-promove-curso-de-formacao-missionaria\/"},"modified":"2020-03-11T20:04:00","modified_gmt":"2020-03-11T23:04:00","slug":"centro-cultural-missionario-promove-curso-de-formacao-missionaria","status":"publish","type":"post","link":"https:\/\/www.cnbb.org.br\/centro-cultural-missionario-promove-curso-de-formacao-missionaria\/","title":{"rendered":"CCM promove curso de forma\u00e7\u00e3o mission\u00e1ria"},"content":{"rendered":"<p style=\"text-align: justify\">Est\u00e3o abertas as inscri\u00e7\u00f5es para o Curso de Forma\u00e7\u00e3o Mission\u00e1ria, com enfoque na Amaz\u00f4nia, destinado a agentes de pastoral engajados\u00a0<span style=\"line-height: 1.3em\">na a\u00e7\u00e3o evangelizadora da Igreja no Brasil. O evento \u00e9 promovido pelo Centro Cultural Mission\u00e1rio (CCM) de Bras\u00edlia, DF, organismo vinculado \u00e0 CNBB, em parceria com a Confer\u00eancia dos Religiosos do Brasil (CRB) e a Comiss\u00e3o Episcopal para Amaz\u00f4nia.<\/span><\/p>\n<p>  <!--more-->  <\/p>\n<p style=\"text-align: justify\"><span style=\"line-height: 1.3em\">O curso \u00e9 indicado para mission\u00e1rios prestes a serem enviados \u00e0 Amaz\u00f4nia ou a outras situa\u00e7\u00f5es mission\u00e1rias do pa\u00eds, o que j\u00e1 est\u00e3o atuando nas miss\u00f5es; para mission\u00e1rios que v\u00eam do exterior e que necessitam de uma forma\u00e7\u00e3o para uma inser\u00e7\u00e3o ou uma reinser\u00e7\u00e3o no contexto brasileiro; para\u00a0<\/span><span style=\"line-height: 1.3em\">presb\u00edteros e di\u00e1conos, religiosos e religiosas, leigos e leigas, que buscam atualiza\u00e7\u00e3o e avalia\u00e7\u00e3o pessoal sobre conte\u00fados e sobre sua pr\u00f3pria experi\u00eancia mission\u00e1ria.<\/span><\/p>\n<p style=\"text-align: justify\">O curso abordar\u00e1 oito dimens\u00f5es da miss\u00e3o: antropol\u00f3gica, b\u00edblica, teol\u00f3gica, hist\u00f3rica, geogr\u00e1fica, ecum\u00eanica, pastoral e espiritual.<\/p>\n<p style=\"text-align: justify\">De acordo com a organiza\u00e7\u00e3o, os objetivos do curso s\u00e3o aprofundar as motiva\u00e7\u00f5es pessoais, a pr\u00f3pria compreens\u00e3o da miss\u00e3o, a vis\u00e3o dos desafios mission\u00e1rios, os fundamentos b\u00edblicos e teol\u00f3gicos. Aos participantes ser\u00e3o oferecidos referenciais te\u00f3ricos e pr\u00e1ticos para a a\u00e7\u00e3o mission\u00e1ria, recorrendo a v\u00e1rios tipos de media\u00e7\u00f5es interdisciplinares.<\/p>\n<p style=\"text-align: justify\">Por meio de estudo, reflex\u00e3o, debate e momentos de discernimento participativo, haver\u00e1 o revigoramento espiritual e de atualiza\u00e7\u00e3o sobre os caminhos mission\u00e1rios da Igreja no Brasil.<\/p>\n<p style=\"text-align: justify\">Os interessados em participar do Curso de Forma\u00e7\u00e3o Mission\u00e1ria poder\u00e3o se <a href=\"http:\/\/www.ccm.org.br\/cursos\/view\/id\/37\" target=\"_blank\" rel=\"noopener\">inscrever por aqui<\/a>\u00a0e ter mais informa\u00e7\u00f5es sobre o <a href=\"http:\/\/www.ccm.org.br\/public\/images\/mcefiles\/docs\/programafm2014.pdf\" target=\"_blank\" rel=\"noopener\">conte\u00fado program\u00e1tico<\/a>.<\/p>\n<p style=\"text-align: justify\"><span style=\"font-size: x-small\">Fonte: CCM<\/span><\/p>\n","protected":false},"excerpt":{"rendered":"<p>Est\u00e3o abertas as inscri\u00e7\u00f5es para o Curso de Forma\u00e7\u00e3o Mission\u00e1ria, com enfoque na Amaz\u00f4nia, destinado a agentes de pastoral engajados\u00a0na a\u00e7\u00e3o evangelizadora da Igreja no Brasil. O evento \u00e9 promovido pelo Centro Cultural Mission\u00e1rio (CCM) de Bras\u00edlia, DF, organismo vinculado \u00e0 CNBB, em parceria com a Confer\u00eancia dos Religiosos do Brasil (CRB) e a Comiss\u00e3o &hellip;<\/p>\n<p class=\"read-more\"> <a class=\"\" href=\"https:\/\/www.cnbb.org.br\/centro-cultural-missionario-promove-curso-de-formacao-missionaria\/\"> <span class=\"screen-reader-text\">CCM promove curso de forma\u00e7\u00e3o mission\u00e1ria<\/span> Leia mais &raquo;<\/a><\/p>\n","protected":false},"author":83,"featured_media":9618,"comment_status":"open","ping_status":"open","sticky":false,"template":"","format":"standard","meta":{"site-sidebar-layout":"default","site-content-layout":"default","ast-global-header-display":"","ast-banner-title-visibility":"","ast-main-header-display":"","ast-hfb-above-header-display":"","ast-hfb-below-header-display":"","ast-hfb-mobile-header-display":"","site-post-title":"","ast-breadcrumbs-content":"","ast-featured-img":"","footer-sml-layout":"","theme-transparent-header-meta":"","adv-header-id-meta":"","stick-header-meta":"","header-above-stick-meta":"","header-main-stick-meta":"","header-below-stick-meta":""},"categories":[854,878],"tags":[],"acf":[],"_links":{"self":[{"href":"https:\/\/www.cnbb.org.br\/cnbb-app\/wp\/v2\/posts\/9617"}],"collection":[{"href":"https:\/\/www.cnbb.org.br\/cnbb-app\/wp\/v2\/posts"}],"about":[{"href":"https:\/\/www.cnbb.org.br\/cnbb-app\/wp\/v2\/types\/post"}],"author":[{"embeddable":true,"href":"https:\/\/www.cnbb.org.br\/cnbb-app\/wp\/v2\/users\/83"}],"replies":[{"embeddable":true,"href":"https:\/\/www.cnbb.org.br\/cnbb-app\/wp\/v2\/comments?post=9617"}],"version-history":[{"count":0,"href":"https:\/\/www.cnbb.org.br\/cnbb-app\/wp\/v2\/posts\/9617\/revisions"}],"wp:featuredmedia":[{"embeddable":true,"href":"https:\/\/www.cnbb.org.br\/cnbb-app\/wp\/v2\/media\/9618"}],"wp:attachment":[{"href":"https:\/\/www.cnbb.org.br\/cnbb-app\/wp\/v2\/media?parent=9617"}],"wp:term":[{"taxonomy":"category","embeddable":true,"href":"https:\/\/www.cnbb.org.br\/cnbb-app\/wp\/v2\/categories?post=9617"},{"taxonomy":"post_tag","embeddable":true,"href":"https:\/\/www.cnbb.org.br\/cnbb-app\/wp\/v2\/tags?post=9617"}],"curies":[{"name":"wp","href":"https:\/\/api.w.org\/{rel}","templated":true}]}}