{"id":961754,"date":"2024-04-16T15:00:42","date_gmt":"2024-04-16T18:00:42","guid":{"rendered":"https:\/\/www.cnbb.org.br\/?p=961754"},"modified":"2024-04-16T15:00:42","modified_gmt":"2024-04-16T18:00:42","slug":"missa-do-7o-dia-da-61a-ag-cnbb-foi-dedicada-ao-jubileu-da-esperanca-e-ao-sinodo-dos-bispos","status":"publish","type":"post","link":"https:\/\/www.cnbb.org.br\/missa-do-7o-dia-da-61a-ag-cnbb-foi-dedicada-ao-jubileu-da-esperanca-e-ao-sinodo-dos-bispos\/","title":{"rendered":"Missa do 7\u00ba dia da 61\u00aa AG CNBB foi dedicada ao Jubileu da Esperan\u00e7a e ao S\u00ednodo dos Bispos"},"content":{"rendered":"<p style=\"text-align: justify;\">O s\u00e9timo dia da 61\u00aa Assembleia Geral da Confer\u00eancia Nacional dos Bispos do Brasil (CNBB), teve in\u00edcio \u00e0s 7h com a Missa com Laudes no Santu\u00e1rio Nacional de Nossa Senhora Aparecida. A celebra\u00e7\u00e3o foi presidida pelo arcebispo de Goi\u00e2nia e primeiro vice-presidente da CNBB, dom Jo\u00e3o Justino de Medeiros Silva. A celebra\u00e7\u00e3o foi dedicada ao Jubileu da Esperan\u00e7a, que acontecer\u00e1 em 2025 em Roma, e ao S\u00ednodo dos Bispos.<\/p>\n<figure id=\"attachment_961760\" aria-describedby=\"caption-attachment-961760\" style=\"width: 300px\" class=\"wp-caption alignright\"><img decoding=\"async\" loading=\"lazy\" class=\"wp-image-961760 size-medium\" src=\"https:\/\/www.cnbb.org.br\/wp-content\/uploads\/2024\/04\/Missa-bispos-300x200.jpeg\" alt=\"\" width=\"300\" height=\"200\" srcset=\"https:\/\/www.cnbb.org.br\/wp-content\/uploads\/2024\/04\/Missa-bispos-300x200.jpeg 300w, https:\/\/www.cnbb.org.br\/wp-content\/uploads\/2024\/04\/Missa-bispos-1024x682.jpeg 1024w, https:\/\/www.cnbb.org.br\/wp-content\/uploads\/2024\/04\/Missa-bispos-768x512.jpeg 768w, https:\/\/www.cnbb.org.br\/wp-content\/uploads\/2024\/04\/Missa-bispos-500x333.jpeg 500w, https:\/\/www.cnbb.org.br\/wp-content\/uploads\/2024\/04\/Missa-bispos.jpeg 1238w\" sizes=\"(max-width: 300px) 100vw, 300px\" \/><figcaption id=\"caption-attachment-961760\" class=\"wp-caption-text\">Fotos: Vict\u00f3ria Holzbach &#8211; Comunica\u00e7\u00e3o 61\u00aa AG CNBB.<\/figcaption><\/figure>\n<p style=\"text-align: justify;\">Dom Jo\u00e3o Justino, na sua reflex\u00e3o, centra-se no discurso do \u201cP\u00e3o da Vida\u201d a partir do evangelho de S\u00e3o Jo\u00e3o (Jo 6,30-35). Ele recorda as palavras do Senhor para multid\u00e3o reunida, lembrando o significado do verdadeiro p\u00e3o do c\u00e9u. Jesus \u00e9 proclamado como o P\u00e3o da Vida, aquele que sacia a fome e a sede espiritual de quem cr\u00ea Nele.<\/p>\n<p style=\"text-align: justify;\">Dom Jo\u00e3o Justino disse que \u201cquem d\u00e1 o verdadeiro p\u00e3o do c\u00e9u \u00e9 o meu Pai. E afirma explicitamente: o P\u00e3o de Deus \u00e9 aquele que desce do c\u00e9u e d\u00e1 vida ao mundo. Que p\u00e3o \u00e9 este? N\u00e3o \u00e9 o pr\u00f3prio Jesus? Emerge, ent\u00e3o, o pedido das multid\u00f5es, como fez a samaritana ao dizer a Jesus: Senhor, d\u00e1-me desta \u00e1gua. As multid\u00f5es pedem: Senhor, d\u00e1-nos sempre desse p\u00e3o. A resposta de Jesus \u00e9 direta: Eu sou o p\u00e3o da vida. Quem vem a mim n\u00e3o ter\u00e1 mais fome e quem cr\u00ea em mim nunca mais ter\u00e1 sede.\u201d<\/p>\n<h3>Fidelidade ao Evangelho<\/h3>\n<p style=\"text-align: justify;\">O arcebispo citou o exemplo de Estev\u00e3o, o primeiro m\u00e1rtir de Jesus Cristo, modelo de fidelidade ao Evangelho, que mesmo diante das adversidades, teve coragem em proclamar a mensagem de Jesus at\u00e9 o seu mart\u00edrio. No exemplo de Estev\u00e3o, dom Justino inspira os bispos presentes na Assembleia a permanecerem fi\u00e9is \u00e0 sua miss\u00e3o de pastores.<\/p>\n<blockquote>\n<p style=\"text-align: justify;\">\u201cQueridos irm\u00e3os bispos, em nossa ordena\u00e7\u00e3o episcopal manifestamos o prop\u00f3sito de fidelidade ao an\u00fancio do Evangelho. Foi-nos entregue o evangeli\u00e1rio com a exorta\u00e7\u00e3o: Recebe o Evangelho e anuncia a palavra de Deus com toda const\u00e2ncia e desejo de ensinar, Const\u00e2ncia. Desejo de ensinar&#8221;, refletiu o primeiro vice-presidente da CNBB.<\/p>\n<\/blockquote>\n<p style=\"text-align: justify;\">Ainda na reflex\u00e3o, chama a aten\u00e7\u00e3o aos temas discutidos durante os dias da Assembleia na qual, refletem os desafios da evangeliza\u00e7\u00e3o, como a pastoral nas comunidades urbanas, o cuidado com os jovens e as periferias, e a compreens\u00e3o das quest\u00f5es atuais, incluindo a intelig\u00eancia artificial.<\/p>\n<p style=\"text-align: justify;\">Ao encerrar a homilia, destaca uma mensagem de humildade: \u201cN\u00e3o nos \u00e9 l\u00edcito nenhum lampejo de vaidade. Tenhamos sempre presente: somos servos in\u00fateis.\u201d<\/p>\n<p><strong>Assista \u00e0 missa:<\/strong><\/p>\n<div class=\"ast-oembed-container\" style=\"height: 100%;\"><iframe loading=\"lazy\" title=\"Missa | 61\u00aa Assembleia Geral da CNBB 07h00 - 16\/04\/2024\" width=\"500\" height=\"281\" src=\"https:\/\/www.youtube.com\/embed\/BsNOmIzal0k?list=PLD-bgXwLtAG0a3pYE_jDVJCl4pSwI3yII\" frameborder=\"0\" allow=\"accelerometer; autoplay; clipboard-write; encrypted-media; gyroscope; picture-in-picture; web-share\" referrerpolicy=\"strict-origin-when-cross-origin\" allowfullscreen><\/iframe><\/div>\n","protected":false},"excerpt":{"rendered":"<p>A celebra\u00e7\u00e3o foi presidida pelo arcebispo de Goi\u00e2nia e primeiro vice-presidente da CNBB, dom Jo\u00e3o Justino de Medeiros Silva. A celebra\u00e7\u00e3o foi dedicada ao Jubileu da Esperan\u00e7a, que acontecer\u00e1 em 2025 em Roma, e ao S\u00ednodo dos Bispos<\/p>\n","protected":false},"author":142,"featured_media":961757,"comment_status":"closed","ping_status":"closed","sticky":false,"template":"","format":"standard","meta":{"site-sidebar-layout":"default","site-content-layout":"default","ast-global-header-display":"","ast-banner-title-visibility":"","ast-main-header-display":"","ast-hfb-above-header-display":"","ast-hfb-below-header-display":"","ast-hfb-mobile-header-display":"","site-post-title":"","ast-breadcrumbs-content":"","ast-featured-img":"","footer-sml-layout":"","theme-transparent-header-meta":"default","adv-header-id-meta":"","stick-header-meta":"","header-above-stick-meta":"","header-main-stick-meta":"","header-below-stick-meta":""},"categories":[1841],"tags":[5428,4922],"acf":[],"_links":{"self":[{"href":"https:\/\/www.cnbb.org.br\/cnbb-app\/wp\/v2\/posts\/961754"}],"collection":[{"href":"https:\/\/www.cnbb.org.br\/cnbb-app\/wp\/v2\/posts"}],"about":[{"href":"https:\/\/www.cnbb.org.br\/cnbb-app\/wp\/v2\/types\/post"}],"author":[{"embeddable":true,"href":"https:\/\/www.cnbb.org.br\/cnbb-app\/wp\/v2\/users\/142"}],"replies":[{"embeddable":true,"href":"https:\/\/www.cnbb.org.br\/cnbb-app\/wp\/v2\/comments?post=961754"}],"version-history":[{"count":3,"href":"https:\/\/www.cnbb.org.br\/cnbb-app\/wp\/v2\/posts\/961754\/revisions"}],"predecessor-version":[{"id":961763,"href":"https:\/\/www.cnbb.org.br\/cnbb-app\/wp\/v2\/posts\/961754\/revisions\/961763"}],"wp:featuredmedia":[{"embeddable":true,"href":"https:\/\/www.cnbb.org.br\/cnbb-app\/wp\/v2\/media\/961757"}],"wp:attachment":[{"href":"https:\/\/www.cnbb.org.br\/cnbb-app\/wp\/v2\/media?parent=961754"}],"wp:term":[{"taxonomy":"category","embeddable":true,"href":"https:\/\/www.cnbb.org.br\/cnbb-app\/wp\/v2\/categories?post=961754"},{"taxonomy":"post_tag","embeddable":true,"href":"https:\/\/www.cnbb.org.br\/cnbb-app\/wp\/v2\/tags?post=961754"}],"curies":[{"name":"wp","href":"https:\/\/api.w.org\/{rel}","templated":true}]}}