{"id":961864,"date":"2024-04-17T19:14:11","date_gmt":"2024-04-17T22:14:11","guid":{"rendered":"https:\/\/www.cnbb.org.br\/?p=961864"},"modified":"2024-04-17T19:14:11","modified_gmt":"2024-04-17T22:14:11","slug":"propostas-da-comissao-da-causa-dos-santos-sao-apresentadas-na-61a-ag-cnbb","status":"publish","type":"post","link":"https:\/\/www.cnbb.org.br\/propostas-da-comissao-da-causa-dos-santos-sao-apresentadas-na-61a-ag-cnbb\/","title":{"rendered":"Propostas da Comiss\u00e3o da Causa dos Santos s\u00e3o apresentadas ao Episcopado brasileiro na 61\u00aa AG CNBB"},"content":{"rendered":"<p style=\"text-align: justify;\">Durante a 61\u00aa Assembleia Geral da Confer\u00eancia Nacional dos Bispos do Brasil (CNBB), realizada em Aparecida (SP), entre os dias 10 e 19 de abril de 2024, a 20\u00aa sessa\u0303o foi dedicada \u00e0 &#8220;Comiss\u00e3o Especial para a Causa dos Santos&#8221;. O objetivo da iniciativa \u00e9 fortalecer a miss\u00e3o da Igreja Cat\u00f3lica no Brasil no reconhecimento e promo\u00e7\u00e3o dos santos e m\u00e1rtires.<\/p>\n<p style=\"text-align: justify;\">Os membros da comiss\u00e3o foram apresentados aos bispos do Brasil, incluindo o presidente o arcebispo metropolitano de Pouso Alegre (MG), dom Jos\u00e9 Luiz Majella Delgado; o bispo de Crato (CE), dom Magnus Henrique Lopes; bispo-auxiliar da Arquidiocese de Belo Horizonte (MG), dom J\u00falio C\u00e9sar Gomes Moreira. O padre Patriky Samuel Batista, subsecret\u00e1rio adjunto geral da CNBB, \u00e9 o secret\u00e1rio da Comiss\u00e3o.<\/p>\n<h3>Hist\u00f3rico e objetivo<\/h3>\n<figure id=\"attachment_961901\" aria-describedby=\"caption-attachment-961901\" style=\"width: 300px\" class=\"wp-caption alignleft\"><img decoding=\"async\" loading=\"lazy\" class=\"wp-image-961901 size-medium\" src=\"https:\/\/www.cnbb.org.br\/wp-content\/uploads\/2024\/04\/Dom-Magella-Delgado-300x200.jpeg\" alt=\"\" width=\"300\" height=\"200\" srcset=\"https:\/\/www.cnbb.org.br\/wp-content\/uploads\/2024\/04\/Dom-Magella-Delgado-300x200.jpeg 300w, https:\/\/www.cnbb.org.br\/wp-content\/uploads\/2024\/04\/Dom-Magella-Delgado-1024x682.jpeg 1024w, https:\/\/www.cnbb.org.br\/wp-content\/uploads\/2024\/04\/Dom-Magella-Delgado-768x512.jpeg 768w, https:\/\/www.cnbb.org.br\/wp-content\/uploads\/2024\/04\/Dom-Magella-Delgado-500x333.jpeg 500w, https:\/\/www.cnbb.org.br\/wp-content\/uploads\/2024\/04\/Dom-Magella-Delgado.jpeg 1238w\" sizes=\"(max-width: 300px) 100vw, 300px\" \/><figcaption id=\"caption-attachment-961901\" class=\"wp-caption-text\">Dom Jos\u00e9 Luiz Majella Delgado preside a Comiss\u00e3o. | Fotos: Vict\u00f3ria Holzbach &#8211; Comunica\u00e7\u00e3o 61\u00aa AG CNBB.<\/figcaption><\/figure>\n<p style=\"text-align: justify;\" data-wp-editing=\"1\">Segundo dom Majella, a Comiss\u00e3o foi fundada em 2016 sob a lideran\u00e7a de dom Geraldo Lyrio Rocha, arcebispo em\u00e9rito de Mariana (MG), que afirmou: &#8220;\u00c9 muito justo que a CNBB, entre suas diversas comiss\u00f5es, tenha uma dedicada \u00e0 causa dos santos&#8221;. Desde ent\u00e3o, a comiss\u00e3o desenvolveu e aprimorou diversos processos relacionados \u00e0 causa dos santos.<\/p>\n<p style=\"text-align: justify;\">A Comiss\u00e3o Especial para a Causa dos Santos da CNBB tem como objetivo principal acompanhar os inqu\u00e9ritos diocesanos referentes \u00e0 causa dos santos na Igreja do Brasil. Composta por especialistas e membros da CNBB, a comiss\u00e3o atua em colabora\u00e7\u00e3o com o Dicast\u00e9rio para a Causa dos Santos, orientando, informando e prestando servi\u00e7os para a forma\u00e7\u00e3o de interessados nesta \u00e1rea.<\/p>\n<p style=\"text-align: justify;\">Os objetivos estrat\u00e9gicos da comiss\u00e3o incluem a estreita coopera\u00e7\u00e3o com o Dicast\u00e9rio para a Causa dos Santos, a assist\u00eancia aos bispos na etapa pr\u00e9via \u00e0 investiga\u00e7\u00e3o diocesana, al\u00e9m da promo\u00e7\u00e3o de encontros com postuladores das causas dos santos no Brasil. A cria\u00e7\u00e3o de uma escola de forma\u00e7\u00e3o para postuladores, em parceria com uma universidade cat\u00f3lica no Brasil, tamb\u00e9m est\u00e1 prevista.<\/p>\n<h3>Postulador no Brasil<\/h3>\n<p style=\"text-align: justify;\">O italiano Paolo Vilotta, postulador de diversos processos de beatifica\u00e7\u00e3o e canoniza\u00e7\u00e3o no Brasil, participou da assembleia. Ele foi o respons\u00e1vel pelo processo de canoniza\u00e7\u00e3o de Santa Dulce dos Pobres e o de beatifica\u00e7\u00e3o de Isabel Cristina Mrad Campos, por exemplo. Vilotta destacou a colabora\u00e7\u00e3o entre postuladores das causas dos santos, que unificaram for\u00e7as nas dioceses do Brasil. Afirmou que a contribui\u00e7\u00e3o dos postuladores inclui a atualiza\u00e7\u00e3o das pr\u00e1ticas e orienta\u00e7\u00f5es do Dicast\u00e9rio para a Causa dos Santos.<\/p>\n<p style=\"text-align: justify;\">Os membros da comiss\u00e3o apresentaram o projeto &#8220;Comiss\u00e3o dos Novos M\u00e1rtires \u2013 Testemunhas da F\u00e9&#8221;, uma iniciativa do Papa Francisco para o Jubileu de 2025. O projeto visa criar um cat\u00e1logo dos m\u00e1rtires do primeiro quarto do s\u00e9culo XXI, documentando nomes, vidas e mem\u00f3rias daqueles que perderam a vida por causa da f\u00e9. Dom Majella concluiu sua apresenta\u00e7\u00e3o com uma frase do Papa Jo\u00e3o Paulo II: &#8220;O Brasil precisa de muitos santos e santas.&#8221;<\/p>\n<pre>Com colabora\u00e7\u00e3o padre Tiago S\u00edbula (Comiss\u00e3o de Comunica\u00e7\u00e3o) - Comunica\u00e7\u00e3o 61\u00aa AG CNBB<\/pre>\n","protected":false},"excerpt":{"rendered":"<p>Segundo dom Majella, a Comiss\u00e3o foi fundada em 2016 sob a lideran\u00e7a de dom Geraldo Lyrio Rocha, arcebispo em\u00e9rito de Mariana (MG), que afirmou: &#8220;\u00c9 muito justo que a CNBB, entre suas diversas comiss\u00f5es, tenha uma dedicada \u00e0 causa dos santos&#8221;. A comiss\u00e3o desenvolveu e aprimorou diversos processos relacionados \u00e0 causa dos santos<\/p>\n","protected":false},"author":142,"featured_media":961867,"comment_status":"closed","ping_status":"closed","sticky":false,"template":"","format":"standard","meta":{"site-sidebar-layout":"default","site-content-layout":"default","ast-global-header-display":"","ast-banner-title-visibility":"","ast-main-header-display":"","ast-hfb-above-header-display":"","ast-hfb-below-header-display":"","ast-hfb-mobile-header-display":"","site-post-title":"","ast-breadcrumbs-content":"","ast-featured-img":"","footer-sml-layout":"","theme-transparent-header-meta":"default","adv-header-id-meta":"","stick-header-meta":"","header-above-stick-meta":"","header-main-stick-meta":"","header-below-stick-meta":""},"categories":[5429,1831,50],"tags":[5486,3562],"acf":[],"_links":{"self":[{"href":"https:\/\/www.cnbb.org.br\/cnbb-app\/wp\/v2\/posts\/961864"}],"collection":[{"href":"https:\/\/www.cnbb.org.br\/cnbb-app\/wp\/v2\/posts"}],"about":[{"href":"https:\/\/www.cnbb.org.br\/cnbb-app\/wp\/v2\/types\/post"}],"author":[{"embeddable":true,"href":"https:\/\/www.cnbb.org.br\/cnbb-app\/wp\/v2\/users\/142"}],"replies":[{"embeddable":true,"href":"https:\/\/www.cnbb.org.br\/cnbb-app\/wp\/v2\/comments?post=961864"}],"version-history":[{"count":2,"href":"https:\/\/www.cnbb.org.br\/cnbb-app\/wp\/v2\/posts\/961864\/revisions"}],"predecessor-version":[{"id":961910,"href":"https:\/\/www.cnbb.org.br\/cnbb-app\/wp\/v2\/posts\/961864\/revisions\/961910"}],"wp:featuredmedia":[{"embeddable":true,"href":"https:\/\/www.cnbb.org.br\/cnbb-app\/wp\/v2\/media\/961867"}],"wp:attachment":[{"href":"https:\/\/www.cnbb.org.br\/cnbb-app\/wp\/v2\/media?parent=961864"}],"wp:term":[{"taxonomy":"category","embeddable":true,"href":"https:\/\/www.cnbb.org.br\/cnbb-app\/wp\/v2\/categories?post=961864"},{"taxonomy":"post_tag","embeddable":true,"href":"https:\/\/www.cnbb.org.br\/cnbb-app\/wp\/v2\/tags?post=961864"}],"curies":[{"name":"wp","href":"https:\/\/api.w.org\/{rel}","templated":true}]}}