{"id":961923,"date":"2024-04-18T14:50:51","date_gmt":"2024-04-18T17:50:51","guid":{"rendered":"https:\/\/www.cnbb.org.br\/?p=961923"},"modified":"2024-04-18T17:21:09","modified_gmt":"2024-04-18T20:21:09","slug":"atraidos-pelo-pai-a-crb-e-a-campanha-da-fraternidade-sao-testemunhos-na-vida-da-igreja-no-brasil-segundo-cardeal-steiner","status":"publish","type":"post","link":"https:\/\/www.cnbb.org.br\/atraidos-pelo-pai-a-crb-e-a-campanha-da-fraternidade-sao-testemunhos-na-vida-da-igreja-no-brasil-segundo-cardeal-steiner\/","title":{"rendered":"Atra\u00eddos pelo Pai, a CRB e a Campanha da Fraternidade s\u00e3o testemunhas na vida da Igreja no Brasil, segundo cardeal Steiner"},"content":{"rendered":"<p style=\"text-align: justify;\">A missa desta quinta-feira, 18 de abril, foi celebrada na inten\u00e7\u00e3o dos 60 anos da Campanha da Fraternidade (CF) e dos 70 anos da Confer\u00eancia dos Religiosos do Brasil (CRB).\u00a0O arcebispo de Manaus (AM), cardeal Leonardo Steiner, presidiu a celebra\u00e7\u00e3o que foi concelebrada pelo bispo auxiliar de S\u00e3o Paulo, dom \u00c2ngelo Ademir Mezzari, e pelo segundo vice-presidente da CNBB, o arcebispo de Olinda e Recife, dom Paulo Jackson.<\/p>\n<p style=\"text-align: justify;\">Na homilia, o cardeal Leonardo Steiner, aprofundou o sentido b\u00edblico da ideia de que &#8220;o Pai atrai&#8221;, extra\u00edda de Jo 6, 44-51. &#8220;<span data-contrast=\"auto\">Que palavra extraordin\u00e1ria e animadora que acaba de ser anunciada: &#8216;Ningu\u00e9m pode vir a mim, se o Pai que me enviou n\u00e3o o atrai&#8221; (o 6,44). N\u00e3o que tenha atra\u00eddo, mas que atrai. Somos continuamente atra\u00eddos pelo Pai; ele \u00e9 um movimento atrativo&#8221;, refor\u00e7ou. <\/span><\/p>\n<blockquote>\n<p style=\"text-align: justify;\">O cardeal relacionou a atra\u00e7\u00e3o do Pai ao processo de inicia\u00e7\u00e3o \u00e0 vida crist\u00e3 que torna seus seguidores disc\u00edpulos e discipulas de Cristo. &#8220;<span class=\"NormalTextRun SCXW225304723 BCX8\">No\u00a0 &#8216;atrai&#8217; somos despertados para a gratuidade do &#8216;o<\/span> <span class=\"NormalTextRun SCXW225304723 BCX8\">seguir Jesus, fugindo de moralismos, da ideologiza\u00e7\u00e3o f\u00e9, de<\/span> <span class=\"NormalTextRun SCXW225304723 BCX8\">acharmos que podemos aprisionar em conceitos e dogmatismos as<\/span> <span class=\"NormalTextRun SCXW225304723 BCX8\">delicadezas da atratividade de Deus&#8221;, disse.<\/span><\/p>\n<\/blockquote>\n<p style=\"text-align: justify;\">Dom Leonardo enalteceu a celebra\u00e7\u00e3o pelos <span data-contrast=\"auto\">70 anos da Confer\u00eancia dos Religiosos do Brasil, CRB. &#8220;Os religiosos se fazem presen\u00e7a no Brasil com a chegada dos europeus. A Vida religiosa \u00e9 a visibiliza\u00e7\u00e3o na Igreja do quanto o Pai atrai em Jesus. Com a CRB fazemos mem\u00f3ria do testemunho do &#8220;atrai&#8221; do Pai, recordamos a m\u00edstica da gratuidade, agradecemos a profecia da Vida Religiosa e desejamos que ela continue a ser sinal de esperan\u00e7a. Rezamos para a vida religiosa permanecer no Amor atrativo (cf. Jo 15,9). Os 70 anos \u00e9 um convite reconhecer que a vida religiosa consagrada \u00e9 a express\u00e3o da for\u00e7a atrativa de Deus e da correspond\u00eancia ao amor atrativo&#8221;, disse.<\/span><\/p>\n<p style=\"text-align: justify;\">O arcebispo de Manaus refor\u00e7ou que a <span data-contrast=\"auto\">Campanha da Fraternidade \u00e9 uma express\u00e3o da forca for\u00e7a atrativa do Pai, pois caminho de convers\u00e3o e liberta\u00e7\u00e3o. &#8220;No caminho salv\u00edfico da quaresma somos acordados para a benevol\u00eancia atrativa de Deus meditando, rezando, discutindo tantas realidades que contradizem o Reino, o cuidado amoroso de Deus. Em tudo sermos a fraternidade, pois atra\u00eddos pelo amor. A fraternidade s\u00f3 \u00e9 poss\u00edvel quando o amor est\u00e1 a guiar as palavras e as escutas, as nossas rela\u00e7\u00f5es. &#8220;V\u00f3s sois todos irm\u00e3os e irm\u00e3s&#8221;! A irmandade n\u00e3o nasce da domina\u00e7\u00e3o, mas da atra\u00e7\u00e3o&#8221;.<\/span><\/p>\n<p><strong>Confira a \u00edntegra da homilia<\/strong> (<a href=\"https:\/\/www.cnbb.org.br\/wp-content\/uploads\/test-for-pdf\/Homilia-Cardeal-Leonardo-Steiner.pdf\">aqui<\/a>)<\/p>\n<p>&nbsp;<\/p>\n<div id='gallery-1' class='gallery galleryid-961923 gallery-columns-2 gallery-size-medium'><figure class='gallery-item'>\n\t\t\t<div class='gallery-icon landscape'>\n\t\t\t\t<a href='https:\/\/www.cnbb.org.br\/wp-content\/uploads\/2024\/04\/bispos-missa-2.jpeg' title=\"\" data-rl_title=\"\" class=\"rl-gallery-link\" data-rl_caption=\"\" data-rel=\"lightbox-gallery-1\"><img width=\"300\" height=\"200\" src=\"https:\/\/www.cnbb.org.br\/wp-content\/uploads\/2024\/04\/bispos-missa-2-300x200.jpeg\" class=\"attachment-medium size-medium\" alt=\"\" decoding=\"async\" loading=\"lazy\" srcset=\"https:\/\/www.cnbb.org.br\/wp-content\/uploads\/2024\/04\/bispos-missa-2-300x200.jpeg 300w, https:\/\/www.cnbb.org.br\/wp-content\/uploads\/2024\/04\/bispos-missa-2-1024x682.jpeg 1024w, https:\/\/www.cnbb.org.br\/wp-content\/uploads\/2024\/04\/bispos-missa-2-768x512.jpeg 768w, https:\/\/www.cnbb.org.br\/wp-content\/uploads\/2024\/04\/bispos-missa-2-500x333.jpeg 500w, https:\/\/www.cnbb.org.br\/wp-content\/uploads\/2024\/04\/bispos-missa-2.jpeg 1238w\" sizes=\"(max-width: 300px) 100vw, 300px\" \/><\/a>\n\t\t\t<\/div><\/figure><figure class='gallery-item'>\n\t\t\t<div class='gallery-icon landscape'>\n\t\t\t\t<a href='https:\/\/www.cnbb.org.br\/wp-content\/uploads\/2024\/04\/bispos-missa.jpeg' title=\"\" data-rl_title=\"\" class=\"rl-gallery-link\" data-rl_caption=\"\" data-rel=\"lightbox-gallery-1\"><img width=\"300\" height=\"200\" src=\"https:\/\/www.cnbb.org.br\/wp-content\/uploads\/2024\/04\/bispos-missa-300x200.jpeg\" class=\"attachment-medium size-medium\" alt=\"\" decoding=\"async\" loading=\"lazy\" aria-describedby=\"gallery-1-961928\" srcset=\"https:\/\/www.cnbb.org.br\/wp-content\/uploads\/2024\/04\/bispos-missa-300x200.jpeg 300w, https:\/\/www.cnbb.org.br\/wp-content\/uploads\/2024\/04\/bispos-missa-1024x682.jpeg 1024w, https:\/\/www.cnbb.org.br\/wp-content\/uploads\/2024\/04\/bispos-missa-768x512.jpeg 768w, https:\/\/www.cnbb.org.br\/wp-content\/uploads\/2024\/04\/bispos-missa-500x333.jpeg 500w, https:\/\/www.cnbb.org.br\/wp-content\/uploads\/2024\/04\/bispos-missa.jpeg 1238w\" sizes=\"(max-width: 300px) 100vw, 300px\" \/><\/a>\n\t\t\t<\/div>\n\t\t\t\t<figcaption class='wp-caption-text gallery-caption' id='gallery-1-961928'>\n\t\t\t\tFotos: Thiago Leon | Santu\u00e1rio Nacional de Aparecida\n\t\t\t\t<\/figcaption><\/figure>\n\t\t<\/div>\n\n","protected":false},"excerpt":{"rendered":"<p>Na homilia, o cardeal Leonardo Steiner, aprofundou o sentido b\u00edblico da ideia de que \u201co Pai atrai\u201d, extra\u00edda de Jo 6, 44-51. \u201cQue palavra extraordin\u00e1ria e animadora que acaba de ser anunciada: \u2018Ningu\u00e9m pode vir a mim, se o Pai que me enviou n\u00e3o o atrai\u201d (o 6,44). (&#8230;) Somos continuamente atra\u00eddos pelo Pai; ele \u00e9 um movimento atrativo\u201d, refor\u00e7ou<\/p>\n","protected":false},"author":142,"featured_media":961926,"comment_status":"closed","ping_status":"closed","sticky":false,"template":"","format":"standard","meta":{"site-sidebar-layout":"default","site-content-layout":"default","ast-global-header-display":"","ast-banner-title-visibility":"","ast-main-header-display":"","ast-hfb-above-header-display":"","ast-hfb-below-header-display":"","ast-hfb-mobile-header-display":"","site-post-title":"","ast-breadcrumbs-content":"","ast-featured-img":"","footer-sml-layout":"","theme-transparent-header-meta":"default","adv-header-id-meta":"","stick-header-meta":"","header-above-stick-meta":"","header-main-stick-meta":"","header-below-stick-meta":""},"categories":[50],"tags":[5428,2026,1914],"acf":[],"_links":{"self":[{"href":"https:\/\/www.cnbb.org.br\/cnbb-app\/wp\/v2\/posts\/961923"}],"collection":[{"href":"https:\/\/www.cnbb.org.br\/cnbb-app\/wp\/v2\/posts"}],"about":[{"href":"https:\/\/www.cnbb.org.br\/cnbb-app\/wp\/v2\/types\/post"}],"author":[{"embeddable":true,"href":"https:\/\/www.cnbb.org.br\/cnbb-app\/wp\/v2\/users\/142"}],"replies":[{"embeddable":true,"href":"https:\/\/www.cnbb.org.br\/cnbb-app\/wp\/v2\/comments?post=961923"}],"version-history":[{"count":5,"href":"https:\/\/www.cnbb.org.br\/cnbb-app\/wp\/v2\/posts\/961923\/revisions"}],"predecessor-version":[{"id":961958,"href":"https:\/\/www.cnbb.org.br\/cnbb-app\/wp\/v2\/posts\/961923\/revisions\/961958"}],"wp:featuredmedia":[{"embeddable":true,"href":"https:\/\/www.cnbb.org.br\/cnbb-app\/wp\/v2\/media\/961926"}],"wp:attachment":[{"href":"https:\/\/www.cnbb.org.br\/cnbb-app\/wp\/v2\/media?parent=961923"}],"wp:term":[{"taxonomy":"category","embeddable":true,"href":"https:\/\/www.cnbb.org.br\/cnbb-app\/wp\/v2\/categories?post=961923"},{"taxonomy":"post_tag","embeddable":true,"href":"https:\/\/www.cnbb.org.br\/cnbb-app\/wp\/v2\/tags?post=961923"}],"curies":[{"name":"wp","href":"https:\/\/api.w.org\/{rel}","templated":true}]}}