{"id":962009,"date":"2024-04-19T16:10:41","date_gmt":"2024-04-19T19:10:41","guid":{"rendered":"https:\/\/www.cnbb.org.br\/?p=962009"},"modified":"2024-04-19T22:25:10","modified_gmt":"2024-04-20T01:25:10","slug":"entre-bispos-assessores-e-colaboradores-mais-de-mil-pessoas-participaram-do-desenvolvimento-da-assembleia-geral","status":"publish","type":"post","link":"https:\/\/www.cnbb.org.br\/entre-bispos-assessores-e-colaboradores-mais-de-mil-pessoas-participaram-do-desenvolvimento-da-assembleia-geral\/","title":{"rendered":"Entre bispos, assessores e colaboradores, mais de mil pessoas participaram do desenvolvimento da Assembleia Geral"},"content":{"rendered":"<p style=\"text-align: justify;\">Desde o \u00faltimo dia 10, at\u00e9 a manh\u00e3 de hoje, dia 19, o episcopado brasileiro esteve em Aparecida (SP) para a realiza\u00e7\u00e3o da 61\u00aa Assembleia Geral da Confer\u00eancia Nacional dos Bispos do Brasil (CNBB).<\/p>\n<p style=\"text-align: justify;\"><img decoding=\"async\" loading=\"lazy\" class=\"size-medium wp-image-962031 alignright\" src=\"https:\/\/www.cnbb.org.br\/wp-content\/uploads\/2024\/04\/53644611887_8aede59995_o-300x200.jpg\" alt=\"\" width=\"300\" height=\"200\" srcset=\"https:\/\/www.cnbb.org.br\/wp-content\/uploads\/2024\/04\/53644611887_8aede59995_o-300x200.jpg 300w, https:\/\/www.cnbb.org.br\/wp-content\/uploads\/2024\/04\/53644611887_8aede59995_o-1024x683.jpg 1024w, https:\/\/www.cnbb.org.br\/wp-content\/uploads\/2024\/04\/53644611887_8aede59995_o-768x512.jpg 768w, https:\/\/www.cnbb.org.br\/wp-content\/uploads\/2024\/04\/53644611887_8aede59995_o-1536x1024.jpg 1536w, https:\/\/www.cnbb.org.br\/wp-content\/uploads\/2024\/04\/53644611887_8aede59995_o-2048x1365.jpg 2048w, https:\/\/www.cnbb.org.br\/wp-content\/uploads\/2024\/04\/53644611887_8aede59995_o-500x333.jpg 500w\" sizes=\"(max-width: 300px) 100vw, 300px\" \/><\/p>\n<p style=\"text-align: justify;\">\u201cO Caminho Sinodal\u201d foi o tema do retiro espiritual que iniciou a 61\u00aa edi\u00e7\u00e3o da AG e contou com a assessoria do secret\u00e1rio de Estado do Vaticano, o cardeal Pietro Parolin.<\/p>\n<p style=\"text-align: justify;\">Ao todo, ao longo das duas semanas, o encontro de comunh\u00e3o eclesial teve 27 sess\u00f5es que trataram assuntos variados em prol da a\u00e7\u00e3o evangelizadora nos quatro cantos do pa\u00eds.<\/p>\n<p style=\"text-align: justify;\">Em clima de comunh\u00e3o, os bispos emitiram quatro textos: uma mensagem ao povo brasileiro e outra aos crist\u00e3os cat\u00f3licos; e duas cartas, uma ao Papa Francisco; e a outra ao prefeito do Dicast\u00e9rio para os Bispos.<\/p>\n<h4 style=\"text-align: justify;\">Escuta de Deus e dos irm\u00e3os<\/h4>\n<p style=\"text-align: justify;\"><img decoding=\"async\" loading=\"lazy\" class=\"size-medium wp-image-962019 alignleft\" src=\"https:\/\/www.cnbb.org.br\/wp-content\/uploads\/2024\/04\/53649876648_f80c05cc23_b-300x200.jpg\" alt=\"\" width=\"300\" height=\"200\" srcset=\"https:\/\/www.cnbb.org.br\/wp-content\/uploads\/2024\/04\/53649876648_f80c05cc23_b-300x200.jpg 300w, https:\/\/www.cnbb.org.br\/wp-content\/uploads\/2024\/04\/53649876648_f80c05cc23_b-768x512.jpg 768w, https:\/\/www.cnbb.org.br\/wp-content\/uploads\/2024\/04\/53649876648_f80c05cc23_b-500x333.jpg 500w, https:\/\/www.cnbb.org.br\/wp-content\/uploads\/2024\/04\/53649876648_f80c05cc23_b.jpg 1024w\" sizes=\"(max-width: 300px) 100vw, 300px\" \/>Divididos em 19 regionais, mais de 400 bispos participaram do evento eclesial que, com sil\u00eancio orante e reflex\u00e3o comum, o episcopado contribuiu para a atualiza\u00e7\u00e3o das Diretrizes Gerais da A\u00e7\u00e3o Evangelizadora da Igreja no Brasil (DGAE) com o uso do m\u00e9todo de discernimento comunit\u00e1rio intitulado de \u201cConversa no Esp\u00edrito\u201d. Em 45 pequenas comunidades, em diversos momentos, os bispos partilharam momentos de escuta de Deus e dos irm\u00e3os.<\/p>\n<p style=\"text-align: justify;\">\u201cO m\u00e9todo de conversa\u00e7\u00e3o no Esp\u00edrito vai favorecer uma maior participa\u00e7\u00e3o de todos nos processos de evangeliza\u00e7\u00e3o\u201d, indicou o subsecret\u00e1rio pastoral da CNBB, padre J\u00e2nison de S\u00e1 Santos, ao afirmar que o m\u00e9todo adotado exige a intera\u00e7\u00e3o de todos.<\/p>\n<h4 style=\"text-align: justify;\">Minist\u00e9rio do Catequista<strong><img decoding=\"async\" loading=\"lazy\" class=\"size-medium wp-image-962022 alignright\" src=\"https:\/\/www.cnbb.org.br\/wp-content\/uploads\/2024\/04\/53651148849_8ec11d5f27_b-300x200.jpg\" alt=\"\" width=\"300\" height=\"200\" srcset=\"https:\/\/www.cnbb.org.br\/wp-content\/uploads\/2024\/04\/53651148849_8ec11d5f27_b-300x200.jpg 300w, https:\/\/www.cnbb.org.br\/wp-content\/uploads\/2024\/04\/53651148849_8ec11d5f27_b-768x512.jpg 768w, https:\/\/www.cnbb.org.br\/wp-content\/uploads\/2024\/04\/53651148849_8ec11d5f27_b-500x333.jpg 500w, https:\/\/www.cnbb.org.br\/wp-content\/uploads\/2024\/04\/53651148849_8ec11d5f27_b.jpg 1024w\" sizes=\"(max-width: 300px) 100vw, 300px\" \/><\/strong><\/h4>\n<p style=\"text-align: justify;\">Em rito in\u00e9dito no pa\u00eds, o arcebispo de Santa Maria (RS) e presidente da Comiss\u00e3o Episcopal B\u00edblico-Catequ\u00e9tica da CNBB, dom Leomar Brustolin, em nome de todos os bispos, presidiu a Celebra\u00e7\u00e3o de Institui\u00e7\u00e3o do Minist\u00e9rio do Catequista.<\/p>\n<p style=\"text-align: justify;\">Ao todo, 19 catequistas, um de cada regional, receberam o minist\u00e9rio institu\u00eddo pelo Papa Francisco atrav\u00e9s do Motu Pr\u00f3prio Antiquum Ministerium.<\/p>\n<h4 style=\"text-align: justify;\">Marca do amor<\/h4>\n<p style=\"text-align: justify;\">\u00a0<img decoding=\"async\" loading=\"lazy\" class=\"size-medium wp-image-962024 alignleft\" src=\"https:\/\/www.cnbb.org.br\/wp-content\/uploads\/2024\/04\/53664232141_20126b2820_o-300x200.jpg\" alt=\"\" width=\"300\" height=\"200\" srcset=\"https:\/\/www.cnbb.org.br\/wp-content\/uploads\/2024\/04\/53664232141_20126b2820_o-300x200.jpg 300w, https:\/\/www.cnbb.org.br\/wp-content\/uploads\/2024\/04\/53664232141_20126b2820_o-1024x683.jpg 1024w, https:\/\/www.cnbb.org.br\/wp-content\/uploads\/2024\/04\/53664232141_20126b2820_o-768x512.jpg 768w, https:\/\/www.cnbb.org.br\/wp-content\/uploads\/2024\/04\/53664232141_20126b2820_o-1536x1024.jpg 1536w, https:\/\/www.cnbb.org.br\/wp-content\/uploads\/2024\/04\/53664232141_20126b2820_o-2048x1365.jpg 2048w, https:\/\/www.cnbb.org.br\/wp-content\/uploads\/2024\/04\/53664232141_20126b2820_o-500x333.jpg 500w\" sizes=\"(max-width: 300px) 100vw, 300px\" \/>Sobre os trabalhos da AG, o subsecret\u00e1rio adjunto geral da CNBB, padre Patriky Samuel Batista, que ajudou na log\u00edstica do evento eclesial, sublinhou que foi um momento de gra\u00e7a. \u201cTrabalhar na Assembleia, favorecendo estrutura e meios para que os bispos possam rezar e refletir, \u00e9 contribuir com o an\u00fancio do Evangelho na Igreja no Brasil\u201d, comentou.<\/p>\n<p style=\"text-align: justify;\">Ao trazer a frase de Santo Ambr\u00f3sio, \u201cAquilo que o amor faz o medo jamais poder\u00e1 realiz\u00e1-lo\u201d, o padre Patriky destacou que os servi\u00e7os prestados pelas 637 pessoas envolvidas na concretiza\u00e7\u00e3o da Assembleia Geral, entre assessores e colaboradores da CNBB, e do Santu\u00e1rio Nacional, \u201ctiveram a marca do amor: na prepara\u00e7\u00e3o, na realiza\u00e7\u00e3o e nos encaminhamentos finais\u201d, finalizou.<\/p>\n<h4 style=\"text-align: justify;\">Hino em l\u00edngua portuguesa<\/h4>\n<p style=\"text-align: justify;\">No dia 16, durante a realiza\u00e7\u00e3o da AG, em Missa no Santu\u00e1rio Nacional, o Hino Oficial brasileiro do Ano Jubilar foi entoado pela primeira vez.<img decoding=\"async\" loading=\"lazy\" class=\"size-medium wp-image-962028 alignright\" src=\"https:\/\/www.cnbb.org.br\/wp-content\/uploads\/2024\/04\/53658278320_3699ef0df2_b-300x200.jpg\" alt=\"\" width=\"300\" height=\"200\" srcset=\"https:\/\/www.cnbb.org.br\/wp-content\/uploads\/2024\/04\/53658278320_3699ef0df2_b-300x200.jpg 300w, https:\/\/www.cnbb.org.br\/wp-content\/uploads\/2024\/04\/53658278320_3699ef0df2_b-768x512.jpg 768w, https:\/\/www.cnbb.org.br\/wp-content\/uploads\/2024\/04\/53658278320_3699ef0df2_b-500x333.jpg 500w, https:\/\/www.cnbb.org.br\/wp-content\/uploads\/2024\/04\/53658278320_3699ef0df2_b.jpg 1024w\" sizes=\"(max-width: 300px) 100vw, 300px\" \/><\/p>\n<p style=\"text-align: justify;\">Com o tema \u201cPeregrinos da Esperan\u00e7a\u201d, escolhido pelo Papa Francisco, o Jubileu ter\u00e1 in\u00edcio no Natal deste ano e se estender\u00e1 durante 2025. A apresenta\u00e7\u00e3o em l\u00edngua portuguesa contou com a presen\u00e7a dos diretores musicais do hino, o maestro Delphim Porto e padre Jos\u00e9 Weber, da S\u00e3o Paulo Schola Cantorum, assessores e colaborados da Confer\u00eancia Episcopal. A execu\u00e7\u00e3o do hino tamb\u00e9m se repetiu na 16\u00aa sess\u00e3o da Assembleia quando os bispos aprofundaram o tema do Jubileu 2025.<\/p>\n<h4 style=\"text-align: justify;\">Engajamento na comunica\u00e7\u00e3o<\/h4>\n<p style=\"text-align: justify;\"><img decoding=\"async\" loading=\"lazy\" class=\"size-medium wp-image-962030 alignleft\" src=\"https:\/\/www.cnbb.org.br\/wp-content\/uploads\/2024\/04\/53651452068_a7e7560a0a_b-300x200.jpg\" alt=\"\" width=\"300\" height=\"200\" srcset=\"https:\/\/www.cnbb.org.br\/wp-content\/uploads\/2024\/04\/53651452068_a7e7560a0a_b-300x200.jpg 300w, https:\/\/www.cnbb.org.br\/wp-content\/uploads\/2024\/04\/53651452068_a7e7560a0a_b-768x512.jpg 768w, https:\/\/www.cnbb.org.br\/wp-content\/uploads\/2024\/04\/53651452068_a7e7560a0a_b-500x333.jpg 500w, https:\/\/www.cnbb.org.br\/wp-content\/uploads\/2024\/04\/53651452068_a7e7560a0a_b.jpg 1024w\" sizes=\"(max-width: 300px) 100vw, 300px\" \/>Em um trabalho de comunica\u00e7\u00e3o integrada, 9 coletivas de imprensa informaram os principais temas refletidos nos dias da Assembleia. Com transmiss\u00f5es, programas, podcasts e publica\u00e7\u00f5es, as redes sociais da Confer\u00eancia Episcopal tiveram um aumento de 80% no engajamento. Programas de r\u00e1dio tamb\u00e9m foram produzidos pela Assessoria de Comunica\u00e7\u00e3o da CNBB durante os trabalhos da Assembleia.<\/p>\n<p style=\"text-align: justify;\">Para proporcionar a integra\u00e7\u00e3o dos fi\u00e9is com a entidade em todo o pa\u00eds por meio de not\u00edcias, forma\u00e7\u00e3o e espiritualidade, ontem, dia 18, a presid\u00eancia da CNBB e a assessoria de comunica\u00e7\u00e3o la\u00e7aram o aplicativo da Confer\u00eancia Episcopal.<\/p>\n<p>&nbsp;<\/p>\n<div class=\"elementor-element elementor-element-3a087bd2 elementor-widget elementor-widget-theme-post-content\" data-id=\"3a087bd2\" data-element_type=\"widget\" data-widget_type=\"theme-post-content.default\">\n<div class=\"elementor-widget-container\">\n<pre>Com colabora\u00e7\u00e3o do padre Tiago Barbosa (Sul 1) - Comunica\u00e7\u00e3o da 61\u00aa AG CNBB<\/pre>\n<\/div>\n<\/div>\n<div class=\"elementor-element elementor-element-bb6a5a9 elementor-widget elementor-widget-heading\" data-id=\"bb6a5a9\" data-element_type=\"widget\" data-widget_type=\"heading.default\">\n<div class=\"elementor-widget-container\"><\/div>\n<\/div>\n","protected":false},"excerpt":{"rendered":"<p>Desde o \u00faltimo dia 10, at\u00e9 a manh\u00e3 de hoje, dia 19, o episcopado brasileiro esteve em Aparecida (SP) para a realiza\u00e7\u00e3o da 61\u00aa Assembleia Geral da CNBB. \u201cO Caminho Sinodal\u201d foi o tema do retiro espiritual que iniciou a 61\u00aa edi\u00e7\u00e3o da AG e contou com a assessoria do secret\u00e1rio de Estado do Vaticano, o cardeal Pietro Parolin<\/p>\n","protected":false},"author":141,"featured_media":962035,"comment_status":"open","ping_status":"open","sticky":false,"template":"","format":"standard","meta":{"site-sidebar-layout":"default","site-content-layout":"default","ast-global-header-display":"","ast-banner-title-visibility":"","ast-main-header-display":"","ast-hfb-above-header-display":"","ast-hfb-below-header-display":"","ast-hfb-mobile-header-display":"","site-post-title":"","ast-breadcrumbs-content":"","ast-featured-img":"","footer-sml-layout":"","theme-transparent-header-meta":"default","adv-header-id-meta":"","stick-header-meta":"","header-above-stick-meta":"","header-main-stick-meta":"","header-below-stick-meta":""},"categories":[5429,50],"tags":[5467],"acf":[],"_links":{"self":[{"href":"https:\/\/www.cnbb.org.br\/cnbb-app\/wp\/v2\/posts\/962009"}],"collection":[{"href":"https:\/\/www.cnbb.org.br\/cnbb-app\/wp\/v2\/posts"}],"about":[{"href":"https:\/\/www.cnbb.org.br\/cnbb-app\/wp\/v2\/types\/post"}],"author":[{"embeddable":true,"href":"https:\/\/www.cnbb.org.br\/cnbb-app\/wp\/v2\/users\/141"}],"replies":[{"embeddable":true,"href":"https:\/\/www.cnbb.org.br\/cnbb-app\/wp\/v2\/comments?post=962009"}],"version-history":[{"count":11,"href":"https:\/\/www.cnbb.org.br\/cnbb-app\/wp\/v2\/posts\/962009\/revisions"}],"predecessor-version":[{"id":962049,"href":"https:\/\/www.cnbb.org.br\/cnbb-app\/wp\/v2\/posts\/962009\/revisions\/962049"}],"wp:featuredmedia":[{"embeddable":true,"href":"https:\/\/www.cnbb.org.br\/cnbb-app\/wp\/v2\/media\/962035"}],"wp:attachment":[{"href":"https:\/\/www.cnbb.org.br\/cnbb-app\/wp\/v2\/media?parent=962009"}],"wp:term":[{"taxonomy":"category","embeddable":true,"href":"https:\/\/www.cnbb.org.br\/cnbb-app\/wp\/v2\/categories?post=962009"},{"taxonomy":"post_tag","embeddable":true,"href":"https:\/\/www.cnbb.org.br\/cnbb-app\/wp\/v2\/tags?post=962009"}],"curies":[{"name":"wp","href":"https:\/\/api.w.org\/{rel}","templated":true}]}}