{"id":962157,"date":"2024-04-23T14:05:31","date_gmt":"2024-04-23T17:05:31","guid":{"rendered":"https:\/\/www.cnbb.org.br\/?p=962157"},"modified":"2024-04-24T11:00:32","modified_gmt":"2024-04-24T14:00:32","slug":"ecos-da-61a-assembleia-geral-bispos-partilham-que-voltam-animados-para-suas-dioceses","status":"publish","type":"post","link":"https:\/\/www.cnbb.org.br\/ecos-da-61a-assembleia-geral-bispos-partilham-que-voltam-animados-para-suas-dioceses\/","title":{"rendered":"Ecos da 61\u00aa Assembleia Geral: bispos partilham que voltam animados para suas dioceses"},"content":{"rendered":"<p style=\"text-align: justify;\">&#8220;Animados pela f\u00e9, voltamos com a f\u00e9 mais alargada, com compreens\u00f5es mais bem feitas, animados, impulsionados, enviados para a miss\u00e3o&#8221;. Assim partilhou sobre o retorno para sua diocese, ap\u00f3s a 61\u00aa Assembleia Geral, o bispo de Rubiataba-Mozarl\u00e2ndia (GO) e secret\u00e1rio do Regional Centro-Oeste da Confer\u00eancia Nacional dos Bispos do Brasil (CNBB), dom Francisco Agamenilton Damascena.<\/p>\n<p style=\"text-align: justify;\">O prelado foi um dos entrevistados da edi\u00e7\u00e3o extra do CNBB Podcast durante a 61\u00aa Assembleia Geral da CNBB, realizada entre os dias 10 e 19 de abril, em Aparecida (SP). Para ele, foram dias de reflex\u00e3o, &#8220;de horizontes na f\u00e9 que foram abertos, outros confirmados, pensando todas essas realidades&#8221;. A chegada \u00e0 diocese ap\u00f3s o encontro do episcopado &#8220;<span style=\"font-size: 16px;\">repercutir\u00e1 na a\u00e7\u00e3o pastoral com o povo&#8221;, segundo dom Agamenilton.<\/span><\/p>\n<p style=\"text-align: justify;\">Nesse contexto de fortalecimento da f\u00e9 entre os pastores e de realidades &#8220;melhor compreendidas&#8221;, haver\u00e1 a tradu\u00e7\u00e3o para os demais integrantes da diocese, &#8220;num desencadear de uma f\u00e9 vivida&#8221;.<\/p>\n<blockquote>\n<p style=\"text-align: justify;\">&#8220;Ao regressar, melhoraremos os processos nas dioceses a partir do que n\u00f3s vivenciamos. Resulta em pr\u00e1tica, em a\u00e7\u00f5es, em processos alavancados, melhorados que chega na vida das pessoas&#8221;, afirmou.<\/p>\n<\/blockquote>\n<p style=\"text-align: justify;\">A entrevista completa com dom Francisco Agamenilton est\u00e1 dispon\u00edvel no Youtube da CNBB. Na edi\u00e7\u00e3o, tamb\u00e9m foi entrevistado o bispo de Rondon\u00f3polis-Guiratinga (MT), dom Maur\u00edcio Silva Jardim, que \u00e9 presidente da Comiss\u00e3o Episcopal para a A\u00e7\u00e3o Mission\u00e1ria e a Coopera\u00e7\u00e3o Intereclesial da CNBB, que destacou a transversalidade da miss\u00e3o na reflex\u00e3o sobre as Diretrizes Gerais da A\u00e7\u00e3o Evangelizadora. Confira o v\u00eddeo:<\/p>\n<div class=\"ast-oembed-container\" style=\"height: 100%;\"><iframe loading=\"lazy\" title=\"CNBB PODCAST - 14\u00aa EDI\u00c7\u00c3O - EXTRA 61\u00aa Assembleia Geral da CNBB\" width=\"500\" height=\"281\" src=\"https:\/\/www.youtube.com\/embed\/7C4vVv9BagE?feature=oembed\" frameborder=\"0\" allow=\"accelerometer; autoplay; clipboard-write; encrypted-media; gyroscope; picture-in-picture; web-share\" referrerpolicy=\"strict-origin-when-cross-origin\" allowfullscreen><\/iframe><\/div>\n<p style=\"text-align: justify;\">Em outras edi\u00e7\u00f5es do podcast, tamb\u00e9m foram partilhadas as expectativas do retorno \u00e0s realidades locais. O bispo de Cristal\u00e2ndia (TO), dom Wellington de Queiroz Vieira, disse que volta para casa inspirado, &#8220;<span style=\"font-size: 16px;\">justamente porque a gente tem oportunidade de ouvir, de perceber as experi\u00eancias, de saber as experi\u00eancias que deram certo&#8221;.<\/span><\/p>\n<blockquote>\n<p style=\"text-align: justify;\">O arcebispo de Porto Alegre (RS) e presidente da CNBB, dom Jaime Spengler, partilhou que &#8220;cada assembleia geral \u00e9 uma experi\u00eancia de Pentecostes&#8221;. E que \u00e9 essa experi\u00eancia que ele leva para a capital ga\u00facha.<\/p>\n<\/blockquote>\n<p style=\"text-align: justify;\">O arcebispo de Goi\u00e2nia e primeiro vice-presidente da CNBB, dom <span style=\"font-size: 16px;\">Jo\u00e3o Justino de Medeiros Silva, recordou que para a assembleia &#8220;<\/span>cada bispo traz toda a sua experi\u00eancia, daquilo que est\u00e1 vivendo na sua diocese, os desafios que tem&#8221;. No caso de Goi\u00e2nia, ele e os dois auxiliares que participaram da assembleia dever\u00e3o &#8220;sentar e conversar sobre aquilo que a assembleia ilumina para a nossa miss\u00e3o&#8221;.<\/p>\n<p style=\"text-align: justify;\">J\u00e1 o arcebispo de Olinda e Recife (PE), dom Paulo Jackson N\u00f3brega de Souza, destacou a espiritualidade e a profundidade espiritual como fundamentais para o bom \u00eaxito do encontro. &#8220;Foi uma assembleia leve, serena, tranquila e com grandes frutos para a Igreja no Brasil. Levo, sobretudo, esse elemento: uma Igreja orante e os seus pastores em profunda comunh\u00e3o uns com os outros e com as suas Igrejas locais&#8221;, disse.<\/p>\n<p><strong>Confira a \u00edntegra do CNBB Podcast com a Presid\u00eancia da CNBB:<\/strong><\/p>\n<div class=\"ast-oembed-container\" style=\"height: 100%;\"><iframe loading=\"lazy\" title=\"CNBB PODCAST - 13\u00aa EDI\u00c7\u00c3O - 18\/04\/2024\" width=\"500\" height=\"281\" src=\"https:\/\/www.youtube.com\/embed\/Xf8O0Q50UKw?feature=oembed\" frameborder=\"0\" allow=\"accelerometer; autoplay; clipboard-write; encrypted-media; gyroscope; picture-in-picture; web-share\" referrerpolicy=\"strict-origin-when-cross-origin\" allowfullscreen><\/iframe><\/div>\n","protected":false},"excerpt":{"rendered":"<p>&#8220;Ao regressar, melhoraremos os processos nas dioceses a partir do que n\u00f3s vivenciamos. Resulta em pr\u00e1tica, em a\u00e7\u00f5es, em processos alavancados, melhorados que chega na vida das pessoas&#8221;, afirmou o bispo de Rubiataba-Mozarl\u00e2ndia (GO) e secret\u00e1rio do Regional Centro-Oeste da CNBB, dom Francisco Agamenilton Damascena<\/p>\n","protected":false},"author":38,"featured_media":962175,"comment_status":"open","ping_status":"open","sticky":false,"template":"","format":"standard","meta":{"site-sidebar-layout":"default","site-content-layout":"default","ast-global-header-display":"","ast-banner-title-visibility":"","ast-main-header-display":"","ast-hfb-above-header-display":"","ast-hfb-below-header-display":"","ast-hfb-mobile-header-display":"","site-post-title":"","ast-breadcrumbs-content":"","ast-featured-img":"","footer-sml-layout":"","theme-transparent-header-meta":"default","adv-header-id-meta":"","stick-header-meta":"","header-above-stick-meta":"","header-main-stick-meta":"","header-below-stick-meta":""},"categories":[5429,50],"tags":[],"acf":[],"_links":{"self":[{"href":"https:\/\/www.cnbb.org.br\/cnbb-app\/wp\/v2\/posts\/962157"}],"collection":[{"href":"https:\/\/www.cnbb.org.br\/cnbb-app\/wp\/v2\/posts"}],"about":[{"href":"https:\/\/www.cnbb.org.br\/cnbb-app\/wp\/v2\/types\/post"}],"author":[{"embeddable":true,"href":"https:\/\/www.cnbb.org.br\/cnbb-app\/wp\/v2\/users\/38"}],"replies":[{"embeddable":true,"href":"https:\/\/www.cnbb.org.br\/cnbb-app\/wp\/v2\/comments?post=962157"}],"version-history":[{"count":3,"href":"https:\/\/www.cnbb.org.br\/cnbb-app\/wp\/v2\/posts\/962157\/revisions"}],"predecessor-version":[{"id":962238,"href":"https:\/\/www.cnbb.org.br\/cnbb-app\/wp\/v2\/posts\/962157\/revisions\/962238"}],"wp:featuredmedia":[{"embeddable":true,"href":"https:\/\/www.cnbb.org.br\/cnbb-app\/wp\/v2\/media\/962175"}],"wp:attachment":[{"href":"https:\/\/www.cnbb.org.br\/cnbb-app\/wp\/v2\/media?parent=962157"}],"wp:term":[{"taxonomy":"category","embeddable":true,"href":"https:\/\/www.cnbb.org.br\/cnbb-app\/wp\/v2\/categories?post=962157"},{"taxonomy":"post_tag","embeddable":true,"href":"https:\/\/www.cnbb.org.br\/cnbb-app\/wp\/v2\/tags?post=962157"}],"curies":[{"name":"wp","href":"https:\/\/api.w.org\/{rel}","templated":true}]}}