{"id":962361,"date":"2024-04-26T16:17:55","date_gmt":"2024-04-26T19:17:55","guid":{"rendered":"https:\/\/www.cnbb.org.br\/?p=962361"},"modified":"2024-04-26T16:20:31","modified_gmt":"2024-04-26T19:20:31","slug":"cnbb-participa-de-encontro-que-comemorou-os-25-anos-da-fundacao-do-centro-islamico-do-brasil","status":"publish","type":"post","link":"https:\/\/www.cnbb.org.br\/cnbb-participa-de-encontro-que-comemorou-os-25-anos-da-fundacao-do-centro-islamico-do-brasil\/","title":{"rendered":"CNBB participa de encontro que comemorou os 25 anos da funda\u00e7\u00e3o do Centro Isl\u00e2mico do Brasil"},"content":{"rendered":"<p style=\"text-align: justify;\">No dia 24 de abril, o assessor da Comiss\u00e3o para o Ecumenismo e o Di\u00e1logo Inter-religioso, padre Marcus Barbosa, representou a Confer\u00eancia dos Bispos do Brasil no encontro &#8220;Isl\u00e3, a religi\u00e3o do di\u00e1logo e da vida&#8221; que marcou os 25 anos de funda\u00e7\u00e3o do Centro Isl\u00e2mico do Brasil. Participou da solenidade, o secret\u00e1rio-geral da Assembleia Mundial Ahlul Bait.<\/p>\n<p style=\"text-align: justify;\"><img decoding=\"async\" loading=\"lazy\" class=\"size-medium wp-image-962363 alignright\" src=\"https:\/\/www.cnbb.org.br\/wp-content\/uploads\/2024\/04\/Padre-Marcus-Isla-225x300.jpg\" alt=\"\" width=\"225\" height=\"300\" srcset=\"https:\/\/www.cnbb.org.br\/wp-content\/uploads\/2024\/04\/Padre-Marcus-Isla-225x300.jpg 225w, https:\/\/www.cnbb.org.br\/wp-content\/uploads\/2024\/04\/Padre-Marcus-Isla-768x1024.jpg 768w, https:\/\/www.cnbb.org.br\/wp-content\/uploads\/2024\/04\/Padre-Marcus-Isla-1152x1536.jpg 1152w, https:\/\/www.cnbb.org.br\/wp-content\/uploads\/2024\/04\/Padre-Marcus-Isla-500x667.jpg 500w, https:\/\/www.cnbb.org.br\/wp-content\/uploads\/2024\/04\/Padre-Marcus-Isla.jpg 1200w\" sizes=\"(max-width: 225px) 100vw, 225px\" \/>O representante da CNBB considerou um presente poder participar das comemora\u00e7\u00f5es dos 25 anos do Centro Isl\u00e2mico no Brasil, momento que definiu como um momento de espiritualidade, encontro, acolhida, escuta e fraternidade.<\/p>\n<blockquote>\n<p style=\"text-align: justify;\">&#8220;Foi uma oportunidade de redescoberta e fortalecimento do que h\u00e1 em comum entre n\u00f3s crist\u00e3os e os mul\u00e7umanos. Momento prop\u00edcio para voltarmos ao essencial: &#8216;em Deus, testemunhamos a pr\u00e1tica do di\u00e1logo, buscarmos a justi\u00e7a e a defesa da dignidade humana, envolver-nos firmemente no compromisso com a paz'&#8221;, disse.<\/p>\n<\/blockquote>\n<p style=\"text-align: justify;\">De acordo com padre Marcus, \u00e9 importante recordar que a Igreja Cat\u00f3lica, especialmente, desde o Conc\u00edlio Vaticano II, na Declara\u00e7\u00e3o <a href=\"https:\/\/www.vatican.va\/archive\/hist_councils\/ii_vatican_council\/documents\/vat-ii_decl_19651028_nostra-aetate_po.html\" target=\"_blank\" rel=\"noopener\">Nostra Aetate<\/a>, sobre a rela\u00e7\u00e3o da Igreja com os n\u00e3o-crist\u00e3os, sempre demostrou estima para os mul\u00e7umanos que adoram o \u00fanico Deus, vivo e misericordioso. &#8220;Avancemos na busca da paz, com palavras, mas sobretudo com a\u00e7\u00f5es e gestos concretos de paz&#8221;, disse o assessor da Comiss\u00e3o para o Ecumenismo.<\/p>\n<p style=\"text-align: justify;\">\n","protected":false},"excerpt":{"rendered":"<p>De acordo com padre Marcus, \u00e9 importante recordar que a Igreja Cat\u00f3lica, especialmente, desde o Conc\u00edlio Vaticano II, na Declara\u00e7\u00e3o Nostra Aetate, sobre a rela\u00e7\u00e3o da Igreja com os n\u00e3o-crist\u00e3os, sempre demostrou estima para os mul\u00e7umanos que adoram o \u00fanico Deus, vivo e misericordioso. &#8220;Avancemos na busca da paz, com palavras, mas sobretudo com a\u00e7\u00f5es e gestos concretos de paz&#8221;, disse o assessor da Comiss\u00e3o para o Ecumenismo<\/p>\n","protected":false},"author":142,"featured_media":962362,"comment_status":"open","ping_status":"open","sticky":false,"template":"","format":"standard","meta":{"site-sidebar-layout":"default","site-content-layout":"default","ast-global-header-display":"","ast-banner-title-visibility":"","ast-main-header-display":"","ast-hfb-above-header-display":"","ast-hfb-below-header-display":"","ast-hfb-mobile-header-display":"","site-post-title":"","ast-breadcrumbs-content":"","ast-featured-img":"","footer-sml-layout":"","theme-transparent-header-meta":"default","adv-header-id-meta":"","stick-header-meta":"","header-above-stick-meta":"","header-main-stick-meta":"","header-below-stick-meta":""},"categories":[852],"tags":[5518],"acf":[],"_links":{"self":[{"href":"https:\/\/www.cnbb.org.br\/cnbb-app\/wp\/v2\/posts\/962361"}],"collection":[{"href":"https:\/\/www.cnbb.org.br\/cnbb-app\/wp\/v2\/posts"}],"about":[{"href":"https:\/\/www.cnbb.org.br\/cnbb-app\/wp\/v2\/types\/post"}],"author":[{"embeddable":true,"href":"https:\/\/www.cnbb.org.br\/cnbb-app\/wp\/v2\/users\/142"}],"replies":[{"embeddable":true,"href":"https:\/\/www.cnbb.org.br\/cnbb-app\/wp\/v2\/comments?post=962361"}],"version-history":[{"count":5,"href":"https:\/\/www.cnbb.org.br\/cnbb-app\/wp\/v2\/posts\/962361\/revisions"}],"predecessor-version":[{"id":962368,"href":"https:\/\/www.cnbb.org.br\/cnbb-app\/wp\/v2\/posts\/962361\/revisions\/962368"}],"wp:featuredmedia":[{"embeddable":true,"href":"https:\/\/www.cnbb.org.br\/cnbb-app\/wp\/v2\/media\/962362"}],"wp:attachment":[{"href":"https:\/\/www.cnbb.org.br\/cnbb-app\/wp\/v2\/media?parent=962361"}],"wp:term":[{"taxonomy":"category","embeddable":true,"href":"https:\/\/www.cnbb.org.br\/cnbb-app\/wp\/v2\/categories?post=962361"},{"taxonomy":"post_tag","embeddable":true,"href":"https:\/\/www.cnbb.org.br\/cnbb-app\/wp\/v2\/tags?post=962361"}],"curies":[{"name":"wp","href":"https:\/\/api.w.org\/{rel}","templated":true}]}}