{"id":962672,"date":"2024-05-10T10:00:57","date_gmt":"2024-05-10T13:00:57","guid":{"rendered":"https:\/\/www.cnbb.org.br\/?p=962672"},"modified":"2024-05-10T13:04:17","modified_gmt":"2024-05-10T16:04:17","slug":"comissao-promove-seminario-para-animadores-do-mes-da-biblia-sobre-o-livro-de-ezequiel","status":"publish","type":"post","link":"https:\/\/www.cnbb.org.br\/comissao-promove-seminario-para-animadores-do-mes-da-biblia-sobre-o-livro-de-ezequiel\/","title":{"rendered":"Comiss\u00e3o promove Semin\u00e1rio sobre o Livro de Ezequiel para Animadores do M\u00eas da B\u00edblia"},"content":{"rendered":"<p style=\"text-align: justify;\"><span data-contrast=\"auto\">A Comiss\u00e3o Episcopal para a Anima\u00e7\u00e3o B\u00edblico-Catequ\u00e9tica da Confer\u00eancia Nacional dos Bispos do Brasil (CNBB) promove nos dias 13 a 15 de maio, \u00e0s 19h30, o Semin\u00e1rio para Animadores do M\u00eas da B\u00edblia, de forma on-line. A iniciativa ser\u00e1 transmitida pelas redes sociais da Confer\u00eancia: <a href=\"https:\/\/www.youtube.com\/@CNBBNacional\" target=\"_blank\" rel=\"noopener\">@cnbbnacional <\/a>e da <span class=\"style-scope yt-formatted-string\"><a href=\"https:\/\/www.youtube.com\/@CatequesedoBrasil\/featured\" target=\"_blank\" rel=\"noopener\">@CatequesedoBrasil<\/a>.<\/span><\/span><\/p>\n<p style=\"text-align: justify;\">Em 2024, no m\u00eas da B\u00edblia, as comunidades s\u00e3o convidadas a refletirem sobre o Livro de Ezequiel iluminadas pelo lema \u201cPorei em v\u00f3s meu esp\u00edrito e vivereis\u201d (cf. Ez 37,14). S\u00e3o oferecidos como materiais de apoio o texto-base e um livreto com encontros b\u00edblicos (<a href=\"https:\/\/www.cnbb.org.br\/mes-da-biblia-comunidades-sao-convidadas-a-refletirem-sobre-o-livro-de-ezequiel\/\">saiba mais aqui<\/a>).<\/p>\n<p style=\"text-align: justify;\">Segundo a assessora da Comiss\u00e3o, Mariana Ven\u00e2ncio, o Semin\u00e1rio para Animadores do M\u00eas da B\u00edblia \u00e9 uma oportunidade para que as comunidades possam se organizar com anteced\u00eancia, tomando contato com o Livro de Ezequiel e os subs\u00eddios oferecidos pela CNBB. Al\u00e9m disso, para que possam planejar iniciativas diversas que promover\u00e3o, durante setembro, a proximidade de toda a comunidade com o livro.<\/p>\n<blockquote>\n<p style=\"text-align: justify;\">&#8220;Mais do que oferecer forma\u00e7\u00f5es sobre o Livro de Ezequiel, ser\u00e1 importante que as comunidades possam desenvolver iniciativas de ora\u00e7\u00e3o com o texto b\u00edblico e de an\u00fancio da Palavra&#8221;, salienta Mariana.<\/p>\n<\/blockquote>\n<p style=\"text-align: justify;\">A programa\u00e7\u00e3o do Semin\u00e1rio contar\u00e1 com a sauda\u00e7\u00e3o inicial do presidente da Comiss\u00e3o, dom Leomar Ant\u00f4nio Brustolin, al\u00e9m de convidados especiais para tratar de diferentes tem\u00e1ticas: <span data-contrast=\"auto\">Panorama sobre o Livro de Ezequiel; passagens do Livro e c\u00edrculos b\u00edblicos.<\/span><\/p>\n<p>Confira, abaixo, a programa\u00e7\u00e3o completa de cada dia:<\/p>\n<h3 style=\"text-align: center;\"><strong>Programa\u00e7\u00e3o<\/strong><\/h3>\n<p style=\"text-align: justify;\"><span data-ccp-props=\"{}\">\u00a0<\/span><\/p>\n<p style=\"text-align: justify;\"><b><span data-contrast=\"auto\">Segunda-feira, 13\/05\u00a0<\/span><\/b><span data-ccp-props=\"{}\">\u00a0<\/span><\/p>\n<p style=\"text-align: justify;\"><span data-contrast=\"auto\">19h30 \u2013 Abertura (assessor) e Sauda\u00e7\u00e3o inicial: Dom Leomar Ant\u00f4nio Brustolin\u00a0<\/span><span data-ccp-props=\"{}\">\u00a0<\/span><\/p>\n<p style=\"text-align: justify;\"><span data-contrast=\"auto\">19h40 \u2013 Ora\u00e7\u00e3o inicial: Ilza Vidal (ABP do Regional Noroeste)\u00a0<\/span><span data-ccp-props=\"{}\">\u00a0<\/span><\/p>\n<p style=\"text-align: justify;\"><span data-contrast=\"auto\">19h50 \u2013 Panorama sobre o Livro de Ezequiel: Prof. Dra. Maria de Lourdes Corr\u00eaa Lima\u00a0<\/span><span data-ccp-props=\"{}\">\u00a0<\/span><\/p>\n<p style=\"text-align: justify;\"><span data-contrast=\"auto\">20h40 \u2013 Intera\u00e7\u00e3o (a partir das perguntas do chat)<\/span><span data-ccp-props=\"{}\">\u00a0<\/span><\/p>\n<p style=\"text-align: justify;\"><span data-ccp-props=\"{}\">\u00a0<\/span><\/p>\n<p style=\"text-align: justify;\"><b><span data-contrast=\"auto\">Ter\u00e7a-feira, 14\/05\u00a0<\/span><\/b><span data-ccp-props=\"{}\">\u00a0<\/span><\/p>\n<p style=\"text-align: justify;\"><span data-contrast=\"auto\">19h30 \u2013 Abertura (assessor)<\/span><span data-ccp-props=\"{}\">\u00a0<\/span><\/p>\n<p style=\"text-align: justify;\"><span data-contrast=\"auto\">19h35 \u2013 Ora\u00e7\u00e3o inicial: Maria Erivan (ABP Regional Nordeste 1)\u00a0\u00a0<\/span><\/p>\n<p style=\"text-align: justify;\"><span data-contrast=\"auto\">19h40 \u2013 Os ossos secos revitalizados (Ez 37,1-14): Prof. Dr. Fr. Ildo Perondi e prof.\u00aa Me. Patr\u00edcia Zaganin\u00a0<\/span><span data-ccp-props=\"{}\">\u00a0<\/span><\/p>\n<p style=\"text-align: justify;\"><span data-contrast=\"auto\">20h10 \u2013 Profecia ambiental (Ez 47,1-12): Prof. Dr. Matthias Grenzer\u00a0<\/span><span data-ccp-props=\"{}\">\u00a0<\/span><\/p>\n<p style=\"text-align: justify;\"><span data-contrast=\"auto\">20h40 \u2013 Intera\u00e7\u00e3o (a partir das perguntas do chat)\u00a0<\/span><span data-ccp-props=\"{}\">\u00a0<\/span><\/p>\n<p style=\"text-align: justify;\"><span data-ccp-props=\"{}\">\u00a0<\/span><\/p>\n<p style=\"text-align: justify;\"><b><span data-contrast=\"auto\">Quarta-feira, 15\/05\u00a0<\/span><\/b><span data-ccp-props=\"{}\">\u00a0<\/span><\/p>\n<p style=\"text-align: justify;\"><span data-contrast=\"auto\">19h30 \u2013 Abertura (assessor)<\/span><span data-ccp-props=\"{}\"> e Sauda\u00e7\u00e3o inicial: Dom Andherson Franklin<\/span><\/p>\n<p style=\"text-align: justify;\"><span data-contrast=\"auto\">19h35 \u2013 Ora\u00e7\u00e3o inicial: <\/span><span data-ccp-props=\"{}\">Vera Mazureck (ABP Regional Sul 4)\u00a0<\/span><\/p>\n<p style=\"text-align: justify;\"><span data-contrast=\"auto\">19h40 \u2013 Ezequiel: um exilado com os exilados \u2013 Prof.\u00aa Me. Mariana Ven\u00e2ncio\u00a0\u00a0<\/span><span data-ccp-props=\"{}\">\u00a0<\/span><\/p>\n<p style=\"text-align: justify;\"><span data-contrast=\"auto\">20h10 \u2013 C\u00edrculos b\u00edblicos: Prof.\u00aa Me. Maria Aparecida Barboza\u00a0\u00a0<\/span><span data-ccp-props=\"{}\">\u00a0<\/span><\/p>\n<p style=\"text-align: justify;\"><span data-contrast=\"auto\">20h40 \u2013 Intera\u00e7\u00e3o (a partir das perguntas do chat)\u00a0<\/span><span data-ccp-props=\"{}\">\u00a0<\/span><\/p>\n<p>&nbsp;<\/p>\n","protected":false},"excerpt":{"rendered":"<p>A Comiss\u00e3o Episcopal para a Anima\u00e7\u00e3o B\u00edblico-Catequ\u00e9tica da Confer\u00eancia Nacional dos Bispos do Brasil (CNBB) promove nos dias 13 a 15 de maio, \u00e0s 19h30, o Semin\u00e1rio para Animadores do M\u00eas da B\u00edblia, de forma on-line. A iniciativa ser\u00e1 transmitida pelas redes sociais da Confer\u00eancia: @cnbbnacional<\/p>\n","protected":false},"author":141,"featured_media":962673,"comment_status":"open","ping_status":"open","sticky":false,"template":"","format":"standard","meta":{"site-sidebar-layout":"default","site-content-layout":"default","ast-global-header-display":"","ast-banner-title-visibility":"","ast-main-header-display":"","ast-hfb-above-header-display":"","ast-hfb-below-header-display":"","ast-hfb-mobile-header-display":"","site-post-title":"","ast-breadcrumbs-content":"","ast-featured-img":"","footer-sml-layout":"","theme-transparent-header-meta":"default","adv-header-id-meta":"","stick-header-meta":"","header-above-stick-meta":"","header-main-stick-meta":"","header-below-stick-meta":""},"categories":[800,50],"tags":[1881,1883],"acf":[],"_links":{"self":[{"href":"https:\/\/www.cnbb.org.br\/cnbb-app\/wp\/v2\/posts\/962672"}],"collection":[{"href":"https:\/\/www.cnbb.org.br\/cnbb-app\/wp\/v2\/posts"}],"about":[{"href":"https:\/\/www.cnbb.org.br\/cnbb-app\/wp\/v2\/types\/post"}],"author":[{"embeddable":true,"href":"https:\/\/www.cnbb.org.br\/cnbb-app\/wp\/v2\/users\/141"}],"replies":[{"embeddable":true,"href":"https:\/\/www.cnbb.org.br\/cnbb-app\/wp\/v2\/comments?post=962672"}],"version-history":[{"count":20,"href":"https:\/\/www.cnbb.org.br\/cnbb-app\/wp\/v2\/posts\/962672\/revisions"}],"predecessor-version":[{"id":962821,"href":"https:\/\/www.cnbb.org.br\/cnbb-app\/wp\/v2\/posts\/962672\/revisions\/962821"}],"wp:featuredmedia":[{"embeddable":true,"href":"https:\/\/www.cnbb.org.br\/cnbb-app\/wp\/v2\/media\/962673"}],"wp:attachment":[{"href":"https:\/\/www.cnbb.org.br\/cnbb-app\/wp\/v2\/media?parent=962672"}],"wp:term":[{"taxonomy":"category","embeddable":true,"href":"https:\/\/www.cnbb.org.br\/cnbb-app\/wp\/v2\/categories?post=962672"},{"taxonomy":"post_tag","embeddable":true,"href":"https:\/\/www.cnbb.org.br\/cnbb-app\/wp\/v2\/tags?post=962672"}],"curies":[{"name":"wp","href":"https:\/\/api.w.org\/{rel}","templated":true}]}}