{"id":962827,"date":"2024-05-07T10:59:36","date_gmt":"2024-05-07T13:59:36","guid":{"rendered":"https:\/\/www.cnbb.org.br\/?p=962827"},"modified":"2024-05-07T11:01:37","modified_gmt":"2024-05-07T14:01:37","slug":"aproxima-se-o-dia-mundial-das-comunicacoes-e-arquidiocese-de-goiania-realiza-evento-sobre-a-inteligencia-artificial","status":"publish","type":"post","link":"https:\/\/www.cnbb.org.br\/aproxima-se-o-dia-mundial-das-comunicacoes-e-arquidiocese-de-goiania-realiza-evento-sobre-a-inteligencia-artificial\/","title":{"rendered":"Aproxima-se o Dia Mundial das Comunica\u00e7\u00f5es e arquidiocese de Goi\u00e2nia realiza evento sobre a Intelig\u00eancia Artificial\u00a0"},"content":{"rendered":"<p style=\"text-align: justify;\">O 58\u00ba Dia Mundial das Comunica\u00e7\u00f5es, em 12 de maio, se aproxima e v\u00e1rias a\u00e7\u00f5es est\u00e3o sendo realizadas na Igreja no Brasil. Neste ano, o tema \u201cIntelig\u00eancia artificial e sabedoria do cora\u00e7\u00e3o: por uma comunica\u00e7\u00e3o plenamente humana\u201d anima as reflex\u00f5es, conforme a mensagem do Papa Francisco para a data.<\/p>\n<p style=\"text-align: justify;\"><span data-contrast=\"auto\">Nesse contexto, no \u00faltimo s\u00e1bado, dia 4 de maio, no Cineteatro Afipe, em Trindade, aconteceu a 2\u00aa edi\u00e7\u00e3o do Muticom, Mutir\u00e3o de Comunica\u00e7\u00e3o da Arquidiocese de Goi\u00e2nia. O evento contou com a participa\u00e7\u00e3o de agentes da Pastoral da Comunica\u00e7\u00e3o, jornalistas, estudantes e pessoas envolvidas com a comunica\u00e7\u00e3o.<\/span><\/p>\n<figure id=\"attachment_962841\" aria-describedby=\"caption-attachment-962841\" style=\"width: 300px\" class=\"wp-caption alignright\"><img decoding=\"async\" loading=\"lazy\" class=\"wp-image-962841 size-medium\" src=\"https:\/\/www.cnbb.org.br\/wp-content\/uploads\/2024\/05\/DSC_1581-1-300x200.jpg\" alt=\"\" width=\"300\" height=\"200\" srcset=\"https:\/\/www.cnbb.org.br\/wp-content\/uploads\/2024\/05\/DSC_1581-1-300x200.jpg 300w, https:\/\/www.cnbb.org.br\/wp-content\/uploads\/2024\/05\/DSC_1581-1-1024x683.jpg 1024w, https:\/\/www.cnbb.org.br\/wp-content\/uploads\/2024\/05\/DSC_1581-1-768x512.jpg 768w, https:\/\/www.cnbb.org.br\/wp-content\/uploads\/2024\/05\/DSC_1581-1-1536x1024.jpg 1536w, https:\/\/www.cnbb.org.br\/wp-content\/uploads\/2024\/05\/DSC_1581-1-2048x1365.jpg 2048w, https:\/\/www.cnbb.org.br\/wp-content\/uploads\/2024\/05\/DSC_1581-1-500x333.jpg 500w\" sizes=\"(max-width: 300px) 100vw, 300px\" \/><figcaption id=\"caption-attachment-962841\" class=\"wp-caption-text\">Primeira confer\u00eancia tratou da Intelig\u00eancia Artificial e os seus impactos na comunica\u00e7\u00e3o<\/figcaption><\/figure>\n<p style=\"text-align: justify;\"><span data-contrast=\"auto\">O tema do Muticom est\u00e1 em conson\u00e2ncia com a mensagem do Papa Francisco para o 58\u00ba Dia Mundial das Comunica\u00e7\u00f5es Sociais. O encontro iniciou com um momento de ora\u00e7\u00e3o conduzido pelos seminaristas da arquidiocese de Goi\u00e2nia. E, logo ap\u00f3s, o arcebispo dom Jo\u00e3o Justino e primeiro vice-presidente da CNBB fez a abertura do evento.\u00a0<\/span><\/p>\n<p style=\"text-align: justify;\"><span data-contrast=\"auto\">Na primeira confer\u00eancia do dia, o professor da PUC-Rio, Marcelo Alves, tratou sobre a Intelig\u00eancia Artificial e os seus impactos na comunica\u00e7\u00e3o. O doutor em comunica\u00e7\u00e3o trouxe uma explana\u00e7\u00e3o sobre o que \u00e9 realmente a IA. Ele explicou que, apesar do nome, ela n\u00e3o \u00e9 inteligente, pois n\u00e3o possui consci\u00eancia, e tamb\u00e9m n\u00e3o \u00e9 artificial, pois ultrapassa a esfera dos algoritmos.<\/span><span data-ccp-props=\"{&quot;335551550&quot;:6,&quot;335551620&quot;:6,&quot;335559731&quot;:708}\">\u00a0<\/span><\/p>\n<figure id=\"attachment_962836\" aria-describedby=\"caption-attachment-962836\" style=\"width: 300px\" class=\"wp-caption alignleft\"><img decoding=\"async\" loading=\"lazy\" class=\"wp-image-962836 size-medium\" src=\"https:\/\/www.cnbb.org.br\/wp-content\/uploads\/2024\/05\/DSC_1433-1-300x200.jpg\" alt=\"\" width=\"300\" height=\"200\" srcset=\"https:\/\/www.cnbb.org.br\/wp-content\/uploads\/2024\/05\/DSC_1433-1-300x200.jpg 300w, https:\/\/www.cnbb.org.br\/wp-content\/uploads\/2024\/05\/DSC_1433-1-1024x683.jpg 1024w, https:\/\/www.cnbb.org.br\/wp-content\/uploads\/2024\/05\/DSC_1433-1-768x512.jpg 768w, https:\/\/www.cnbb.org.br\/wp-content\/uploads\/2024\/05\/DSC_1433-1-1536x1024.jpg 1536w, https:\/\/www.cnbb.org.br\/wp-content\/uploads\/2024\/05\/DSC_1433-1-2048x1365.jpg 2048w, https:\/\/www.cnbb.org.br\/wp-content\/uploads\/2024\/05\/DSC_1433-1-500x333.jpg 500w\" sizes=\"(max-width: 300px) 100vw, 300px\" \/><figcaption id=\"caption-attachment-962836\" class=\"wp-caption-text\">Padre Arnaldo Rodrigues, assessor de comunica\u00e7\u00e3o da CNBB<\/figcaption><\/figure>\n<p style=\"text-align: justify;\"><span data-contrast=\"auto\">O padre Arnaldo Rodrigues, assessor de comunica\u00e7\u00e3o da CNBB, refletiu com os participantes a mensagem do Papa Francisco para o Dia Mundial das Comunica\u00e7\u00f5es Sociais deste ano, \u201cIntelig\u00eancia Artificial e Sabedoria do Cora\u00e7\u00e3o: para uma comunica\u00e7\u00e3o plenamente humana\u201d. O padre, que tamb\u00e9m \u00e9 doutor em comunica\u00e7\u00e3o, falou sobre a contribui\u00e7\u00e3o da IA para os comunicadores, no aux\u00edlio com a revis\u00e3o de textos. Ele tamb\u00e9m explicou sobre os riscos do seu mau uso.<\/span><\/p>\n<figure id=\"attachment_962838\" aria-describedby=\"caption-attachment-962838\" style=\"width: 300px\" class=\"wp-caption alignright\"><img decoding=\"async\" loading=\"lazy\" class=\"wp-image-962838 size-medium\" src=\"https:\/\/www.cnbb.org.br\/wp-content\/uploads\/2024\/05\/DSC_1540-1-300x200.jpg\" alt=\"\" width=\"300\" height=\"200\" srcset=\"https:\/\/www.cnbb.org.br\/wp-content\/uploads\/2024\/05\/DSC_1540-1-300x200.jpg 300w, https:\/\/www.cnbb.org.br\/wp-content\/uploads\/2024\/05\/DSC_1540-1-1024x683.jpg 1024w, https:\/\/www.cnbb.org.br\/wp-content\/uploads\/2024\/05\/DSC_1540-1-768x512.jpg 768w, https:\/\/www.cnbb.org.br\/wp-content\/uploads\/2024\/05\/DSC_1540-1-1536x1024.jpg 1536w, https:\/\/www.cnbb.org.br\/wp-content\/uploads\/2024\/05\/DSC_1540-1-2048x1365.jpg 2048w, https:\/\/www.cnbb.org.br\/wp-content\/uploads\/2024\/05\/DSC_1540-1-500x333.jpg 500w\" sizes=\"(max-width: 300px) 100vw, 300px\" \/><figcaption id=\"caption-attachment-962838\" class=\"wp-caption-text\">O designer e artista cat\u00f3lico, Lucas Coelho, falou sobre as \u201cNovas tecnologias e a influ\u00eancia da Intelig\u00eancia Artificial nas Artes gr\u00e1ficas\u201d<\/figcaption><\/figure>\n<p style=\"text-align: justify;\"><span data-contrast=\"auto\">Ap\u00f3s o almo\u00e7o aconteceu a terceira confer\u00eancia. O designer e artista cat\u00f3lico, Lucas Coelho, falou sobre as \u201cNovas tecnologias e a influ\u00eancia da Intelig\u00eancia Artificial nas Artes gr\u00e1ficas\u201d. <\/span><\/p>\n<p style=\"text-align: justify;\"><span data-contrast=\"auto\">O designer esclareceu que a IA \u00e9 uma ferramenta e que deve ser usada com cuidado, principalmente na cria\u00e7\u00e3o de conte\u00fado para a Igreja. Ele trouxe v\u00e1rios exemplos de imagens criadas com a Intelig\u00eancia Artificial que apresentavam erros em sua iconografia, e que devem ser observados pelo artista. Em sua apresenta\u00e7\u00e3o, o designer tamb\u00e9m explicou a diferen\u00e7a entre Arte Sacra e Arte Religiosa.<\/span><span data-ccp-props=\"{&quot;335551550&quot;:6,&quot;335551620&quot;:6,&quot;335559731&quot;:708}\">\u00a0<\/span><\/p>\n<figure id=\"attachment_962839\" aria-describedby=\"caption-attachment-962839\" style=\"width: 300px\" class=\"wp-caption alignleft\"><img decoding=\"async\" loading=\"lazy\" class=\"wp-image-962839 size-medium\" src=\"https:\/\/www.cnbb.org.br\/wp-content\/uploads\/2024\/05\/DSC_1614-1-300x200.jpg\" alt=\"\" width=\"300\" height=\"200\" srcset=\"https:\/\/www.cnbb.org.br\/wp-content\/uploads\/2024\/05\/DSC_1614-1-300x200.jpg 300w, https:\/\/www.cnbb.org.br\/wp-content\/uploads\/2024\/05\/DSC_1614-1-1024x683.jpg 1024w, https:\/\/www.cnbb.org.br\/wp-content\/uploads\/2024\/05\/DSC_1614-1-768x512.jpg 768w, https:\/\/www.cnbb.org.br\/wp-content\/uploads\/2024\/05\/DSC_1614-1-1536x1024.jpg 1536w, https:\/\/www.cnbb.org.br\/wp-content\/uploads\/2024\/05\/DSC_1614-1-2048x1365.jpg 2048w, https:\/\/www.cnbb.org.br\/wp-content\/uploads\/2024\/05\/DSC_1614-1-500x333.jpg 500w\" sizes=\"(max-width: 300px) 100vw, 300px\" \/><figcaption id=\"caption-attachment-962839\" class=\"wp-caption-text\">Heloisy Rodrigues, primeira mulher formada em Intelig\u00eancia Artificial no Brasil<\/figcaption><\/figure>\n<p style=\"text-align: justify;\"><span data-contrast=\"auto\">Em seguida, por meio de v\u00eddeo, Heloisy Rodrigues, primeira mulher formada em Intelig\u00eancia Artificial no Brasil, deixou um recado aos participantes. Ela falou que n\u00e3o devemos temer a IA, pois ela ir\u00e1 fazer os trabalhos repetitivos, e que n\u00f3s continuaremos com a parte da criatividade.\u00a0<\/span><span data-ccp-props=\"{&quot;335551550&quot;:6,&quot;335551620&quot;:6,&quot;335559731&quot;:708}\">\u00a0<\/span><\/p>\n<p style=\"text-align: justify;\"><span data-contrast=\"auto\">Para encerrar as discuss\u00f5es sobre a Comunica\u00e7\u00e3o e a Intelig\u00eancia Artificial, o irm\u00e3o Diego Joaquim, jornalista e diretor da R\u00e1dio Difusora FM, conduziu uma mesa redonda com a participa\u00e7\u00e3o do arcebispo dom Jo\u00e3o Justino, a gestora de marketing da REDEVIDA de Televis\u00e3o, Ana Paula Provazi, o diretor executivo da TV Pai Eterno, padre Jadeilson Santos, a professora dos cursos de Jornalismo da PUC-Goi\u00e1s, Gabriella Luccianni, e o designer e artista cat\u00f3lico, Lucas Coelho.<\/span><\/p>\n<figure id=\"attachment_962837\" aria-describedby=\"caption-attachment-962837\" style=\"width: 300px\" class=\"wp-caption alignright\"><img decoding=\"async\" loading=\"lazy\" class=\"wp-image-962837 size-medium\" src=\"https:\/\/www.cnbb.org.br\/wp-content\/uploads\/2024\/05\/DSC_1643-1-300x200.jpg\" alt=\"\" width=\"300\" height=\"200\" srcset=\"https:\/\/www.cnbb.org.br\/wp-content\/uploads\/2024\/05\/DSC_1643-1-300x200.jpg 300w, https:\/\/www.cnbb.org.br\/wp-content\/uploads\/2024\/05\/DSC_1643-1-1024x683.jpg 1024w, https:\/\/www.cnbb.org.br\/wp-content\/uploads\/2024\/05\/DSC_1643-1-768x512.jpg 768w, https:\/\/www.cnbb.org.br\/wp-content\/uploads\/2024\/05\/DSC_1643-1-1536x1024.jpg 1536w, https:\/\/www.cnbb.org.br\/wp-content\/uploads\/2024\/05\/DSC_1643-1-2048x1365.jpg 2048w, https:\/\/www.cnbb.org.br\/wp-content\/uploads\/2024\/05\/DSC_1643-1-500x333.jpg 500w\" sizes=\"(max-width: 300px) 100vw, 300px\" \/><figcaption id=\"caption-attachment-962837\" class=\"wp-caption-text\">Mesa redonda com a participa\u00e7\u00e3o do arcebispo dom Jo\u00e3o Justino<\/figcaption><\/figure>\n<p style=\"text-align: justify;\"><span data-contrast=\"auto\">Ao finalizar o encontro, dom Jo\u00e3o ressaltou a import\u00e2ncia de se organizar e incentivar a miss\u00e3o da Pastoral da Comunica\u00e7\u00e3o em toda a arquidiocese, sendo o fortalecimento das mesmas um projeto para este ano. Depois os participantes foram convidados a participar da Santa Missa, presidida pelo arcebispo, na obra do novo Santu\u00e1rio do Divino Pai Eterno.<\/span><span data-ccp-props=\"{&quot;335551550&quot;:6,&quot;335551620&quot;:6,&quot;335559731&quot;:708}\">\u00a0<\/span><\/p>\n<p>&nbsp;<\/p>\n<p>&nbsp;<\/p>\n<pre>Texto e fotos da <i>Secretaria para a Comunica\u00e7\u00e3o da arquidiocese de Goi\u00e2nia<\/i><\/pre>\n","protected":false},"excerpt":{"rendered":"<p>O 58\u00ba Dia Mundial das Comunica\u00e7\u00f5es, em 12 de maio, se aproxima e v\u00e1rias a\u00e7\u00f5es est\u00e3o sendo realizadas na Igreja no Brasil. Neste ano, o tema \u201cIntelig\u00eancia artificial e sabedoria do cora\u00e7\u00e3o: por uma comunica\u00e7\u00e3o plenamente humana\u201d anima as reflex\u00f5es, conforme a mensagem do Papa Francisco para a data<\/p>\n","protected":false},"author":141,"featured_media":962835,"comment_status":"open","ping_status":"open","sticky":false,"template":"","format":"standard","meta":{"site-sidebar-layout":"default","site-content-layout":"default","ast-global-header-display":"","ast-banner-title-visibility":"","ast-main-header-display":"","ast-hfb-above-header-display":"","ast-hfb-below-header-display":"","ast-hfb-mobile-header-display":"","site-post-title":"","ast-breadcrumbs-content":"","ast-featured-img":"","footer-sml-layout":"","theme-transparent-header-meta":"default","adv-header-id-meta":"","stick-header-meta":"","header-above-stick-meta":"","header-main-stick-meta":"","header-below-stick-meta":""},"categories":[782,50],"tags":[4123,3130],"acf":[],"_links":{"self":[{"href":"https:\/\/www.cnbb.org.br\/cnbb-app\/wp\/v2\/posts\/962827"}],"collection":[{"href":"https:\/\/www.cnbb.org.br\/cnbb-app\/wp\/v2\/posts"}],"about":[{"href":"https:\/\/www.cnbb.org.br\/cnbb-app\/wp\/v2\/types\/post"}],"author":[{"embeddable":true,"href":"https:\/\/www.cnbb.org.br\/cnbb-app\/wp\/v2\/users\/141"}],"replies":[{"embeddable":true,"href":"https:\/\/www.cnbb.org.br\/cnbb-app\/wp\/v2\/comments?post=962827"}],"version-history":[{"count":13,"href":"https:\/\/www.cnbb.org.br\/cnbb-app\/wp\/v2\/posts\/962827\/revisions"}],"predecessor-version":[{"id":962847,"href":"https:\/\/www.cnbb.org.br\/cnbb-app\/wp\/v2\/posts\/962827\/revisions\/962847"}],"wp:featuredmedia":[{"embeddable":true,"href":"https:\/\/www.cnbb.org.br\/cnbb-app\/wp\/v2\/media\/962835"}],"wp:attachment":[{"href":"https:\/\/www.cnbb.org.br\/cnbb-app\/wp\/v2\/media?parent=962827"}],"wp:term":[{"taxonomy":"category","embeddable":true,"href":"https:\/\/www.cnbb.org.br\/cnbb-app\/wp\/v2\/categories?post=962827"},{"taxonomy":"post_tag","embeddable":true,"href":"https:\/\/www.cnbb.org.br\/cnbb-app\/wp\/v2\/tags?post=962827"}],"curies":[{"name":"wp","href":"https:\/\/api.w.org\/{rel}","templated":true}]}}