{"id":962881,"date":"2024-05-07T16:20:02","date_gmt":"2024-05-07T19:20:02","guid":{"rendered":"https:\/\/www.cnbb.org.br\/?p=962881"},"modified":"2024-05-08T11:32:44","modified_gmt":"2024-05-08T14:32:44","slug":"cnbb-participa-de-sessao-sobre-os-40-anos-do-movimento-diretas-ja-na-camara-dos-deputados","status":"publish","type":"post","link":"https:\/\/www.cnbb.org.br\/cnbb-participa-de-sessao-sobre-os-40-anos-do-movimento-diretas-ja-na-camara-dos-deputados\/","title":{"rendered":"CNBB participa de sess\u00e3o sobre os 40 anos do movimento Diretas J\u00e1 na C\u00e2mara dos Deputados"},"content":{"rendered":"<p style=\"text-align: justify;\">A C\u00e2mara dos Deputados dedicou a sua 74\u00aa sess\u00e3o, n\u00e3o deliberativa solene, na manh\u00e3 da quarta-feira, 5 de maio, a uma sobre homenagem os 40 anos do Movimento Diretas J\u00e1. O requerimento da sess\u00e3o partiu dos seguintes deputados federais <span style=\"font-size: large;\"><span style=\"font-size: medium;\">Luiz Carlos Hauly, Marangoni, Maria do Ros\u00e1rio, Zeca Dirceu, Pedro Uczai, Alexandre Lindenmeyer e Odair Cunha.<\/span><\/span><\/p>\n<p style=\"text-align: justify;\">Todos os propositores da solenidade discursaram destacando, no in\u00edcio da sess\u00e3o, que o Movimento Diretas J\u00e1 foi emblem\u00e1tico para a redemocratiza\u00e7\u00e3o do pa\u00eds, unindo brasileiros de diferentes perspectivas ideol\u00f3gicas numa grande mobiliza\u00e7\u00e3o nacional em torno da defesa do voto direto para presidente, processo que culminou no processo da Constituinte de 1988.<\/p>\n<p style=\"text-align: justify;\"><img decoding=\"async\" loading=\"lazy\" class=\"size-medium wp-image-962921 alignright\" src=\"https:\/\/www.cnbb.org.br\/wp-content\/uploads\/2024\/05\/Dom-Denilson-300x200.jpg\" alt=\"\" width=\"300\" height=\"200\" srcset=\"https:\/\/www.cnbb.org.br\/wp-content\/uploads\/2024\/05\/Dom-Denilson-300x200.jpg 300w, https:\/\/www.cnbb.org.br\/wp-content\/uploads\/2024\/05\/Dom-Denilson-1024x683.jpg 1024w, https:\/\/www.cnbb.org.br\/wp-content\/uploads\/2024\/05\/Dom-Denilson-768x512.jpg 768w, https:\/\/www.cnbb.org.br\/wp-content\/uploads\/2024\/05\/Dom-Denilson-1536x1024.jpg 1536w, https:\/\/www.cnbb.org.br\/wp-content\/uploads\/2024\/05\/Dom-Denilson-2048x1365.jpg 2048w, https:\/\/www.cnbb.org.br\/wp-content\/uploads\/2024\/05\/Dom-Denilson-500x333.jpg 500w\" sizes=\"(max-width: 300px) 100vw, 300px\" \/>O bispo auxiliar de Bras\u00edlia, dom Denilson Geraldo, representou a Confer\u00eancia Nacional dos Bispos do Brasil (CNBB) na solenidade. O bispo manifestou no in\u00edcio de sua fala na tribuna a solidariedade material e espiritual da CNBB \u00e0s v\u00edtimas das enchentes no Rio Grande do Sul.<\/p>\n<p style=\"text-align: justify;\">Dom Denilson destacou que a presen\u00e7a de milh\u00f5es de brasileiros nas manifesta\u00e7\u00f5es pelas \u201cDiretas J\u00e1\u201d, em 1984, as elei\u00e7\u00f5es seguintes e o processo constituinte, bem como o surgimento e o fortalecimento de organiza\u00e7\u00f5es da sociedade civil, ensejaram o processo de abertura que alcan\u00e7ou o seu \u00e1pice na nova ordem constitucional a partir de 1988.<\/p>\n<blockquote>\n<p style=\"text-align: justify;\">&#8220;Nesse processo de redemocratiza\u00e7\u00e3o da sociedade brasileira, a Igreja Cat\u00f3lica do Brasil contribuiu, por meio de sua a\u00e7\u00e3o evangelizadora, em diversas a\u00e7\u00f5es que refletiram-se nos v\u00e1rios documentos eclesiais que foram lan\u00e7ados sobre o aprimoramento das rela\u00e7\u00f5es democr\u00e1ticas no pa\u00eds&#8221;, disse.<\/p>\n<\/blockquote>\n<p style=\"text-align: justify;\">O representante da CNBB, refor\u00e7ou que passadas quatro d\u00e9cadas, a Confer\u00eancia dos Bispos do Brasil insiste que \u201cu<em>ma aut\u00eantica democracia n\u00e3o \u00e9 somente o resultado de um respeito formal de regras, mas \u00e9 o fruto da convicta aceita\u00e7\u00e3o dos valores que inspiram os procedimentos democr\u00e1tico, a saber<\/em>:\u00a0<em>a dignidade da pessoa humana, o respeito dos direitos da pessoa, o fato de assumir o bem comum como fim e crit\u00e9rio regulador da vida pol\u00edtica<\/em>. Se n\u00e3o h\u00e1 um consenso na sociedade sobre tais valores, se perde o significado da democracia e se compromete a sua estabilidade\u201d (CDSI, 407).<\/p>\n<p>&nbsp;<\/p>\n<p>&nbsp;<\/p>\n<p>&nbsp;<\/p>\n","protected":false},"excerpt":{"rendered":"<p>O bispo auxiliar de Bras\u00edlia, dom Denilson Geraldo, representou a Confer\u00eancia Nacional dos Bispos do Brasil (CNBB) na solenidade. O bispo manifestou no in\u00edcio de sua fala na tribuna a solidariedade material e espiritual da CNBB \u00e0s v\u00edtimas das enchentes no Rio Grande do Sul<\/p>\n","protected":false},"author":142,"featured_media":962887,"comment_status":"open","ping_status":"open","sticky":false,"template":"","format":"standard","meta":{"site-sidebar-layout":"default","site-content-layout":"default","ast-global-header-display":"","ast-banner-title-visibility":"","ast-main-header-display":"","ast-hfb-above-header-display":"","ast-hfb-below-header-display":"","ast-hfb-mobile-header-display":"","site-post-title":"","ast-breadcrumbs-content":"","ast-featured-img":"","footer-sml-layout":"","theme-transparent-header-meta":"default","adv-header-id-meta":"","stick-header-meta":"","header-above-stick-meta":"","header-main-stick-meta":"","header-below-stick-meta":""},"categories":[1841,797],"tags":[5527],"acf":[],"_links":{"self":[{"href":"https:\/\/www.cnbb.org.br\/cnbb-app\/wp\/v2\/posts\/962881"}],"collection":[{"href":"https:\/\/www.cnbb.org.br\/cnbb-app\/wp\/v2\/posts"}],"about":[{"href":"https:\/\/www.cnbb.org.br\/cnbb-app\/wp\/v2\/types\/post"}],"author":[{"embeddable":true,"href":"https:\/\/www.cnbb.org.br\/cnbb-app\/wp\/v2\/users\/142"}],"replies":[{"embeddable":true,"href":"https:\/\/www.cnbb.org.br\/cnbb-app\/wp\/v2\/comments?post=962881"}],"version-history":[{"count":9,"href":"https:\/\/www.cnbb.org.br\/cnbb-app\/wp\/v2\/posts\/962881\/revisions"}],"predecessor-version":[{"id":962924,"href":"https:\/\/www.cnbb.org.br\/cnbb-app\/wp\/v2\/posts\/962881\/revisions\/962924"}],"wp:featuredmedia":[{"embeddable":true,"href":"https:\/\/www.cnbb.org.br\/cnbb-app\/wp\/v2\/media\/962887"}],"wp:attachment":[{"href":"https:\/\/www.cnbb.org.br\/cnbb-app\/wp\/v2\/media?parent=962881"}],"wp:term":[{"taxonomy":"category","embeddable":true,"href":"https:\/\/www.cnbb.org.br\/cnbb-app\/wp\/v2\/categories?post=962881"},{"taxonomy":"post_tag","embeddable":true,"href":"https:\/\/www.cnbb.org.br\/cnbb-app\/wp\/v2\/tags?post=962881"}],"curies":[{"name":"wp","href":"https:\/\/api.w.org\/{rel}","templated":true}]}}