{"id":962997,"date":"2024-05-09T16:41:05","date_gmt":"2024-05-09T19:41:05","guid":{"rendered":"https:\/\/www.cnbb.org.br\/?p=962997"},"modified":"2024-05-09T16:47:21","modified_gmt":"2024-05-09T19:47:21","slug":"a-esperanca-nao-decepciona-e-o-titulo-da-bula-de-proclamacao-do-jubileu-2025","status":"publish","type":"post","link":"https:\/\/www.cnbb.org.br\/a-esperanca-nao-decepciona-e-o-titulo-da-bula-de-proclamacao-do-jubileu-2025\/","title":{"rendered":"\u201cA esperan\u00e7a n\u00e3o decepciona\u201d, \u00e9 o t\u00edtulo da Bula de proclama\u00e7\u00e3o do Jubileu 2025 entregue \u00e0s Igrejas dos 5 continentes"},"content":{"rendered":"<p style=\"text-align: justify;\">\u00c9 a esperan\u00e7a que o Papa invoca como dom no Jubileu 2025 para um mundo marcado pelo conflito de armas, morte, destrui\u00e7\u00e3o, \u00f3dio contra o pr\u00f3ximo, fome, &#8220;d\u00edvida ecol\u00f3gica&#8221; e baixa taxa de natalidade. A esperan\u00e7a \u00e9 o b\u00e1lsamo que Francisco quer derramar sobre as feridas de uma humanidade oprimida pela &#8220;brutalidade da viol\u00eancia&#8221; ou que se encontra nas garras de um crescimento exponencial da pobreza.<\/p>\n<p style=\"text-align: justify;\">&#8220;<a href=\"https:\/\/www.vatican.va\/content\/francesco\/pt\/bulls\/documents\/20240509_spes-non-confundit_bolla-giubileo2025.html\" target=\"_blank\" rel=\"noopener\">Spes non confundit<\/a>&#8220;, a esperan\u00e7a n\u00e3o decepciona, \u00e9 o t\u00edtulo da Bula de proclama\u00e7\u00e3o do Jubileu Ordin\u00e1rio entregue na tarde de hoje, 9 de maio, pelo Papa \u00e0s Igrejas dos cinco continentes durante as primeiras V\u00e9speras da Solenidade da Ascens\u00e3o. A Bula, dividida em 25 pontos, cont\u00e9m s\u00faplicas, propostas, apelos em favor dos presos, dos doentes, dos idosos, dos pobres, dos jovens, e anuncia as novidades de um Ano Santo que ter\u00e1 como tema &#8220;Peregrinos de esperan\u00e7a&#8221;.<\/p>\n<h3 style=\"text-align: justify;\">Uma data comum para a P\u00e1scoa<\/h3>\n<p style=\"text-align: justify;\">No documento, o Papa Francisco recorda dois importantes anivers\u00e1rios: a celebra\u00e7\u00e3o em 2033 dos dois mil anos da Reden\u00e7\u00e3o e os 1700 anos do primeiro grande Conc\u00edlio Ecum\u00eanico de Nic\u00e9ia, que entre outros temas tratou tamb\u00e9m da defini\u00e7\u00e3o da data da P\u00e1scoa. Ainda hoje, &#8220;posi\u00e7\u00f5es diferentes&#8221; impedem a celebra\u00e7\u00e3o no mesmo dia do &#8220;o evento fundante da f\u00e9&#8221;, ressalta, lembrando que, no entanto, &#8220;por uma circunst\u00e2ncia providencial, isso acontecer\u00e1 precisamente no ano de 2025&#8221; (17).<\/p>\n<blockquote><p>&#8220;Seja isto um apelo a todos os crist\u00e3os do Oriente e do Ocidente para darem resolutamente um passo rumo \u00e0 unidade em torno duma data comum para a P\u00e1scoa.&#8221;<\/p><\/blockquote>\n<h3>A abertura da Porta Santa<\/h3>\n<p style=\"text-align: justify;\">Em meio a essas &#8220;grandes etapas&#8221;, o Papa estabelece que a Porta Santa da Bas\u00edlica de S\u00e3o Pedro ser\u00e1 aberta em 24 de dezembro de 2024. No domingo seguinte, 29 de dezembro, o Pont\u00edfice abrir\u00e1 a Porta Santa da Bas\u00edlica de S\u00e3o Jo\u00e3o de Latr\u00e3o; em 1\u00ba de janeiro de 2025, Solenidade de Maria M\u00e3e de Deus, a de Santa Maria Maior e, em 5 de janeiro, a Porta Santa de S\u00e3o Paulo Fora dos Muros. As tr\u00eas Portas ser\u00e3o fechadas no domingo, 28 de dezembro do mesmo ano. O Jubileu terminar\u00e1 com o fechamento da Porta Santa da Bas\u00edlica de S\u00e3o Pedro em 6 de janeiro de 2026.<\/p>\n<h3>Sinais dos tempos<\/h3>\n<p>Francisco espera que &#8220;o primeiro sinal de esperan\u00e7a&#8221; do Jubileu &#8220;se traduza em paz para o mundo, mais uma vez imerso na trag\u00e9dia da guerra&#8221;.<\/p>\n<p style=\"text-align: justify;\">&#8220;Esquecida dos dramas do passado, a humanidade encontra-se de novo submetida a uma dif\u00edcil prova que v\u00ea muitas popula\u00e7\u00f5es oprimidas pela brutalidade da viol\u00eancia. Faltar\u00e1 ainda a esses povos algo que n\u00e3o tenham j\u00e1 sofrido? Como \u00e9 poss\u00edvel que o seu desesperado grito de ajuda n\u00e3o impulsione os respons\u00e1veis das Na\u00e7\u00f5es a querer p\u00f4r fim aos demasiados conflitos regionais, cientes das consequ\u00eancias que da\u00ed podem derivar a n\u00edvel mundial? Ser\u00e1 excessivo sonhar que as armas se calem e deixem de difundir destrui\u00e7\u00e3o e morte?&#8221;<\/p>\n<h3>Apelo em favor da natalidade<\/h3>\n<p style=\"text-align: justify;\">Com preocupa\u00e7\u00e3o, o Papa Francisco observa a &#8220;queda na taxa de natalidade&#8221; que est\u00e1 sendo registrada em v\u00e1rios pa\u00edses e por v\u00e1rios motivos: &#8220;dos ritmos fren\u00e9ticos de vida&#8221;, &#8220;dos receios face ao futuro&#8221;, &#8220;da falta de garantias de emprego e de adequada prote\u00e7\u00e3o social&#8221; e &#8220;de modelos sociais ditados mais pela procura do lucro do que pelo cuidado das rela\u00e7\u00f5es humanas&#8221;. Para o Pont\u00edfice, h\u00e1 uma &#8220;necessidade urgente&#8221; de &#8220;apoio convicto&#8221; dos fi\u00e9is e da sociedade civil ao &#8220;desejo&#8221; dos jovens de gerar novas crian\u00e7as, para que o futuro possa ser &#8220;marcado pelo sorriso de tantos meninos e meninas que, em muitas partes do mundo, venham encher os demasiados ber\u00e7os vazios&#8221;.<\/p>\n<h3>Para os presidi\u00e1rios, respeito e condi\u00e7\u00f5es dignas<\/h3>\n<p>Na sequ\u00eancia, Francisco pede &#8220;sinais tang\u00edveis de esperan\u00e7a&#8221; para os presos. Prop\u00f5e aos governos &#8220;formas de amnistia ou de perd\u00e3o da pena&#8221;, bem como &#8220;percursos de reinser\u00e7\u00e3o na comunidade&#8221;. Acima de tudo, o Papa pede &#8220;condi\u00e7\u00f5es dignas para quem est\u00e1 recluso, respeito pelos direitos humanos e sobretudo a aboli\u00e7\u00e3o da pena de morte&#8221;. (10) Para oferecer aos prisioneiros um sinal concreto de proximidade, o pr\u00f3prio Pont\u00edfice abrir\u00e1 uma Porta Santa em uma pris\u00e3o.<\/p>\n<h3>Esperan\u00e7a para os doentes e incentivo para os jovens<\/h3>\n<p>Sinais de esperan\u00e7a tamb\u00e9m devem ser oferecidos aos doentes, que se encontram em casa ou no hospital: &#8220;O cuidado para com eles \u00e9 um hino \u00e0 dignidade humana&#8221;. (11) A esperan\u00e7a tamb\u00e9m \u00e9 necess\u00e1ria para os jovens que, com tanta frequ\u00eancia, &#8220;veem desmoronar-se os seus sonhos&#8221;.<\/p>\n<p>&#8220;A ilus\u00e3o das drogas, o risco da transgress\u00e3o e a busca do ef\u00eamero criam nos jovens, mais do que nos outros, confus\u00e3o e escondem-lhes a beleza e o sentido da vida, fazendo-os escorregar para abismos escuros e impelindo-os a gestos autodestrutivos.&#8221; (12)<\/p>\n<h3>Sinais de esperan\u00e7a em rela\u00e7\u00e3o aos migrantes<\/h3>\n<p style=\"text-align: justify;\">Mais uma vez o Papa pede que as expectativas dos migrantes &#8220;n\u00e3o sejam frustradas por preconceitos e isolamentos&#8221;.<\/p>\n<p style=\"text-align: justify;\">&#8220;A tantos exilados, deslocados e refugiados que, por acontecimentos internacionais controversos, s\u00e3o for\u00e7ados a fugir para evitar guerras, viol\u00eancia e discrimina\u00e7\u00e3o, sejam garantidos a seguran\u00e7a e o acesso ao trabalho e \u00e0 instru\u00e7\u00e3o, instrumentos necess\u00e1rios para a sua inser\u00e7\u00e3o no novo contexto social.&#8221; (13)<\/p>\n<h3>O n\u00famero de pobres no mundo \u00e9 escandaloso<\/h3>\n<p style=\"text-align: justify;\">Francisco n\u00e3o se esquece, na Bula, dos muitos idosos que &#8220;experimentam a solid\u00e3o e o sentimento de abandono&#8221; (14). Tamb\u00e9m n\u00e3o se esquece dos &#8220;bilh\u00f5es&#8221; de pobres que &#8220;falta o necess\u00e1rio para viver&#8221; e &#8220;sofrem a exclus\u00e3o e a indiferen\u00e7a de muitos&#8221;. &#8220;\u00c9 escandaloso&#8221;, de acordo com Francisco, que os pobres constituam a maioria da popula\u00e7\u00e3o de um mundo &#8220;dotado de enormes recursos destinados em grande parte para armas&#8221;. (15) Em seguida, pede &#8221; que seja generoso quem possui riquezas&#8221;, e renova seu apelo para a cria\u00e7\u00e3o de &#8220;um Fundo Global para acabar de vez com a fome&#8221; com o dinheiro proveniente de gastos militares. (16)<\/p>\n<h3>O perd\u00e3o das d\u00edvidas dos pa\u00edses pobres<\/h3>\n<p style=\"text-align: justify;\">Outro convite sincero \u00e9 dirigido \u00e0s na\u00e7\u00f5es mais ricas para que &#8220;reconhe\u00e7am a gravidade de muitas decis\u00f5es tomadas e estabele\u00e7am o perd\u00e3o das d\u00edvidas dos pa\u00edses que nunca poder\u00e3o pag\u00e1-las&#8221;. &#8220;\u00c9 uma quest\u00e3o de justi\u00e7a&#8221;, escreve o Papa Francisco, &#8220;agravada hoje por uma nova forma de desigualdade&#8221;, como a &#8220;d\u00edvida ecol\u00f3gica&#8221;, especialmente entre o Norte e o Sul.<\/p>\n<h3>O testemunho dos m\u00e1rtires<\/h3>\n<p style=\"text-align: justify;\">Na Bula do Jubileu, o Papa convida a olhar para o testemunho dos m\u00e1rtires, pertencentes \u00e0s diversas tradi\u00e7\u00f5es crist\u00e3s, e expressa o desejo de que durante o Ano Santo esteja presente o aspecto ecum\u00eanico. &#8220;Estes m\u00e1rtires, pertencentes \u00e0s diferentes tradi\u00e7\u00f5es crist\u00e3s, s\u00e3o tamb\u00e9m sementes de unidade, porque exprimem o ecumenismo do sangue. Durante o Jubileu desejo ardentemente que n\u00e3o falte uma celebra\u00e7\u00e3o ecum\u00eanica para evidenciar a riqueza do testemunho destes M\u00e1rtires.&#8221;<\/p>\n<h3>A import\u00e2ncia da Confiss\u00e3o<\/h3>\n<p>Francisco tamb\u00e9m se refere ao sacramento da Penit\u00eancia e anuncia a continua\u00e7\u00e3o do servi\u00e7o dos Mission\u00e1rios da Miseric\u00f3rdia, estabelecido durante o Jubileu extraordin\u00e1rio. Aos bispos, pede que os enviem a lugares onde &#8220;a esperan\u00e7a est\u00e1 posta a dura prova, como nas pris\u00f5es, nos hospitais e nos lugares onde a dignidade da pessoa \u00e9 espezinhada, nas situa\u00e7\u00f5es mais desfavorecidas e nos contextos de maior degrada\u00e7\u00e3o, para que ningu\u00e9m fique privado da possibilidade de receber o perd\u00e3o e a consola\u00e7\u00e3o de Deus&#8221;. (23)<\/p>\n<h3>O convite \u00e0s Igrejas Orientais e aos ortodoxos<\/h3>\n<p style=\"text-align: justify;\">O Papa dirige &#8220;um convite especial&#8221; aos fi\u00e9is das Igrejas Orientais que &#8220;tanto sofreram, muitas vezes at\u00e9 \u00e0 morte, pela sua fidelidade a Cristo e \u00e0 Igreja&#8221;. Esses irm\u00e3os devem se sentir &#8220;particularmente bem-vindos a Roma, que tamb\u00e9m \u00e9 M\u00e3e para eles e conserva tantas mem\u00f3rias da sua presen\u00e7a&#8221;. O acolhimento tamb\u00e9m para os irm\u00e3os e irm\u00e3s ortodoxos que j\u00e1 est\u00e3o vivendo &#8220;a peregrina\u00e7\u00e3o da Via-Sacra, sendo muitas vezes obrigados a deixar as suas terras de origem, as suas terras santas, donde a viol\u00eancia e a instabilidade os expulsam rumo a pa\u00edses mais seguros&#8221;.<\/p>\n<h3>Ora\u00e7\u00e3o nos santu\u00e1rios marianos<\/h3>\n<p>Francisco tamb\u00e9m convida os &#8220;peregrinos que vierem a Roma&#8221; a rezar nos santu\u00e1rios marianos da cidade para invocar a prote\u00e7\u00e3o de Maria, de modo a &#8220;experimentar a proximidade da mais afetuosa das m\u00e3es, que nunca abandona os seus filhos&#8221;.<\/p>\n","protected":false},"excerpt":{"rendered":"<p>A Bula, dividida em 25 pontos, cont\u00e9m s\u00faplicas, propostas, apelos em favor dos presos, dos doentes, dos idosos, dos pobres, dos jovens, e anuncia as novidades de um Ano Santo que ter\u00e1 como tema &#8220;Peregrinos de esperan\u00e7a&#8221;. &#8220;Seja isto um apelo a todos os crist\u00e3os do Oriente e do Ocidente&#8221;, disse o Papa <\/p>\n","protected":false},"author":142,"featured_media":963000,"comment_status":"open","ping_status":"open","sticky":false,"template":"","format":"standard","meta":{"site-sidebar-layout":"default","site-content-layout":"default","ast-global-header-display":"","ast-banner-title-visibility":"","ast-main-header-display":"","ast-hfb-above-header-display":"","ast-hfb-below-header-display":"","ast-hfb-mobile-header-display":"","site-post-title":"","ast-breadcrumbs-content":"","ast-featured-img":"","footer-sml-layout":"","theme-transparent-header-meta":"default","adv-header-id-meta":"","stick-header-meta":"","header-above-stick-meta":"","header-main-stick-meta":"","header-below-stick-meta":""},"categories":[50,784],"tags":[5534],"acf":[],"_links":{"self":[{"href":"https:\/\/www.cnbb.org.br\/cnbb-app\/wp\/v2\/posts\/962997"}],"collection":[{"href":"https:\/\/www.cnbb.org.br\/cnbb-app\/wp\/v2\/posts"}],"about":[{"href":"https:\/\/www.cnbb.org.br\/cnbb-app\/wp\/v2\/types\/post"}],"author":[{"embeddable":true,"href":"https:\/\/www.cnbb.org.br\/cnbb-app\/wp\/v2\/users\/142"}],"replies":[{"embeddable":true,"href":"https:\/\/www.cnbb.org.br\/cnbb-app\/wp\/v2\/comments?post=962997"}],"version-history":[{"count":7,"href":"https:\/\/www.cnbb.org.br\/cnbb-app\/wp\/v2\/posts\/962997\/revisions"}],"predecessor-version":[{"id":963005,"href":"https:\/\/www.cnbb.org.br\/cnbb-app\/wp\/v2\/posts\/962997\/revisions\/963005"}],"wp:featuredmedia":[{"embeddable":true,"href":"https:\/\/www.cnbb.org.br\/cnbb-app\/wp\/v2\/media\/963000"}],"wp:attachment":[{"href":"https:\/\/www.cnbb.org.br\/cnbb-app\/wp\/v2\/media?parent=962997"}],"wp:term":[{"taxonomy":"category","embeddable":true,"href":"https:\/\/www.cnbb.org.br\/cnbb-app\/wp\/v2\/categories?post=962997"},{"taxonomy":"post_tag","embeddable":true,"href":"https:\/\/www.cnbb.org.br\/cnbb-app\/wp\/v2\/tags?post=962997"}],"curies":[{"name":"wp","href":"https:\/\/api.w.org\/{rel}","templated":true}]}}