{"id":963011,"date":"2024-05-10T10:58:47","date_gmt":"2024-05-10T13:58:47","guid":{"rendered":"https:\/\/www.cnbb.org.br\/?p=963011"},"modified":"2024-05-10T11:58:17","modified_gmt":"2024-05-10T14:58:17","slug":"o-anuncio-do-evangelho-no-tempo-do-espirito","status":"publish","type":"post","link":"https:\/\/www.cnbb.org.br\/o-anuncio-do-evangelho-no-tempo-do-espirito\/","title":{"rendered":"No tempo do Esp\u00edrito"},"content":{"rendered":"<div style=\"text-align: left;\">Dom Alberto Taveira Correia<\/div>\n<div style=\"text-align: left;\">Arcebispo de Bel\u00e9m (PA)<\/div>\n<div style=\"text-align: left;\"><\/div>\n<div><\/div>\n<div style=\"text-align: justify;\">A Igreja celebra a Solenidade da Ascens\u00e3o de Jesus, na solene e intensa expectativa do Pentecostes, o derramamento do Dom do Esp\u00edrito Santo. Este foi dado como penhor e garantia definitiva de que todo mist\u00e9rio de Cristo, em sua vida, morte, ressurrei\u00e7\u00e3o e subida aos C\u00e9us revela a plena verdade, suficiente para nossa caminhada at\u00e9 o fim dos tempos, quando o Senhor se manifestar\u00e1 gloriosamente, vindo para julgar os vivos e os mortos.<\/div>\n<div><\/div>\n<div style=\"text-align: justify;\">Antes de sua partida, Jesus entregou a miss\u00e3o de levar a boa nova do Evangelho da Salva\u00e7\u00e3o at\u00e9 os confins da terra. Da Ascens\u00e3o e do Pentecostes, at\u00e9 a volta do Senhor, est\u00e1 em nossas m\u00e3os, sempre conduzidos e garantidos pelo Esp\u00edrito Santo, a visibilidade da presen\u00e7a de Cristo Jesus. Estamos no tempo do Esp\u00edrito! Imensa responsabilidade, que diz respeito a todos os fi\u00e9is, independentemente de seu estado de vida, idade ou voca\u00e7\u00e3o. A tocha da verdade do Evangelho \u00e9 hoje entregue a n\u00f3s. N\u00e3o d\u00e1 para sonhar com um passado buc\u00f3lico, que n\u00e3o volta mais.<\/div>\n<div><\/div>\n<div style=\"text-align: justify;\">O Papa Francisco, em sua mensagem para o Dia Mundial das Comunica\u00e7\u00f5es Sociais, sobre o tema da Intelig\u00eancia Artificial, relembra uma palavra do grande escritor Romano Guardini, em que \u201crefletindo sobre a t\u00e9cnica e o homem, convidava a n\u00e3o se inveterar contra o \u2018novo\u2019 na tentativa de \u2018conservar um mundo belo condenado a desaparecer\u2019. Ao mesmo tempo, por\u00e9m, com veem\u00eancia prof\u00e9tica advertia: \u2018O nosso posto \u00e9 no devir. Devemos inserir-nos nele, cada um no seu lugar, aderindo honestamente, mas permanecendo sens\u00edveis, com um cora\u00e7\u00e3o incorrupt\u00edvel, a tudo o que nele houver de destrutivo e n\u00e3o-humano\u201d. E conclu\u00eda, diz o Papa: \u201cTrata- se \u2013 \u00e9 verdade \u2013 de problemas de natureza t\u00e9cnica, cient\u00edfica e pol\u00edtica; mas s\u00f3 podem ser resolvidos passando pelo homem. Deve-se formar um novo tipo humano, dotado duma espiritualidade mais profunda, duma nova liberdade e duma nova interioridade\u201d.<\/div>\n<div><\/div>\n<div style=\"text-align: justify;\">De fato, a Igreja singrou mares e percorreu estradas para levar o Evangelho, deparou-se com as mudan\u00e7as de \u00e9poca, e basta lembrar o surgimento da imprensa. Lembremo-nos da descoberta da energia el\u00e9trica, ou os transportes, ou as revolu\u00e7\u00f5es culturais e intelectuais que reviraram grandes quantidades de livros e conceitos! E se chegamos \u00e0 Internet, com todos os passos que nos levaram a ela, as redes sociais que nos desafiam continuamente. Com muito gosto e \u00e0s vezes a duras penas, os crist\u00e3os t\u00eam sido capazes de ampliar horizontes, olhar para frente e para o alto e continuarem seu empenho para chegar aos confins da terra. E pensemos no esfor\u00e7o para chegar a um novo ardor e novos m\u00e9todos e novas express\u00f5es na Evangeliza\u00e7\u00e3o! Vivemos uma nova mudan\u00e7a de \u00e9poca e o Esp\u00edrito Santo nos leva a partejar o modo adequado para evangelizar.<\/div>\n<div><\/div>\n<div style=\"text-align: justify;\">Acolhamos as indica\u00e7\u00f5es do Papa para este Dia Mundial das Comunica\u00e7\u00f5es Sociais: \u201cNeste tempo que corre o risco de ser rico em t\u00e9cnica e pobre em humanidade, a nossa reflex\u00e3o s\u00f3 pode partir do cora\u00e7\u00e3o humano. Somente com um olhar espiritual, recuperando uma sabedoria do cora\u00e7\u00e3o \u00e9 que poderemos ler e interpretar a novidade do nosso tempo e descobrir o caminho para uma comunica\u00e7\u00e3o plenamente humana&#8230; Faz-se necess\u00e1rio a sabedoria do cora\u00e7\u00e3o deixa-se encontrar por quem a busca e deixa-se ver a quem a ama; antecipa-se a quem a deseja e vai \u00e0 procura de quem \u00e9 digno dela (cf. Sb 6, 12-16). Est\u00e1 com quem aceita conselho (cf. Pr 13, 10), com quem tem um cora\u00e7\u00e3o d\u00f3cil, um cora\u00e7\u00e3o que escuta (cf. 1 Rs 3, 9). \u00c9 um dom do Esp\u00edrito Santo, que permite ver as coisas com os olhos de Deus, compreender as interliga\u00e7\u00f5es, as situa\u00e7\u00f5es, os acontecimentos e descobrir o seu sentido\u201d.<\/div>\n<div><\/div>\n<div style=\"text-align: justify;\">Continua o Papa: \u201cN\u00e3o podemos esperar esta sabedoria das m\u00e1quinas. O termo intelig\u00eancia artificial \u00e9 falacioso. \u00c9 certo que as m\u00e1quinas t\u00eam\u00a0 capacidade imensamente maior que os seres humanos de memorizar os dados e relacion\u00e1-los entre si, mas compete ao homem, e s\u00f3 a ele, decodificar o seu sentido. N\u00e3o se trata, pois, de exigir das m\u00e1quinas que pare\u00e7am humanas; mas de despertar o homem da hipnose em que cai devido ao seu del\u00edrio de omnipot\u00eancia, crendo-se sujeito totalmente aut\u00f4nomo e autorreferencial, separado de toda a liga\u00e7\u00e3o social e esquecido da sua condi\u00e7\u00e3o de criatura\u201d.<\/div>\n<div><\/div>\n<div style=\"text-align: justify;\">Vejamos a for\u00e7a da orienta\u00e7\u00e3o do Santo Padre: \u201cCada coisa nas m\u00e3os do homem torna-se oportunidade ou perigo, segundo a orienta\u00e7\u00e3o do cora\u00e7\u00e3o. Cada prolongamento t\u00e9cnico do homem pode ser instrumento de amoroso servi\u00e7o ou de dom\u00ednio hostil. Os sistemas de intelig\u00eancia artificial podem contribuir para o processo de liberta\u00e7\u00e3o da ignor\u00e2ncia e facilitar a troca de informa\u00e7\u00f5es entre diferentes povos e gera\u00e7\u00f5es, mas simultaneamente podem ser instrumentos de polui\u00e7\u00e3o cognitiva, altera\u00e7\u00e3o da realidade atrav\u00e9s de narra\u00e7\u00f5es parcial ou totalmente falsas, mas acreditadas e partilhadas como se fossem verdadeiras. Basta pensar no problema da desinforma\u00e7\u00e3o que enfrentamos, h\u00e1 anos, no caso das \u2018fake news\u2019\u00a0 e que hoje se serve da \u2018deep fake\u2019, a cria\u00e7\u00e3o e divulga\u00e7\u00e3o de imagens que parecem perfeitamente plaus\u00edveis mas s\u00e3o falsas ou mensagens-\u00e1udio que usam a voz duma pessoa, dizendo coisas que ela pr\u00f3pria nunca disse. A simula\u00e7\u00e3o, que est\u00e1 na base destes programas, pode ser \u00fatil em alguns campos espec\u00edficos, mas torna-se perversa quando distorce as rela\u00e7\u00f5es com os outros e com a realidade\u201d.<\/div>\n<div><\/div>\n<div style=\"text-align: justify;\">\u201cSomos chamados a crescer juntos, em humanidade e como humanidade. O desafio \u00e9 realizar um salto de qualidade para estarmos \u00e0 altura duma sociedade complexa, multi\u00e9tnica, pluralista, multirreligiosa e multicultural. As suas grandes possibilidades de bem s\u00e3o acompanhadas pelo risco de que tudo se transforme num c\u00e1lculo abstrato que reduz as pessoas a dados, o pensamento a um esquema, a experi\u00eancia a um caso, o bem ao lucro, com o risco sobretudo de que se acabe por negar a singularidade de cada pessoa e da sua hist\u00f3ria, dissolvendo a realidade concreta numa s\u00e9rie de dados estat\u00edsticos\u201d.<\/div>\n<div><\/div>\n<div style=\"text-align: justify;\">A resposta n\u00e3o est\u00e1 escrita, mas depende de n\u00f3s. Compete ao homem decidir se h\u00e1 de tornar-se alimento para os algoritmos ou nutrir o seu cora\u00e7\u00e3o de liberdade, sem a qual n\u00e3o se cresce na sabedoria. Esta sabedoria amadurece valorizando o tempo e abra\u00e7ando as vulnerabilidades. Cresce na alian\u00e7a entre as gera\u00e7\u00f5es, entre quem tem mem\u00f3ria do passado e quem tem vis\u00e3o de futuro. Somente juntos \u00e9 que cresce a capacidade de discernir, vigiar, ver as coisas a partir do seu termo. Para n\u00e3o perder a nossa humanidade, procuremos a Sabedoria que existe antes de todas as coisas (cf. Eclo 1, 4), que, passando atrav\u00e9s dos cora\u00e7\u00f5es puros, prepara amigos de Deus e profetas (cf. Sb 7, 27): h\u00e1 de ajudar-nos tamb\u00e9m a orientar os sistemas da intelig\u00eancia artificial para uma comunica\u00e7\u00e3o plenamente humana\u201d.<\/div>\n<div><\/div>\n<div>Queremos dar nossa contribui\u00e7\u00e3o de crist\u00e3os para o enfrentamento de tantos desafios!<\/div>\n","protected":false},"excerpt":{"rendered":"<p>Dom Alberto Taveira Correia Arcebispo de Bel\u00e9m (PA) A Igreja celebra a Solenidade da Ascens\u00e3o de Jesus, na solene e intensa expectativa do Pentecostes, o derramamento do Dom do Esp\u00edrito Santo. Este foi dado como penhor e garantia definitiva de que todo mist\u00e9rio de Cristo, em sua vida, morte, ressurrei\u00e7\u00e3o e subida aos C\u00e9us revela &hellip;<\/p>\n<p class=\"read-more\"> <a class=\"\" href=\"https:\/\/www.cnbb.org.br\/o-anuncio-do-evangelho-no-tempo-do-espirito\/\"> <span class=\"screen-reader-text\">No tempo do Esp\u00edrito<\/span> Leia mais &raquo;<\/a><\/p>\n","protected":false},"author":21,"featured_media":0,"comment_status":"open","ping_status":"open","sticky":false,"template":"","format":"standard","meta":{"site-sidebar-layout":"default","site-content-layout":"default","ast-global-header-display":"","ast-banner-title-visibility":"","ast-main-header-display":"","ast-hfb-above-header-display":"","ast-hfb-below-header-display":"","ast-hfb-mobile-header-display":"","site-post-title":"","ast-breadcrumbs-content":"","ast-featured-img":"","footer-sml-layout":"","theme-transparent-header-meta":"default","adv-header-id-meta":"","stick-header-meta":"","header-above-stick-meta":"","header-main-stick-meta":"","header-below-stick-meta":""},"categories":[758],"tags":[],"acf":[],"_links":{"self":[{"href":"https:\/\/www.cnbb.org.br\/cnbb-app\/wp\/v2\/posts\/963011"}],"collection":[{"href":"https:\/\/www.cnbb.org.br\/cnbb-app\/wp\/v2\/posts"}],"about":[{"href":"https:\/\/www.cnbb.org.br\/cnbb-app\/wp\/v2\/types\/post"}],"author":[{"embeddable":true,"href":"https:\/\/www.cnbb.org.br\/cnbb-app\/wp\/v2\/users\/21"}],"replies":[{"embeddable":true,"href":"https:\/\/www.cnbb.org.br\/cnbb-app\/wp\/v2\/comments?post=963011"}],"version-history":[{"count":4,"href":"https:\/\/www.cnbb.org.br\/cnbb-app\/wp\/v2\/posts\/963011\/revisions"}],"predecessor-version":[{"id":963015,"href":"https:\/\/www.cnbb.org.br\/cnbb-app\/wp\/v2\/posts\/963011\/revisions\/963015"}],"wp:attachment":[{"href":"https:\/\/www.cnbb.org.br\/cnbb-app\/wp\/v2\/media?parent=963011"}],"wp:term":[{"taxonomy":"category","embeddable":true,"href":"https:\/\/www.cnbb.org.br\/cnbb-app\/wp\/v2\/categories?post=963011"},{"taxonomy":"post_tag","embeddable":true,"href":"https:\/\/www.cnbb.org.br\/cnbb-app\/wp\/v2\/tags?post=963011"}],"curies":[{"name":"wp","href":"https:\/\/api.w.org\/{rel}","templated":true}]}}