{"id":9631,"date":"2014-06-25T00:00:00","date_gmt":"2014-06-25T03:00:00","guid":{"rendered":"https:\/\/www.cnbb.org.br\/2-semana-de-formacao-missionaria-para-coordenadores-diocesanos-de-pastoral\/"},"modified":"2020-03-11T20:03:58","modified_gmt":"2020-03-11T23:03:58","slug":"2-semana-de-formacao-missionaria-para-coordenadores-diocesanos-de-pastoral","status":"publish","type":"post","link":"https:\/\/www.cnbb.org.br\/2-semana-de-formacao-missionaria-para-coordenadores-diocesanos-de-pastoral\/","title":{"rendered":"Coordenadores Diocesanos de Pastoral participam de forma\u00e7\u00e3o mission\u00e1ria"},"content":{"rendered":"<p style=\"text-align: justify\">Para trabalhar o tema &#8220;Planejamento Pastoral Mission\u00e1rio na Igreja Local&#8221;, de 14 a 18 de julho, ser\u00e1 realizada a 2\u00aa Semana de Forma\u00e7\u00e3o Mission\u00e1ria para Coordenadores Diocesanos de Pastoral. O evento, promovido pela \u00a0Comiss\u00e3o Episcopal para a Miss\u00e3o Continental da Confer\u00eancia Nacional dos Bispos do Brasil (CNBB) e o Centro Cultural Mission\u00e1rio de Bras\u00edlia (CCM), acontecer\u00e1 na sede do CCM, em Bras\u00edlia. O objetivo \u00e9 dar continuidade \u00e0 caminhada formativa iniciada nos encontros ocorridos em 2013 com coordenadores diocesanos de a\u00e7\u00e3o evangelizadora.<\/p>\n<p>  <!--more-->  <\/p>\n<p style=\"text-align: justify\"><span style=\"line-height: 1.3em\">Com foco na primeira urg\u00eancia das Diretrizes Gerais da A\u00e7\u00e3o Evangelizadora (DGAE), \u00a0&#8220;uma Igreja em estado permanente de miss\u00e3o&#8221;, o encontro ir\u00e1 planejar a implementa\u00e7\u00e3o da miss\u00e3o continental nas dioceses e nas par\u00f3quias do Brasil.\u00a0<\/span><\/p>\n<p style=\"text-align: justify\">O bispo de S\u00e3o F\u00e9lix do Araguaia (MT) e presidente da Comiss\u00e3o Episcopal para a Miss\u00e3o Continental, dom Adriano Ciocca, considera a forma\u00e7\u00e3o como uma forma de concretizar a proposta da Miss\u00e3o Continental firmada em Aparecida (SP). \u201cEste encontro, como servi\u00e7o de assessoria, quer aprofundar o tema do planejamento pastoral e mission\u00e1rio e sua rela\u00e7\u00e3o com a tarefa de organizar a miss\u00e3o permanente em n\u00edvel de Igreja Local\u201d, explica.<\/p>\n<p style=\"text-align: justify\">De acordo com a organiza\u00e7\u00e3o do evento, a partir de uma reflex\u00e3o sobre o significado do planejamento pastoral na a\u00e7\u00e3o evangelizadora, os participantes procurar\u00e3o formular crit\u00e9rios metodol\u00f3gicos e operativos para subsidiar os respons\u00e1veis pela anima\u00e7\u00e3o e articula\u00e7\u00e3o pastoral. O objetivo \u00e9 ajudar a proporcionar as condi\u00e7\u00f5es para a implementa\u00e7\u00e3o de uma pastoral decididamente mission\u00e1ria.<\/p>\n<p style=\"text-align: justify\"><span style=\"line-height: 1.3em\">Para inscri\u00e7\u00f5es e outras informa\u00e7\u00f5es, acesse o site <\/span><a href=\"http:\/\/www.ccm.org.br\/\" style=\"line-height: 1.3em\" target=\"_blank\" rel=\"noopener\">www.ccm.org.br.<\/a><\/p>\n","protected":false},"excerpt":{"rendered":"<p>Para trabalhar o tema &#8220;Planejamento Pastoral Mission\u00e1rio na Igreja Local&#8221;, de 14 a 18 de julho, ser\u00e1 realizada a 2\u00aa Semana de Forma\u00e7\u00e3o Mission\u00e1ria para Coordenadores Diocesanos de Pastoral. O evento, promovido pela \u00a0Comiss\u00e3o Episcopal para a Miss\u00e3o Continental da Confer\u00eancia Nacional dos Bispos do Brasil (CNBB) e o Centro Cultural Mission\u00e1rio de Bras\u00edlia (CCM), &hellip;<\/p>\n<p class=\"read-more\"> <a class=\"\" href=\"https:\/\/www.cnbb.org.br\/2-semana-de-formacao-missionaria-para-coordenadores-diocesanos-de-pastoral\/\"> <span class=\"screen-reader-text\">Coordenadores Diocesanos de Pastoral participam de forma\u00e7\u00e3o mission\u00e1ria<\/span> Leia mais &raquo;<\/a><\/p>\n","protected":false},"author":83,"featured_media":9628,"comment_status":"open","ping_status":"open","sticky":false,"template":"","format":"standard","meta":{"site-sidebar-layout":"default","site-content-layout":"default","ast-global-header-display":"","ast-banner-title-visibility":"","ast-main-header-display":"","ast-hfb-above-header-display":"","ast-hfb-below-header-display":"","ast-hfb-mobile-header-display":"","site-post-title":"","ast-breadcrumbs-content":"","ast-featured-img":"","footer-sml-layout":"","theme-transparent-header-meta":"","adv-header-id-meta":"","stick-header-meta":"","header-above-stick-meta":"","header-main-stick-meta":"","header-below-stick-meta":""},"categories":[854,878],"tags":[],"acf":[],"_links":{"self":[{"href":"https:\/\/www.cnbb.org.br\/cnbb-app\/wp\/v2\/posts\/9631"}],"collection":[{"href":"https:\/\/www.cnbb.org.br\/cnbb-app\/wp\/v2\/posts"}],"about":[{"href":"https:\/\/www.cnbb.org.br\/cnbb-app\/wp\/v2\/types\/post"}],"author":[{"embeddable":true,"href":"https:\/\/www.cnbb.org.br\/cnbb-app\/wp\/v2\/users\/83"}],"replies":[{"embeddable":true,"href":"https:\/\/www.cnbb.org.br\/cnbb-app\/wp\/v2\/comments?post=9631"}],"version-history":[{"count":0,"href":"https:\/\/www.cnbb.org.br\/cnbb-app\/wp\/v2\/posts\/9631\/revisions"}],"wp:featuredmedia":[{"embeddable":true,"href":"https:\/\/www.cnbb.org.br\/cnbb-app\/wp\/v2\/media\/9628"}],"wp:attachment":[{"href":"https:\/\/www.cnbb.org.br\/cnbb-app\/wp\/v2\/media?parent=9631"}],"wp:term":[{"taxonomy":"category","embeddable":true,"href":"https:\/\/www.cnbb.org.br\/cnbb-app\/wp\/v2\/categories?post=9631"},{"taxonomy":"post_tag","embeddable":true,"href":"https:\/\/www.cnbb.org.br\/cnbb-app\/wp\/v2\/tags?post=9631"}],"curies":[{"name":"wp","href":"https:\/\/api.w.org\/{rel}","templated":true}]}}