{"id":963104,"date":"2024-05-18T07:00:48","date_gmt":"2024-05-18T10:00:48","guid":{"rendered":"https:\/\/www.cnbb.org.br\/?p=963104"},"modified":"2024-05-13T15:36:11","modified_gmt":"2024-05-13T18:36:11","slug":"vigilia-de-pentecostes-2","status":"publish","type":"post","link":"https:\/\/www.cnbb.org.br\/vigilia-de-pentecostes-2\/","title":{"rendered":"Vig\u00edlia de Pentecostes"},"content":{"rendered":"<p>Cardeal Orani Jo\u00e3o, Cardeal Tempesta<br \/>\nArcebispo de S\u00e3o Sebasti\u00e3o do Rio de Janeiro (RJ)<\/p>\n<p>\u201cEnviai o vosso Esp\u00edrito, Senhor, e da terra toda a face renovai\u201d (Sl 103\/104)<\/p>\n<p style=\"text-align: justify;\">No S\u00e1bado, dia 18 de maio de 2024 celebramos a Vig\u00edlia de Pentecostes como acontece sempre antes das solenidades mais importantes do ano, a Igreja celebra ao final da tarde ou na noite anterior a Vig\u00edlia. Como, por exemplo, a Vig\u00edlia da P\u00e1scoa, do Natal, de Pentecostes e outras. A Vig\u00edlia da P\u00e1scoa, que \u00e9 a M\u00e3e de todas as Vig\u00edlias, \u00e9 a mais importante do ano, quando renovamos as promessas do batismo.<\/p>\n<p style=\"text-align: justify;\">A Vig\u00edlia de Pentecostes tamb\u00e9m tem um grau de import\u00e2ncia, pois acontece na noite que antecede celebra\u00e7\u00e3o da vinda do Esp\u00edrito Santo. \u00c9 uma forma de todos os fi\u00e9is prepararem bem o cora\u00e7\u00e3o e a vida para acolher o Esp\u00edrito Santo. Cada batizado e batizada j\u00e1 recebeu o sinal \u201cindel\u00e9vel\u201d do Esp\u00edrito Santo no batismo, confirmado na crisma, e, na celebra\u00e7\u00e3o de Pentecostes reafirmamos a presen\u00e7a desse Esp\u00edrito Santo em n\u00f3s. O Esp\u00edrito nos faz testemunhas de Cristo e nos prepara para a miss\u00e3o.<\/p>\n<p style=\"text-align: justify;\">Durante a Vig\u00edlia de Pentecostes, podemos pedir que o Esp\u00edrito Santo venha sobre n\u00f3s com todos os seus dons. A Solenidade de Pentecostes do mesmo modo que algumas outras festas do catolicismo tem sua origem no juda\u00edsmo, na festa das tendas ou das luzes que os judeus celebram at\u00e9 hoje, justamente cinquenta dias ap\u00f3s a P\u00e1scoa. Portanto, na solenidade de Pentecostes contemplamos a plenitude da luz de Deus sobre n\u00f3s por meio do Esp\u00edrito Santo. O n\u00famero cinquenta representa a perfei\u00e7\u00e3o e a totalidade do amor de Deus por n\u00f3s.<\/p>\n<p style=\"text-align: justify;\">Ao longo da solenidade de Pentecostes tanto na Vig\u00edlia como no dia, pe\u00e7amos que luz de Deus venha sobre n\u00f3s e que, ao acolher essa luz, possamos transmiti-la aos demais irm\u00e3os. Do mesmo modo quando Jesus ressuscitado aparecia aos ap\u00f3stolos, Ele desejava a paz, eles deveriam acolher essa paz e transmitir aos outros. Com a celebra\u00e7\u00e3o de Pentecostes, celebramos plenitude da luz do Esp\u00edrito Santo sobre n\u00f3s.<\/p>\n<p style=\"text-align: justify;\">A Vig\u00edlia de Pentecostes, ao mesmo modo que as outras vig\u00edlias celebram-se a partir do entardecer. A Vig\u00edlia poderia ser celebrada at\u00e9 o amanhecer, mas \u00e9 claro que devido \u00e0s quest\u00f5es de tradi\u00e7\u00f5es pastorais e de seguran\u00e7a, a Vig\u00edlia \u00e9 celebrada a noite. Pe\u00e7amos, com fervor, que o Esp\u00edrito Santo venha sobre a Igreja e sobre cada um de n\u00f3s e renove em n\u00f3s o amor a Cristo e a Igreja. Que o Esp\u00edrito Santo venha em socorro da nossa fraqueza e nos d\u00ea o dom da fortaleza.<\/p>\n<p style=\"text-align: justify;\">O Esp\u00edrito Santo vem em socorro da nossa fraqueza, e nos ajuda a fortalecer a f\u00e9, e a esperan\u00e7a construindo dias melhores. \u00c9 por meio do Esp\u00edrito Santo que \u00e9 poss\u00edvel consagrar a Eucaristia, perdoar os pecados e proferir os demais sacramentos. \u00c9 por meio da a\u00e7\u00e3o do Esp\u00edrito Santo que os nossos olhos se abrem para a f\u00e9 e acreditamos mesmo sem ver \u201cfisicamente\u201d que Jesus ressuscitou. \u00c9 atrav\u00e9s do Esp\u00edrito Santo que \u00e9 poss\u00edvel crer que o P\u00e3o e o vinho se tornam corpo e sangue do Senhor.<\/p>\n<p style=\"text-align: justify;\">Ao longo da Vig\u00edlia, al\u00e9m de pedir os dons do Esp\u00edrito Santo sobre cada um de n\u00f3s, tem a liturgia da Palavra com uma ou mais leituras do Antigo Testamento, salmo responsorial, leitura do novo testamento e Evangelho. A celebra\u00e7\u00e3o de Pentecostes encerra as celebra\u00e7\u00f5es do tempo pascal, o C\u00edrio Pascal \u00e9 apagado ap\u00f3s a \u00faltima missa do domingo e guardado com o compromisso para os crist\u00e3os serem testemunhas dessa luz de Cristo ao mundo \u2013 est\u00e1 entregue em nossas m\u00e3os a grande miss\u00e3o. A cor vermelha predominante na celebra\u00e7\u00e3o de Pentecostes, indica a cor do amor que devemos ter a Igreja de Cristo e nos lembra a cor do fogo do Esp\u00edrito Santo que deve abrasar o nosso cora\u00e7\u00e3o. Recorda-nos ainda que somos disc\u00edpulos e mission\u00e1rios de Cristo e que o esp\u00edrito santo deve abrasar o nosso cora\u00e7\u00e3o e nos conduzir para a miss\u00e3o.<\/p>\n<p style=\"text-align: justify;\">Das 4 sugest\u00f5es para a leitura do Antigo Testamento, escolhemos a do livro de G\u00eanesis (Gn 11, 1-9): at\u00e9 ent\u00e3o os povos falavam uma l\u00edngua s\u00f3 e todos se entendiam e tinham um \u00fanico objetivo em comum. At\u00e9 que ent\u00e3o os homens partiram do Oriente e foram parar na plan\u00edcie de Senaar e ali se estabeleceram. Eles tiveram a ideia de construir uma torre que atingisse o c\u00e9u e dessa forma ficassem famosos. A torre se chamaria Torre de Babel, o Senhor vendo aquilo resolve intervir e ver que cidade e que torre eles estavam construindo. O Senhor percebe que aquele era s\u00f3 o come\u00e7o de seus empreendimentos e decide descer a terra e misturar as suas l\u00ednguas, ou seja, cada um falaria uma l\u00edngua, de modo que n\u00e3o se entenderiam. E o Senhor os dispersou pela superf\u00edcie da terra e eles cessaram de construir a torre.<\/p>\n<p style=\"text-align: justify;\">O salmo responsorial \u00e9 o 103 (104), que nos diz em seu refr\u00e3o: \u201cEnviai o vosso Esp\u00edrito Senhor, e da terra toda face renovai\u201d, pe\u00e7amos a Deus que envie o Esp\u00edrito Santo e transforme o cora\u00e7\u00e3o das pessoas. Que o Esp\u00edrito Santo derrame os seus dons sobre a humanidade e os povos vivam no amor e na conc\u00f3rdia.<\/p>\n<p style=\"text-align: justify;\">A segunda leitura dessa Vig\u00edlia \u00e9 da carta de S\u00e3o Paulo aos Romanos (Rm 8, 22-27), Paulo relata em sua carta aos Romanos que toda a humanidade est\u00e1 gemendo, como em dores de parto. Um contexto bem atual para os dias de hoje, em que vivemos conflitos, guerras e tantas<\/p>\n<p style=\"text-align: justify;\">viol\u00eancias em nossas cidades. A humanidade pede socorro e geme como em dores de parto. Mas, n\u00e3o devemos desistir da ora\u00e7\u00e3o e pedir com f\u00e9 que o Esp\u00edrito Santo venha sobre n\u00f3s. Pe\u00e7amos que ele venha em socorro da nossa fraqueza e nos ajude a rezar, que por meio do Esp\u00edrito Santo alcancemos a salva\u00e7\u00e3o e a paz.<\/p>\n<p style=\"text-align: justify;\">O Evangelho escolhido para essa Vig\u00edlia \u00e9 segundo Jo\u00e3o (Jo 7, 37-39), Jesus \u00e9 a fonte de \u00e1gua viva que sacia a sede da humanidade. Muitos se perguntavam como Ele poderia se dar em comida e bebida? Isso s\u00f3 era poss\u00edvel gra\u00e7as \u00e0 a\u00e7\u00e3o do Esp\u00edrito Santo.<\/p>\n<p style=\"text-align: justify;\">O Esp\u00edrito Santo nos ilumina com a f\u00e9 e por meio da f\u00e9 podemos acreditar que aquele p\u00e3o e vinho apresentados ao altar, se tornaram pela a\u00e7\u00e3o do Esp\u00edrito em Corpo e Sangue de Cristo. Que o Esp\u00edrito Santo de Deus renove a nossa f\u00e9 e a nossa esperan\u00e7a e possamos sempre ter na Igreja a presen\u00e7a real de Jesus Cristo, atrav\u00e9s da Eucaristia. Que possamos abrir os nossos olhos para a f\u00e9.<\/p>\n<p style=\"text-align: justify;\">Celebremos com f\u00e9 e esperan\u00e7a a solenidade de Pentecostes, participando das celebra\u00e7\u00f5es da Vig\u00edlia e do dia de Pentecostes. Que o Esp\u00edrito Santo venha sobre cada um de n\u00f3s e nos fa\u00e7a novas criaturas. Coloquemos em pratica a nossa f\u00e9 no dia a dia e possamos sempre crer no alimento que nos garantir\u00e1 a vida eterna, que \u00e9 o Corpo e Sangue de Cristo. Am\u00e9m.<\/p>\n<p>&nbsp;<\/p>\n","protected":false},"excerpt":{"rendered":"<p>Cardeal Orani Jo\u00e3o, Cardeal Tempesta Arcebispo de S\u00e3o Sebasti\u00e3o do Rio de Janeiro (RJ) \u201cEnviai o vosso Esp\u00edrito, Senhor, e da terra toda a face renovai\u201d (Sl 103\/104) No S\u00e1bado, dia 18 de maio de 2024 celebramos a Vig\u00edlia de Pentecostes como acontece sempre antes das solenidades mais importantes do ano, a Igreja celebra ao &hellip;<\/p>\n<p class=\"read-more\"> <a class=\"\" href=\"https:\/\/www.cnbb.org.br\/vigilia-de-pentecostes-2\/\"> <span class=\"screen-reader-text\">Vig\u00edlia de Pentecostes<\/span> Leia mais &raquo;<\/a><\/p>\n","protected":false},"author":31,"featured_media":0,"comment_status":"open","ping_status":"open","sticky":false,"template":"","format":"standard","meta":{"site-sidebar-layout":"default","site-content-layout":"default","ast-global-header-display":"","ast-banner-title-visibility":"","ast-main-header-display":"","ast-hfb-above-header-display":"","ast-hfb-below-header-display":"","ast-hfb-mobile-header-display":"","site-post-title":"","ast-breadcrumbs-content":"","ast-featured-img":"","footer-sml-layout":"","theme-transparent-header-meta":"default","adv-header-id-meta":"","stick-header-meta":"","header-above-stick-meta":"","header-main-stick-meta":"","header-below-stick-meta":""},"categories":[758],"tags":[],"acf":[],"_links":{"self":[{"href":"https:\/\/www.cnbb.org.br\/cnbb-app\/wp\/v2\/posts\/963104"}],"collection":[{"href":"https:\/\/www.cnbb.org.br\/cnbb-app\/wp\/v2\/posts"}],"about":[{"href":"https:\/\/www.cnbb.org.br\/cnbb-app\/wp\/v2\/types\/post"}],"author":[{"embeddable":true,"href":"https:\/\/www.cnbb.org.br\/cnbb-app\/wp\/v2\/users\/31"}],"replies":[{"embeddable":true,"href":"https:\/\/www.cnbb.org.br\/cnbb-app\/wp\/v2\/comments?post=963104"}],"version-history":[{"count":2,"href":"https:\/\/www.cnbb.org.br\/cnbb-app\/wp\/v2\/posts\/963104\/revisions"}],"predecessor-version":[{"id":963106,"href":"https:\/\/www.cnbb.org.br\/cnbb-app\/wp\/v2\/posts\/963104\/revisions\/963106"}],"wp:attachment":[{"href":"https:\/\/www.cnbb.org.br\/cnbb-app\/wp\/v2\/media?parent=963104"}],"wp:term":[{"taxonomy":"category","embeddable":true,"href":"https:\/\/www.cnbb.org.br\/cnbb-app\/wp\/v2\/categories?post=963104"},{"taxonomy":"post_tag","embeddable":true,"href":"https:\/\/www.cnbb.org.br\/cnbb-app\/wp\/v2\/tags?post=963104"}],"curies":[{"name":"wp","href":"https:\/\/api.w.org\/{rel}","templated":true}]}}