{"id":963124,"date":"2024-05-14T07:02:34","date_gmt":"2024-05-14T10:02:34","guid":{"rendered":"https:\/\/www.cnbb.org.br\/?p=963124"},"modified":"2024-05-14T07:51:33","modified_gmt":"2024-05-14T10:51:33","slug":"papa-francisco-nomeia-novo-bispo-para-a-diocese-de-garanhuns-pe","status":"publish","type":"post","link":"https:\/\/www.cnbb.org.br\/papa-francisco-nomeia-novo-bispo-para-a-diocese-de-garanhuns-pe\/","title":{"rendered":"Papa Francisco nomeia novo bispo para a diocese de Garanhuns (PE)"},"content":{"rendered":"<p style=\"text-align: justify;\">O Papa Francisco nomeou, nesta ter\u00e7a-feira, 14 de maio, o padre Agnaldo Tem\u00f3teo da Silveira, membro e vig\u00e1rio geral do clero de Sobral (CE), como novo bispo para a diocese de Garanhuns, no Estado de Pernambuco. A Presid\u00eancia da Confer\u00eancia Nacional dos Bispos do Brasil (CNBB) enviou sauda\u00e7\u00e3o ao novo bispo de Garanhuns.<\/p>\n<blockquote>\n<h3>Sauda\u00e7\u00e3o ao novo bispo da Diocese de Garanhuns<\/h3>\n<p>&nbsp;<\/p>\n<p style=\"text-align: justify;\">Estimado irm\u00e3o, monsenhor Agnaldo Tem\u00f3teo da Silveira,<\/p>\n<p style=\"text-align: justify;\">A Confer\u00eancia Nacional dos Bispos do Brasil (CNBB) acolhe com alegria a not\u00edcia de sua nomea\u00e7\u00e3o para a Diocese de Garanhuns, em Pernambuco, e manifesta gratid\u00e3o ao Santo Padre, o Papa Francisco, em continuar a oferecer pastores para o rebanho das Igrejas Particulares de nosso pa\u00eds.<\/p>\n<p style=\"text-align: justify;\">Tendo contribu\u00eddo em diversas fun\u00e7\u00f5es na Diocese de Sobral, o irm\u00e3o \u00e9 chamado agora ao minist\u00e9rio episcopal na Igreja particular de Garanhuns.<\/p>\n<p style=\"text-align: justify;\">Possa o exemplo de S\u00e3o Matias, de quem a Igreja faz mem\u00f3ria hoje, ser inspirador, especialmente no sentido de sair de suas terras e ir a outras terras para integrar, sem temer, o primeiro grupo de ap\u00f3stolos, os incans\u00e1veis disc\u00edpulos que anunciaram a mensagem de Jesus a mais pessoas.<\/p>\n<p>Santo Ant\u00f4nio, padroeiro da Diocese de Garanhuns, seja guia e intercessor nesta nova miss\u00e3o.<\/p>\n<p>Em Cristo,<\/p>\n<p><strong>Dom Jaime Spengler<\/strong><br \/>\nArcebispo da Arquidiocese de Porto Alegre \u2013 RS<br \/>\nPresidente da CNBB<\/p>\n<p><strong>Dom Jo\u00e3o Justino de Medeiros Silva<\/strong><br \/>\nArcebispo da Arquidiocese de Goi\u00e2nia \u2013 GO<br \/>\n1\u00ba Vice- Presidente da CNBB<\/p>\n<p><strong>Dom Paulo Jackson N\u00f3brega de Sousa<\/strong><br \/>\nArcebispo da Arquidiocese de Olinda e Recife \u2013 PE<br \/>\n2\u00ba Vice-Presidente da CNBB<\/p>\n<p><strong>Dom Ricardo Hoepers<\/strong><br \/>\nBispo Auxiliar da Arquidiocese de Bras\u00edlia \u2013 DF<br \/>\nSecret\u00e1rio-Geral da CNBB<\/p><\/blockquote>\n<h3>Biografia e trajet\u00f3ria eclesial<\/h3>\n<p style=\"text-align: justify;\">Nasceu no dia 28 de maio de 1977, na cidade de Bela Cruz (CE). \u00c9 filho de Jos\u00e9 Rog\u00e9rio Silveira e de Maria da Concei\u00e7\u00e3o Ara\u00fajo.<\/p>\n<p style=\"text-align: justify;\">Sua forma\u00e7\u00e3o religiosa se deu no semin\u00e1rio menor de S\u00e3o Jos\u00e9, em Sobral (CE), de 1993-1995, per\u00edodo em que tamb\u00e9m cursou o Ensino M\u00e9dio; E continuou no semin\u00e1rio regional Nordeste I, em Fortaleza, de 1996-2002, onde cursou Filosofia, de 1996 a 1998 e Teologia, de 1999 a 2002.<\/p>\n<p style=\"text-align: justify;\">\u00c9 graduado em Filosofia pela Universidade Estadual do Cear\u00e1 (UECE); Em Teologia pelo Instituto Teol\u00f3gico e Pastoral do Cear\u00e1 (ITEP); fez mestrado em Direito Can\u00f4nico pela Universidade Gregoriana de Roma.<\/p>\n<p style=\"text-align: justify;\">Tamb\u00e9m possui forma\u00e7\u00e3o em diversos cursos breves de atualiza\u00e7\u00e3o nas \u00e1reas de Teologia e de Direito Can\u00f4nico feitos na Rota Romana, em Roma, na Pontif\u00edcia Universidade Cat\u00f3lica Argentina, em Buenos Aires, e em alguns Institutos e Universidades do Brasil.<\/p>\n<p style=\"text-align: justify;\">Foi ordenado di\u00e1cono em 10 de julho de 2002, na catedral de Sobral e presb\u00edtero em 30 de novembro de 2002, na igreja matriz de Bela Cruz (CE).<\/p>\n<p style=\"text-align: justify;\">Ap\u00f3s sua ordena\u00e7\u00e3o presbiteral, exerceu os seguintes of\u00edcios: administrador paroquial da par\u00f3quia Senhora Sant\u2019Ana, na cidade de Santana do Acara\u00fa (CE), de 2003 a 2008; Membro da Coordena\u00e7\u00e3o Diocesana de Pastoral de 2003 a 2005; Capel\u00e3o do Col\u00e9gio Diocesano, de 2004 a 2006; Chanceler da C\u00faria Diocesana de Sobral de 2006 a 2008 e de 2014 a 2019; Vig\u00e1rio episcopal da Regi\u00e3o Sede de 2012 a 2014 e de 2017 a 2024; P\u00e1roco da par\u00f3quia de S\u00e3o Francisco, na cidade de Forquilha (CE), de 2012 a 2018.<\/p>\n<p style=\"text-align: justify;\">At\u00e9 sua nomea\u00e7\u00e3o como bispo, estava exercendo as seguintes fun\u00e7\u00f5es: vig\u00e1rio Judicial Adjunto do Tribunal Eclesi\u00e1stico Regional e de Apela\u00e7\u00e3o do Cear\u00e1, em Fortaleza; vig\u00e1rio Episcopal da Regi\u00e3o Sede; P\u00e1roco da par\u00f3quia Nossa Senhora do Patroc\u00ednio e vig\u00e1rio Geral da diocese de Sobral.<\/p>\n","protected":false},"excerpt":{"rendered":"<p>O Papa Francisco nomeou, nesta ter\u00e7a-feira, 14 de maio, o padre Agnaldo Tem\u00f3teo da Silva, membro e vig\u00e1rio geral do clero de Sobral (CE), como novo bispo para a diocese de Garanhuns, no Estado de Pernambuco. A Presid\u00eancia da Confer\u00eancia Nacional dos Bispos do Brasil (CNBB) enviou sauda\u00e7\u00e3o ao novo bispo de Garanhuns<\/p>\n","protected":false},"author":142,"featured_media":963130,"comment_status":"open","ping_status":"open","sticky":false,"template":"","format":"standard","meta":{"site-sidebar-layout":"default","site-content-layout":"default","ast-global-header-display":"","ast-banner-title-visibility":"","ast-main-header-display":"","ast-hfb-above-header-display":"","ast-hfb-below-header-display":"","ast-hfb-mobile-header-display":"","site-post-title":"","ast-breadcrumbs-content":"","ast-featured-img":"","footer-sml-layout":"","theme-transparent-header-meta":"default","adv-header-id-meta":"","stick-header-meta":"","header-above-stick-meta":"","header-main-stick-meta":"","header-below-stick-meta":""},"categories":[1841,872],"tags":[5536,1584],"acf":[],"_links":{"self":[{"href":"https:\/\/www.cnbb.org.br\/cnbb-app\/wp\/v2\/posts\/963124"}],"collection":[{"href":"https:\/\/www.cnbb.org.br\/cnbb-app\/wp\/v2\/posts"}],"about":[{"href":"https:\/\/www.cnbb.org.br\/cnbb-app\/wp\/v2\/types\/post"}],"author":[{"embeddable":true,"href":"https:\/\/www.cnbb.org.br\/cnbb-app\/wp\/v2\/users\/142"}],"replies":[{"embeddable":true,"href":"https:\/\/www.cnbb.org.br\/cnbb-app\/wp\/v2\/comments?post=963124"}],"version-history":[{"count":6,"href":"https:\/\/www.cnbb.org.br\/cnbb-app\/wp\/v2\/posts\/963124\/revisions"}],"predecessor-version":[{"id":963133,"href":"https:\/\/www.cnbb.org.br\/cnbb-app\/wp\/v2\/posts\/963124\/revisions\/963133"}],"wp:featuredmedia":[{"embeddable":true,"href":"https:\/\/www.cnbb.org.br\/cnbb-app\/wp\/v2\/media\/963130"}],"wp:attachment":[{"href":"https:\/\/www.cnbb.org.br\/cnbb-app\/wp\/v2\/media?parent=963124"}],"wp:term":[{"taxonomy":"category","embeddable":true,"href":"https:\/\/www.cnbb.org.br\/cnbb-app\/wp\/v2\/categories?post=963124"},{"taxonomy":"post_tag","embeddable":true,"href":"https:\/\/www.cnbb.org.br\/cnbb-app\/wp\/v2\/tags?post=963124"}],"curies":[{"name":"wp","href":"https:\/\/api.w.org\/{rel}","templated":true}]}}