{"id":963243,"date":"2024-05-21T10:40:13","date_gmt":"2024-05-21T13:40:13","guid":{"rendered":"https:\/\/www.cnbb.org.br\/?p=963243"},"modified":"2024-05-23T13:58:51","modified_gmt":"2024-05-23T16:58:51","slug":"cnbb-lanca-campanha-e-tempo-de-cuidar-do-rs-com-acoes-de-oracao-solidariedade-e-informacao","status":"publish","type":"post","link":"https:\/\/www.cnbb.org.br\/cnbb-lanca-campanha-e-tempo-de-cuidar-do-rs-com-acoes-de-oracao-solidariedade-e-informacao\/","title":{"rendered":"CNBB lan\u00e7a campanha \u201c\u00c9 Tempo de Cuidar do RS\u201d com a\u00e7\u00f5es de ora\u00e7\u00e3o, solidariedade e informa\u00e7\u00e3o"},"content":{"rendered":"<p style=\"text-align: justify;\">A Confer\u00eancia Nacional dos Bispos do Brasil (CNBB) lan\u00e7a a campanha &#8220;\u00c9 Tempo de Cuidar do Rio Grande do Sul\u201d, com iniciativas de ora\u00e7\u00e3o, solidariedade e informa\u00e7\u00e3o da Igreja no Brasil (CNBB) pelo povo do RS.<\/p>\n<p style=\"text-align: justify;\"><img decoding=\"async\" loading=\"lazy\" class=\"wp-image-963244 alignright\" src=\"https:\/\/www.cnbb.org.br\/wp-content\/uploads\/2024\/05\/ID-e-tempo-de-Cuidar-do-RS-300x276.png\" alt=\"\" width=\"238\" height=\"218\" srcset=\"https:\/\/www.cnbb.org.br\/wp-content\/uploads\/2024\/05\/ID-e-tempo-de-Cuidar-do-RS-300x276.png 300w, https:\/\/www.cnbb.org.br\/wp-content\/uploads\/2024\/05\/ID-e-tempo-de-Cuidar-do-RS.png 355w\" sizes=\"(max-width: 238px) 100vw, 238px\" \/>A identidade visual resgata a campanha \u201c\u00c9 tempo de cuidar\u201d, que aconteceu durante a pandemia de Covid-19 e tornou-se um grande momento de envolvimento da Igreja no Brasil na ora\u00e7\u00e3o e na solidariedade. Agora leva as cores do Rio Grande do Sul.\u00a0 O desenho de uma pessoa com o cora\u00e7\u00e3o representa um cora\u00e7\u00e3o que \u00e9 sempre repleto da caridade de Cristo.<\/p>\n<p style=\"text-align: justify;\">O\u00a0 bispo auxiliar de Bras\u00edlia e secret\u00e1rio-geral da Confer\u00eancia Nacional dos Bispos do Brasil (CNBB), dom Ricardo Hoepers, no v\u00eddeo, abaixo, apresenta a Campanha e faz um apelo para a Igreja no Brasil se unir no cuidado ao Rio Grande do Sul.<\/p>\n<p style=\"text-align: justify;\"><strong>Veja o v\u00eddeo na \u00edntegra:<\/strong><\/p>\n<div class=\"ast-oembed-container\" style=\"height: 100%;\"><iframe loading=\"lazy\" title=\"\u00c9 Tempo de Cuidar do Rio Grande do Sul\" width=\"500\" height=\"281\" src=\"https:\/\/www.youtube.com\/embed\/iaP9nPrZPzI?feature=oembed\" frameborder=\"0\" allow=\"accelerometer; autoplay; clipboard-write; encrypted-media; gyroscope; picture-in-picture; web-share\" referrerpolicy=\"strict-origin-when-cross-origin\" allowfullscreen><\/iframe><\/div>\n<p>&nbsp;<\/p>\n<h3 style=\"text-align: justify;\">Eixos da Campanha<\/h3>\n<p style=\"text-align: justify;\"><strong>Ora\u00e7\u00e3o<\/strong> &#8211; Este eixo buscar\u00e1 incentivar e promover momentos permanentes de ora\u00e7\u00e3o na CNBB e na Igreja no Brasil na inten\u00e7\u00e3o do irm\u00e3os e irm\u00e3s que vivem no Rio Grande do Sul, compreendendo que a ora\u00e7\u00e3o \u00e9 sustento espiritual. A campanha vai estimular as pessoas a compartilharem suas inciativas de ora\u00e7\u00e3o por meio da hashtag #EuRezoPeloRS.<\/p>\n<p style=\"text-align: justify;\"><strong>Solidariedade<\/strong> &#8211; Neste eixo, a Campanha buscar\u00e1 incentivar gestos concretos de solidariedade como a doa\u00e7\u00e3o para o PIX do Sul 3 da CNBB e tamb\u00e9m a divulga\u00e7\u00e3o do AJUDARS uma importante ferramenta constru\u00edda pelas Igrejas do Sul que canalizam e ajudam a integrar as diferentes formas de coopera\u00e7\u00e3o e solidariedade do Brasil e no sul do pa\u00eds.<\/p>\n<p style=\"text-align: justify;\"><strong>Informa\u00e7\u00e3o<\/strong> &#8211; O eixo da informa\u00e7\u00e3o buscar\u00e1 produzir e organizar conte\u00fados e informa\u00e7\u00f5es corretas, com base na vis\u00e3o de parceiros locais que est\u00e3o vivendo a realidade de perto; A informa\u00e7\u00e3o, neste momento, \u00e9 important\u00edssima para ajudar a perceber o que est\u00e1 sendo feito e o que pode ser feito para atenuar o sofrimento e a dor dos irm\u00e3os e irm\u00e3s do RS. \u00c9 objetivo da campanha tamb\u00e9m dar visibilidade para as boas pr\u00e1ticas e inciativas em curso pela Igreja no Brasil.<\/p>\n<h3>Conte\u00fados para diferentes plataformas<\/h3>\n<p style=\"text-align: justify;\">A Assessoria de Comunica\u00e7\u00e3o da CNBB est\u00e1 coordenando as a\u00e7\u00f5es da Campanha junto a um grupo de comunicadores do Brasil, incluindo a Comiss\u00e3o Episcopal para Comunica\u00e7\u00e3o e os 19 regionais da CNBB, a Signis Brasil, a Pascom Brasil e arquidioceses e dioceses com vistas \u00e0 produ\u00e7\u00e3o de conte\u00fados voltados para as televis\u00f5es e r\u00e1dios de inspira\u00e7\u00e3o cat\u00f3lica e redes sociais. O conte\u00fado ser\u00e1 publicado no hot site da Campanha: <a href=\"https:\/\/www.cnbb.org.br\/e-tempo-de-cuidar-do-rs\/\">\u00c9 tempo de cuidar do RS &#8211; CNBB<\/a><\/p>\n<p style=\"text-align: justify;\"><img decoding=\"async\" loading=\"lazy\" class=\"alignleft wp-image-957632 size-medium\" src=\"https:\/\/www.cnbb.org.br\/wp-content\/uploads\/2024\/01\/Padre-Arnaldo-e1716298813362-300x229.jpeg\" alt=\"\" width=\"300\" height=\"229\" srcset=\"https:\/\/www.cnbb.org.br\/wp-content\/uploads\/2024\/01\/Padre-Arnaldo-e1716298813362-300x229.jpeg 300w, https:\/\/www.cnbb.org.br\/wp-content\/uploads\/2024\/01\/Padre-Arnaldo-e1716298813362-500x381.jpeg 500w, https:\/\/www.cnbb.org.br\/wp-content\/uploads\/2024\/01\/Padre-Arnaldo-e1716298813362.jpeg 609w\" sizes=\"(max-width: 300px) 100vw, 300px\" \/>De acordo com o Assessor de Comunica\u00e7\u00e3o da CNBB, padre Arnaldo Rodrigues, a campanha deseja ser cora\u00e7\u00e3o e m\u00e3os solid\u00e1rias para com a popula\u00e7\u00e3o do Rio Grande do Sul neste tempo de inimagin\u00e1veis desafios. &#8220;Como CNBB queremos apresentar esta campanha, que est\u00e1 baseada num trip\u00e9: ora\u00e7\u00e3o e solidariedade, informa\u00e7\u00e3o e esperan\u00e7a&#8221;.<\/p>\n<p style=\"text-align: justify;\">Padre Arnaldo refor\u00e7a que a ora\u00e7\u00e3o e a solidariedade significam duas a\u00e7\u00f5es que est\u00e3o intimamente ligadas (\u201cA f\u00e9 sem obras \u00e9 morta\u201d (Tg 2, 17). O segundo item, reflete, faz pensar que existem muitos pontos de informa\u00e7\u00f5es, e em alguns lugares elas podem dispersar, diluir ou causar inseguran\u00e7a para os que querem colaborar a dist\u00e2ncia.<\/p>\n<p style=\"text-align: justify;\">Deste modo, por meio da CNBB, uma institui\u00e7\u00e3o de credibilidade, o Assessor de Comunica\u00e7\u00e3o da Confer\u00eancia explica que a Campanha quer ser um ponto de refer\u00eancia, unindo informa\u00e7\u00f5es de diversos lugares do RS, especialmente do Regional Sul 3, para compartilhar com os que procuram<\/p>\n<blockquote>\n<p style=\"text-align: justify;\">&#8220;A esperan\u00e7a significa todo esse caminho de sustento psicol\u00f3gico e espiritual. Devemos ajudar a popula\u00e7\u00e3o do RS com iniciativas e mensagens de esperan\u00e7a e \u00e2nimo e com todas as iniciativas que precisam manter-se vivas, pois temos muito ainda por fazer&#8221;, motiva padre Arnaldo.<\/p>\n<\/blockquote>\n<p style=\"text-align: justify;\">O hot site organizado pela ASCOM CNBB se prop\u00f5e a ser uma ferramenta de integra\u00e7\u00e3o e divulga\u00e7\u00e3o da campanha na cren\u00e7a de que a ora\u00e7\u00e3o, a solidariedade e a informa\u00e7\u00e3o corretas\u00a0 possam gerar Esperan\u00e7a para quem, neste momento, encontra-se marcado pela dor e desalento.<\/p>\n<h3>Como doar?<\/h3>\n<div id='gallery-1' class='gallery galleryid-963243 gallery-columns-2 gallery-size-large'><figure class='gallery-item'>\n\t\t\t<div class='gallery-icon portrait'>\n\t\t\t\t<a href='https:\/\/www.cnbb.org.br\/wp-content\/uploads\/2024\/05\/E-Tempo-de-Cuidar-como-doar.jpeg' title=\"\" data-rl_title=\"\" class=\"rl-gallery-link\" data-rl_caption=\"\" data-rel=\"lightbox-gallery-1\"><img width=\"819\" height=\"1024\" src=\"https:\/\/www.cnbb.org.br\/wp-content\/uploads\/2024\/05\/E-Tempo-de-Cuidar-como-doar-819x1024.jpeg\" class=\"attachment-large size-large\" alt=\"\" decoding=\"async\" loading=\"lazy\" srcset=\"https:\/\/www.cnbb.org.br\/wp-content\/uploads\/2024\/05\/E-Tempo-de-Cuidar-como-doar-819x1024.jpeg 819w, https:\/\/www.cnbb.org.br\/wp-content\/uploads\/2024\/05\/E-Tempo-de-Cuidar-como-doar-240x300.jpeg 240w, https:\/\/www.cnbb.org.br\/wp-content\/uploads\/2024\/05\/E-Tempo-de-Cuidar-como-doar-768x960.jpeg 768w, https:\/\/www.cnbb.org.br\/wp-content\/uploads\/2024\/05\/E-Tempo-de-Cuidar-como-doar-500x625.jpeg 500w, https:\/\/www.cnbb.org.br\/wp-content\/uploads\/2024\/05\/E-Tempo-de-Cuidar-como-doar.jpeg 1080w\" sizes=\"(max-width: 819px) 100vw, 819px\" \/><\/a>\n\t\t\t<\/div><\/figure><figure class='gallery-item'>\n\t\t\t<div class='gallery-icon portrait'>\n\t\t\t\t<a href='https:\/\/www.cnbb.org.br\/wp-content\/uploads\/2024\/05\/E-Tempo-de-Cuidar-como-doar-1-1.jpeg' title=\"\" data-rl_title=\"\" class=\"rl-gallery-link\" data-rl_caption=\"\" data-rel=\"lightbox-gallery-1\"><img width=\"819\" height=\"1024\" src=\"https:\/\/www.cnbb.org.br\/wp-content\/uploads\/2024\/05\/E-Tempo-de-Cuidar-como-doar-1-1-819x1024.jpeg\" class=\"attachment-large size-large\" alt=\"\" decoding=\"async\" loading=\"lazy\" srcset=\"https:\/\/www.cnbb.org.br\/wp-content\/uploads\/2024\/05\/E-Tempo-de-Cuidar-como-doar-1-1-819x1024.jpeg 819w, https:\/\/www.cnbb.org.br\/wp-content\/uploads\/2024\/05\/E-Tempo-de-Cuidar-como-doar-1-1-240x300.jpeg 240w, https:\/\/www.cnbb.org.br\/wp-content\/uploads\/2024\/05\/E-Tempo-de-Cuidar-como-doar-1-1-768x960.jpeg 768w, https:\/\/www.cnbb.org.br\/wp-content\/uploads\/2024\/05\/E-Tempo-de-Cuidar-como-doar-1-1-500x625.jpeg 500w, https:\/\/www.cnbb.org.br\/wp-content\/uploads\/2024\/05\/E-Tempo-de-Cuidar-como-doar-1-1.jpeg 1080w\" sizes=\"(max-width: 819px) 100vw, 819px\" \/><\/a>\n\t\t\t<\/div><\/figure>\n\t\t<\/div>\n\n","protected":false},"excerpt":{"rendered":"<p>A Confer\u00eancia Nacional dos Bispos do Brasil (CNBB) lan\u00e7a a campanha &#8220;\u00c9 Tempo de Cuidar do Rio Grande do Sul\u201d, com iniciativas de ora\u00e7\u00e3o, solidariedade e informa\u00e7\u00e3o da Igreja no Brasil (CNBB) pelo povo do RS. O secret\u00e1rio-geral da CNBB, dom Ricardo Hoepers, em v\u00eddeo convida a Igreja no Brasil a se unir em ora\u00e7\u00e3o e solidariedade aos ga\u00fachos<\/p>\n","protected":false},"author":142,"featured_media":963911,"comment_status":"open","ping_status":"open","sticky":false,"template":"","format":"standard","meta":{"site-sidebar-layout":"default","site-content-layout":"default","ast-global-header-display":"","ast-banner-title-visibility":"","ast-main-header-display":"","ast-hfb-above-header-display":"","ast-hfb-below-header-display":"","ast-hfb-mobile-header-display":"","site-post-title":"","ast-breadcrumbs-content":"","ast-featured-img":"","footer-sml-layout":"","theme-transparent-header-meta":"default","adv-header-id-meta":"","stick-header-meta":"","header-above-stick-meta":"","header-main-stick-meta":"","header-below-stick-meta":""},"categories":[50],"tags":[5540,5541],"acf":[],"_links":{"self":[{"href":"https:\/\/www.cnbb.org.br\/cnbb-app\/wp\/v2\/posts\/963243"}],"collection":[{"href":"https:\/\/www.cnbb.org.br\/cnbb-app\/wp\/v2\/posts"}],"about":[{"href":"https:\/\/www.cnbb.org.br\/cnbb-app\/wp\/v2\/types\/post"}],"author":[{"embeddable":true,"href":"https:\/\/www.cnbb.org.br\/cnbb-app\/wp\/v2\/users\/142"}],"replies":[{"embeddable":true,"href":"https:\/\/www.cnbb.org.br\/cnbb-app\/wp\/v2\/comments?post=963243"}],"version-history":[{"count":22,"href":"https:\/\/www.cnbb.org.br\/cnbb-app\/wp\/v2\/posts\/963243\/revisions"}],"predecessor-version":[{"id":963969,"href":"https:\/\/www.cnbb.org.br\/cnbb-app\/wp\/v2\/posts\/963243\/revisions\/963969"}],"wp:featuredmedia":[{"embeddable":true,"href":"https:\/\/www.cnbb.org.br\/cnbb-app\/wp\/v2\/media\/963911"}],"wp:attachment":[{"href":"https:\/\/www.cnbb.org.br\/cnbb-app\/wp\/v2\/media?parent=963243"}],"wp:term":[{"taxonomy":"category","embeddable":true,"href":"https:\/\/www.cnbb.org.br\/cnbb-app\/wp\/v2\/categories?post=963243"},{"taxonomy":"post_tag","embeddable":true,"href":"https:\/\/www.cnbb.org.br\/cnbb-app\/wp\/v2\/tags?post=963243"}],"curies":[{"name":"wp","href":"https:\/\/api.w.org\/{rel}","templated":true}]}}