{"id":963314,"date":"2024-05-16T14:50:18","date_gmt":"2024-05-16T17:50:18","guid":{"rendered":"https:\/\/www.cnbb.org.br\/?p=963314"},"modified":"2024-05-16T14:51:07","modified_gmt":"2024-05-16T17:51:07","slug":"a-solenidade-da-ascensao-do-senhor-na-doutrina-de-sao-leao-magno","status":"publish","type":"post","link":"https:\/\/www.cnbb.org.br\/a-solenidade-da-ascensao-do-senhor-na-doutrina-de-sao-leao-magno\/","title":{"rendered":"A solenidade da ascens\u00e3o do Senhor na doutrina de S\u00e3o Le\u00e3o Magno"},"content":{"rendered":"<p style=\"text-align: justify;\">Dom Vital Corbellini<br \/>\nBispo de Marab\u00e1 (PA)<\/p>\n<p>N\u00f3s celebramos a solenidade da Ascens\u00e3o do Senhor. Jesus voltou ao Pai, ap\u00f3s ter sido enviado a este mundo em vista da reden\u00e7\u00e3o humana. Ele entrou na gl\u00f3ria de Deus e est\u00e1 sentado \u00e0 sua direita para julgar os vivos e os mortos. Junto dele est\u00e1 a nossa humanidade, a natureza humana que unida \u00e0 natureza divina forma uma s\u00f3 Pessoa, Jesus Cristo, Filho de Deus encarnado. A seguir ver-se-\u00e1 a forma como S\u00e3o Le\u00e3o Magno, papa no s\u00e9culo V, tratou do mist\u00e9rio da Ascens\u00e3o do Senhor, sendo a nossa vit\u00f3ria,<\/p>\n<h3 style=\"text-align: justify;\">Quarenta dias ap\u00f3s a ressurrei\u00e7\u00e3o do Senhor<\/h3>\n<p style=\"text-align: justify;\">Seguindo a Sagrada Escritura, S\u00e3o Le\u00e3o Magno, afirmou que a Ascens\u00e3o ocorreu ap\u00f3s quarenta dias da Ressurrei\u00e7\u00e3o de Jesus (cf. At 1,3). Foram dias santificados, dispostos segundo um plano sagrado e empregado para a instru\u00e7\u00e3o, contando a partir da bem-aventurada ressurrei\u00e7\u00e3o de nosso Senhor Jesus Cristo, pois o poder divino reergueu no terceiro dia, o verdadeiro templo de Deus, Jesus Cristo . O Senhor prolongou a sua presen\u00e7a corporal neste espa\u00e7o de tempo para dar provas necess\u00e1rias \u00e0 f\u00e9, \u00e0 sua ressurrei\u00e7\u00e3o. Ele apareceu \u00e0s mulheres, aos ap\u00f3stolos e outros disc\u00edpulos demonstrando a verdade de sua nova realidade, a sua ressurrei\u00e7\u00e3o e depois voltou para a gl\u00f3ria do Pai.<\/p>\n<h3 style=\"text-align: justify;\">A morte de Jesus<\/h3>\n<p style=\"text-align: justify;\">S\u00e3o Le\u00e3o Magno disse que a morte de Jesus turbou os cora\u00e7\u00f5es dos disc\u00edpulos pelo fato de que eles estavam opressos de tristeza, por causa do supl\u00edcio da cruz, pelo \u00faltimo suspiro e do sepultamento do Mestre Jesus. Quando as santas mulheres anunciaram que a pedra tinha sido rolada, deslocada no t\u00famulo, o sepulcro estava vazio e os anjos testemunharam que o Senhor estava vivo, suas palavras n\u00e3o receberam muito cr\u00e9dito por parte dos ap\u00f3stolos (cf. Mc 16,9-13) .<\/p>\n<p style=\"text-align: justify;\">\nO Papa afirmou que o Esp\u00edrito da Verdade n\u00e3o permitiu que a vacila\u00e7\u00e3o proveniente da fraqueza humana penetrasse na mente de seus disc\u00edpulos, em vista dos fundamentos da f\u00e9 crist\u00e3, cat\u00f3lica. Assim eles viram de modo que instru\u00edram outras pessoas, ouviram, deram a sua instru\u00e7\u00e3o, tocaram de modo que confirmaram a vida e a pessoa de Jesus , o enviado do Pai e ele voltou ao Pai, pela Ascens\u00e3o.<\/p>\n<h3 style=\"text-align: justify;\">A Ascen\u00e7\u00e3o, motivo de alegria para os disc\u00edpulos<\/h3>\n<p style=\"text-align: justify;\">S\u00e3o Le\u00e3o disse tamb\u00e9m que os disc\u00edpulos ficaram alegres pela Ascens\u00e3o de Jesus aos c\u00e9us. Decorridos os dias entre a ressurrei\u00e7\u00e3o e a Ascens\u00e3o do Senhor, a Provid\u00eancia de Deus estabeleceu diante dos olhos e dos cora\u00e7\u00f5es dos disc\u00edpulos, o reconhecimento do Senhor Jesus Cristo verdadeiramente ressuscitado, como verdadeiramente ele havia nascido, crescido, sofrido e morrido. Os ap\u00f3stolos, atemorizados com a morte do Mestre na cruz e oscilantes da f\u00e9 na ressurrei\u00e7\u00e3o, fortaleceram-se com a evid\u00eancia da verdade que a subida do Senhor aos c\u00e9us n\u00e3o s\u00f3 entristeceu por verem Jesus subindo, mas encheu-os de grande alegria (Lc 24,52) .<\/p>\n<h3 style=\"text-align: justify;\">A natureza humana elevada<\/h3>\n<p style=\"text-align: justify;\">O Papa disse que era grande e inef\u00e1vel motivo de j\u00fabilo a eleva\u00e7\u00e3o da natureza humana na presen\u00e7a acima da dignidade de todas as criaturas celestes, ultrapassar as ordens ang\u00e9licas, dos santos anjos, e subir mais alto que os arcanjos, atingindo o termo de sua ascens\u00e3o, sendo assentada junto do eterno Pai, sendo assim associada ao trono de gl\u00f3ria daquele a cuja natureza estava sempre em unidade com o Filho.<\/p>\n<p>&nbsp;<\/p>\n<h3 style=\"text-align: justify;\">A Ascens\u00e3o de Cristo \u00e9 a exalta\u00e7\u00e3o humana<\/h3>\n<p style=\"text-align: justify;\">A Ascens\u00e3o do Senhor \u00e9, portanto, a exalta\u00e7\u00e3o humana e \u00e9 para l\u00e1 onde precedeu a gl\u00f3ria da Cabe\u00e7a, \u00e9 atra\u00edda a esperan\u00e7a do Corpo. \u00c9 fundamental exultar, repletos de alegria com piedosa a\u00e7\u00e3o de gra\u00e7as, porque n\u00e3o s\u00f3 o ser humano foi firmado como possuidor do para\u00edso, mas at\u00e9 ele foi penetrado com Cristo no mais alto dos c\u00e9us, tendo obtido pela inef\u00e1vel gra\u00e7a de Cristo, muito mais do que foi perdido no in\u00edcio da cria\u00e7\u00e3o. O Filho de Deus colocou a natureza humana junto de si, \u00e0 direita do Pai.<\/p>\n<h3 style=\"text-align: justify;\">P\u00e1scoa e Ascens\u00e3o<\/h3>\n<p style=\"text-align: justify;\">Para S\u00e3o Le\u00e3o Magno as duas solenidades est\u00e3o bem relacionadas, interligadas. Se na solenidade pascal, a ressurrei\u00e7\u00e3o do Senhor foi causa da alegria para as mulheres, aos disc\u00edpulos e para a humanidade, a sua Ascens\u00e3o aos c\u00e9us \u00e9 motivo presente de alegria, enquanto faz-se mem\u00f3ria e venera-se aquele dia em que a humildade da natureza humana em Cristo foi elevada acima de todas as mil\u00edcias celestes, das ordens dos anjos, al\u00e9m das potestades, ao trono de Deus Pai . \u00c9 preciso ter f\u00e9 neste mist\u00e9rio porque ele exalta o ser humano al\u00e9m do que \u00e9 vis\u00edvel, para estar no invis\u00edvel.<\/p>\n<h3 style=\"text-align: justify;\">A felicidade da Ascens\u00e3o<\/h3>\n<p style=\"text-align: justify;\">Cristo deu ao ser humano a felicidade porque tendo consumado a prega\u00e7\u00e3o evang\u00e9lica e tendo cumprido os mist\u00e9rios do Novo Testamento, no quadrag\u00e9simo dia ap\u00f3s a ressurrei\u00e7\u00e3o, diante de seus disc\u00edpulos, elevou-se aos c\u00e9us (Lc 24,52; Mc 16,19). Ele p\u00f4s fim \u00e0 sua presen\u00e7a corporal, pois permanece \u00e0 direita do Pai at\u00e9 decorreram os tempos determinados por Deus, na propaga\u00e7\u00e3o da Igreja pelos seus filhos e filhas e ele volte para julgar os vivos e os mortos, com o mesmo corpo com o qual ele subiu . Para o Papa Le\u00e3o tudo o que havia de vis\u00edvel no Redentor da humanidade, passou para os mist\u00e9rios . A f\u00e9 na Ascens\u00e3o de Jesus fez muitas pessoas seguidoras no passado e tamb\u00e9m no presente a dar a vida pelo Senhor .<\/p>\n<h3 style=\"text-align: justify;\">A sua presen\u00e7a junto ao seu povo<\/h3>\n<p style=\"text-align: justify;\">O Senhor Jesus pela sua Ascens\u00e3o est\u00e1 na majestade paterna de modo que pela maneira inef\u00e1vel \u00e9 mais presente pela divindade. S\u00e3o Le\u00e3o Magno refor\u00e7ou o dado b\u00edblico que quando Jesus subiu aos c\u00e9us dois anjos falara para os disc\u00edpulos para que vivessem a miss\u00e3o junto ao povo, pois o Senhor vir\u00e1 da mesma forma que ele subiu aos c\u00e9us (At 1,1) . Jesus garantiu a sua presen\u00e7a no meio do povo de Deus, para que a miss\u00e3o de Jesus continuasse nas pessoas deles, atrav\u00e9s da f\u00e9, da esperan\u00e7a e da caridade.<\/p>\n<p>S\u00e3o Le\u00e3o Magno afirmou que \u00e9 preciso levantar os olhos dos cora\u00e7\u00f5es humanos \u00e0s alturas onde Cristo se encontra. Os desejos da terra n\u00e3o deprimam os esp\u00edritos chamados para o alto. Ainda que os fieis passem como peregrinos pelo vale deste mundo , muitas vezes de l\u00e1grimas, de cruzes, de persegui\u00e7\u00f5es, de mart\u00edrios, mas a vista para o alto, onde est\u00e1 Jesus \u00e0 direita do Pai dar\u00e1 for\u00e7a para prosseguir os caminhos duros deste mundo. O Senhor estar\u00e1 e est\u00e1 sempre presente pela pr\u00e1tica da paz, e do amor a Deus, ao pr\u00f3ximo como a si mesmo. A Ascens\u00e3o de Jesus \u00e9 a vit\u00f3ria humana sobre o mal, porque \u00e0 direita do Pai est\u00e1 o Senhor com natureza humana.<\/p>\n<p>&nbsp;<\/p>\n","protected":false},"excerpt":{"rendered":"<p>Dom Vital Corbellini Bispo de Marab\u00e1 (PA) N\u00f3s celebramos a solenidade da Ascens\u00e3o do Senhor. Jesus voltou ao Pai, ap\u00f3s ter sido enviado a este mundo em vista da reden\u00e7\u00e3o humana. Ele entrou na gl\u00f3ria de Deus e est\u00e1 sentado \u00e0 sua direita para julgar os vivos e os mortos. Junto dele est\u00e1 a nossa &hellip;<\/p>\n<p class=\"read-more\"> <a class=\"\" href=\"https:\/\/www.cnbb.org.br\/a-solenidade-da-ascensao-do-senhor-na-doutrina-de-sao-leao-magno\/\"> <span class=\"screen-reader-text\">A solenidade da ascens\u00e3o do Senhor na doutrina de S\u00e3o Le\u00e3o Magno<\/span> Leia mais &raquo;<\/a><\/p>\n","protected":false},"author":16,"featured_media":0,"comment_status":"open","ping_status":"open","sticky":false,"template":"","format":"standard","meta":{"site-sidebar-layout":"default","site-content-layout":"default","ast-global-header-display":"","ast-banner-title-visibility":"","ast-main-header-display":"","ast-hfb-above-header-display":"","ast-hfb-below-header-display":"","ast-hfb-mobile-header-display":"","site-post-title":"","ast-breadcrumbs-content":"","ast-featured-img":"","footer-sml-layout":"","theme-transparent-header-meta":"default","adv-header-id-meta":"","stick-header-meta":"","header-above-stick-meta":"","header-main-stick-meta":"","header-below-stick-meta":""},"categories":[758],"tags":[],"acf":[],"_links":{"self":[{"href":"https:\/\/www.cnbb.org.br\/cnbb-app\/wp\/v2\/posts\/963314"}],"collection":[{"href":"https:\/\/www.cnbb.org.br\/cnbb-app\/wp\/v2\/posts"}],"about":[{"href":"https:\/\/www.cnbb.org.br\/cnbb-app\/wp\/v2\/types\/post"}],"author":[{"embeddable":true,"href":"https:\/\/www.cnbb.org.br\/cnbb-app\/wp\/v2\/users\/16"}],"replies":[{"embeddable":true,"href":"https:\/\/www.cnbb.org.br\/cnbb-app\/wp\/v2\/comments?post=963314"}],"version-history":[{"count":1,"href":"https:\/\/www.cnbb.org.br\/cnbb-app\/wp\/v2\/posts\/963314\/revisions"}],"predecessor-version":[{"id":963315,"href":"https:\/\/www.cnbb.org.br\/cnbb-app\/wp\/v2\/posts\/963314\/revisions\/963315"}],"wp:attachment":[{"href":"https:\/\/www.cnbb.org.br\/cnbb-app\/wp\/v2\/media?parent=963314"}],"wp:term":[{"taxonomy":"category","embeddable":true,"href":"https:\/\/www.cnbb.org.br\/cnbb-app\/wp\/v2\/categories?post=963314"},{"taxonomy":"post_tag","embeddable":true,"href":"https:\/\/www.cnbb.org.br\/cnbb-app\/wp\/v2\/tags?post=963314"}],"curies":[{"name":"wp","href":"https:\/\/api.w.org\/{rel}","templated":true}]}}