{"id":963332,"date":"2024-05-16T15:42:04","date_gmt":"2024-05-16T18:42:04","guid":{"rendered":"https:\/\/www.cnbb.org.br\/?p=963332"},"modified":"2024-05-16T15:47:16","modified_gmt":"2024-05-16T18:47:16","slug":"pentecostes-festa-de-renovacao","status":"publish","type":"post","link":"https:\/\/www.cnbb.org.br\/pentecostes-festa-de-renovacao\/","title":{"rendered":"Pentecostes, festa de renova\u00e7\u00e3o"},"content":{"rendered":"<p>Dom Messias dos Reis Silveira<br \/>\nBispo de Te\u00f3filo Otoni (MG)<\/p>\n<p style=\"text-align: justify;\">Todos os anos a Igreja conclui a celebra\u00e7\u00e3o do Tempo Pascal com a Solenidade de Pentecostes. Pentecostes n\u00e3o \u00e9 uma festa a mais no calend\u00e1rio lit\u00fargico, mas \u00e9 a culmin\u00e2ncia do evento pascal de Jesus Cristo que salvou o mundo: sua Paix\u00e3o, Morte, Ressurrei\u00e7\u00e3o, Ascens\u00e3o ao C\u00e9u e envio do seu Esp\u00edrito Santo. Trata-se de um momento muito especial. Nele fazemos mem\u00f3ria da vinda do Esp\u00edrito de Deus sobre os Ap\u00f3stolos de nosso Senhor Jesus Cristo e da primeira comunidade crist\u00e3 com eles reunida.<\/p>\n<p style=\"text-align: justify;\">Os Evangelhos nos revelam que, logo ap\u00f3s a morte de Jesus, e com raz\u00e3o, os disc\u00edpulos permaneciam com muito medo. A persegui\u00e7\u00e3o era intensa. Eles se recolheram em ora\u00e7\u00e3o aguardando o cumprimento da promessa de Jesus, que era o dom do Esp\u00edrito Santo enviado pelo Pai e pelo Filho. Os Ap\u00f3stolos o receberam, ficaram muito animados e passaram a anunciar a mensagem de Jesus a todas as pessoas. Atrav\u00e9s das a\u00e7\u00f5es apost\u00f3licas, as a\u00e7\u00f5es de Cristo continuaram a acontecer na Igreja nascente. O grande desejo de Cristo era que a sua Boa Nova pudesse iluminar as pessoas do mundo inteiro e esse desejo continua sendo concretizado.<\/p>\n<p style=\"text-align: justify;\">A Igreja tem uma longa hist\u00f3ria de mais de 2000 anos e, nesta hist\u00f3ria, aconteceram muitas coisas boas. Tamb\u00e9m as persegui\u00e7\u00f5es foram intensas e continuam em algumas regi\u00f5es do mundo. Muitos crist\u00e3os continuam a ser perseguidos, mas a chama e o ardor pelo Evangelho n\u00e3o se apagam.<\/p>\n<p>O Esp\u00edrito Santo, ent\u00e3o derramado, continua a iluminar os disc\u00edpulos atuais de Jesus, inspirando a palavra certa para os variados momentos em que as novas situa\u00e7\u00f5es os desafiam.<br \/>\nGosto muito daquela invoca\u00e7\u00e3o em que pedimos que o Esp\u00edrito Santo venha e \u201crenove a face da terra\u201d. Quando pensamos na terra, n\u00e3o h\u00e1 como n\u00e3o pensar na cria\u00e7\u00e3o, pois na linguagem b\u00edblica, Deus criou o homem a partir do barro da terra. Mas, a terra envelheceu e precisa ser renovada.<\/p>\n<p>Ao pedir que o Esp\u00edrito Santo venha e renove a face da terra, n\u00f3s pedimos que Ele venha e renove a vida humana, pois esta precisa ser constantemente renovada e recriada. Tal renova\u00e7\u00e3o se d\u00e1 na vida das fam\u00edlias, na vida pessoal, na vida comunit\u00e1ria e na vida da humanidade como um todo. No evangelho de Jo\u00e3o, o Ressuscitado se manifesta entrando no lugar onde os disc\u00edpulos se encontravam, com portas fechadas, e soprando sobre eles (Jo 20, 19-23). Esse sopro recorda que no ato da cria\u00e7\u00e3o Deus insuflou um h\u00e1lito de vida no ser humano por ele criado. Aquela criatura tornou-se um ser vivente. O sopro do Esp\u00edrito em S\u00e3o Jo\u00e3o \u00e9 o maior legado do Ressuscitado. O sopro de Deus \u00e9 sempre um sopro criador, renovador e transformador. O sopro de Deus \u00e9 santificador, transmite o fogo que purifica e anima a vida.<\/p>\n<p>Ao celebrar, neste ano, a festa de Pentecostes, pensamos no Jubileu do ano Santo, que acontecer\u00e1 em 2025. O Jubileu ter\u00e1 como lema: \u201cPeregrinos da Esperan\u00e7a\u201d. Somos um povo peregrino e precisamos olhar para o objetivo e a meta da nossa peregrina\u00e7\u00e3o que \u00e9 chegarmos \u00e0 P\u00e1tria Celeste.<\/p>\n<p>Enquanto estamos em peregrina\u00e7\u00e3o, caminhamos com Cristo na necessidade de agir em favor do bem comum, da vida e da viv\u00eancia fiel do Batismo em que o Esp\u00edrito de Deus foi derramado em nossos cora\u00e7\u00f5es pelo Esp\u00edrito Santo que nos foi dado ali (Rm 5,5). N\u00e3o d\u00e1 para negar as a\u00e7\u00f5es do Esp\u00edrito Santo. Existem muitas hist\u00f3rias de testemunhos de f\u00e9. S\u00f3 pode ser por Deus que esses testemunhos s\u00e3o dados. S\u00f3 pode ser a\u00e7\u00e3o do seu Santo Esp\u00edrito que gera vida. O Esp\u00edrito Santo de amor venha sobre cada um de n\u00f3s e nos ilumine, aben\u00e7oe, santifique e nos capacite para a miss\u00e3o.<\/p>\n<p>Toda miss\u00e3o est\u00e1 voltada para fora, n\u00e3o simplesmente para dentro de n\u00f3s ou para dentro da pr\u00f3pria Igreja, mas para fora porque fora de n\u00f3s \u00e9 o campo da miss\u00e3o. \u201cIde pelo mundo inteiro e anunciai&#8230; (Mc 16,15) \u00e9 o mandato de Jesus antes de nos deixar visivelmente. \u00c9 fora de n\u00f3s, dos ciclos de relacionamento e da comunidade que a miss\u00e3o acontece, assim como tanto pede o Papa Francisco para sermos uma Igreja \u201cem sa\u00edda\u201d. Somos um povo que vai seguindo fortalecido pela gra\u00e7a do Esp\u00edrito Santo.<\/p>\n<p>Ao celebrar a Solenidade de Pentecostes nos colocamos na disposi\u00e7\u00e3o para que o Senhor continue a agir em n\u00f3s, por n\u00f3s e conosco, pois atrav\u00e9s das nossas a\u00e7\u00f5es contribu\u00edmos para que a vida e o mundo sejam melhores. Desse modo, o an\u00fancio do Evangelho se converter\u00e1 em a\u00e7\u00e3o transformadora, sinal de que o mal cede lugar ao Reino que estar\u00e1 se expandindo na terra e todos seremos, em Cristo, colaboradores da salva\u00e7\u00e3o at\u00e9 que Cristo volte.<\/p>\n<p>&nbsp;<\/p>\n<p>&nbsp;<\/p>\n","protected":false},"excerpt":{"rendered":"<p>Dom Messias dos Reis Silveira Bispo de Te\u00f3filo Otoni (MG) Todos os anos a Igreja conclui a celebra\u00e7\u00e3o do Tempo Pascal com a Solenidade de Pentecostes. Pentecostes n\u00e3o \u00e9 uma festa a mais no calend\u00e1rio lit\u00fargico, mas \u00e9 a culmin\u00e2ncia do evento pascal de Jesus Cristo que salvou o mundo: sua Paix\u00e3o, Morte, Ressurrei\u00e7\u00e3o, Ascens\u00e3o &hellip;<\/p>\n<p class=\"read-more\"> <a class=\"\" href=\"https:\/\/www.cnbb.org.br\/pentecostes-festa-de-renovacao\/\"> <span class=\"screen-reader-text\">Pentecostes, festa de renova\u00e7\u00e3o<\/span> Leia mais &raquo;<\/a><\/p>\n","protected":false},"author":45,"featured_media":0,"comment_status":"open","ping_status":"open","sticky":false,"template":"","format":"standard","meta":{"site-sidebar-layout":"default","site-content-layout":"default","ast-global-header-display":"","ast-banner-title-visibility":"","ast-main-header-display":"","ast-hfb-above-header-display":"","ast-hfb-below-header-display":"","ast-hfb-mobile-header-display":"","site-post-title":"","ast-breadcrumbs-content":"","ast-featured-img":"","footer-sml-layout":"","theme-transparent-header-meta":"default","adv-header-id-meta":"","stick-header-meta":"","header-above-stick-meta":"","header-main-stick-meta":"","header-below-stick-meta":""},"categories":[758,1837],"tags":[],"acf":[],"_links":{"self":[{"href":"https:\/\/www.cnbb.org.br\/cnbb-app\/wp\/v2\/posts\/963332"}],"collection":[{"href":"https:\/\/www.cnbb.org.br\/cnbb-app\/wp\/v2\/posts"}],"about":[{"href":"https:\/\/www.cnbb.org.br\/cnbb-app\/wp\/v2\/types\/post"}],"author":[{"embeddable":true,"href":"https:\/\/www.cnbb.org.br\/cnbb-app\/wp\/v2\/users\/45"}],"replies":[{"embeddable":true,"href":"https:\/\/www.cnbb.org.br\/cnbb-app\/wp\/v2\/comments?post=963332"}],"version-history":[{"count":2,"href":"https:\/\/www.cnbb.org.br\/cnbb-app\/wp\/v2\/posts\/963332\/revisions"}],"predecessor-version":[{"id":963338,"href":"https:\/\/www.cnbb.org.br\/cnbb-app\/wp\/v2\/posts\/963332\/revisions\/963338"}],"wp:attachment":[{"href":"https:\/\/www.cnbb.org.br\/cnbb-app\/wp\/v2\/media?parent=963332"}],"wp:term":[{"taxonomy":"category","embeddable":true,"href":"https:\/\/www.cnbb.org.br\/cnbb-app\/wp\/v2\/categories?post=963332"},{"taxonomy":"post_tag","embeddable":true,"href":"https:\/\/www.cnbb.org.br\/cnbb-app\/wp\/v2\/tags?post=963332"}],"curies":[{"name":"wp","href":"https:\/\/api.w.org\/{rel}","templated":true}]}}