{"id":9634,"date":"2014-07-21T00:00:00","date_gmt":"2014-07-21T03:00:00","guid":{"rendered":"https:\/\/www.cnbb.org.br\/coordenadores-diocesanos-recebem-formacao-sobre-planejamento-missionario-e-pastoral\/"},"modified":"2020-03-11T20:03:57","modified_gmt":"2020-03-11T23:03:57","slug":"coordenadores-diocesanos-recebem-formacao-sobre-planejamento-missionario-e-pastoral","status":"publish","type":"post","link":"https:\/\/www.cnbb.org.br\/coordenadores-diocesanos-recebem-formacao-sobre-planejamento-missionario-e-pastoral\/","title":{"rendered":"Coordenadores diocesanos recebem forma\u00e7\u00e3o sobre planejamento mission\u00e1rio e pastoral"},"content":{"rendered":"<p style=\"text-align: justify\">Representantes de equipes de coordena\u00e7\u00e3o da a\u00e7\u00e3o evangelizadora nas dioceses e membros dos Conselhos Mission\u00e1rios Diocesanos de todas as regi\u00f5es do Brasil participaram da Semana de Forma\u00e7\u00e3o para Coordenadores Diocesanos de Pastoral. O evento, promovido pela Comiss\u00e3o Episcopal para a Miss\u00e3o Continental e pelo Centro Cultural Mission\u00e1rio (CCM), ocorreu em Bras\u00edlia (DF), de 14 a 18 de julho.<\/p>\n<p>  <!--more-->  <\/p>\n<p style=\"text-align: justify\">\u00c0 luz do Documento de Aparecida e da proposta do papa Francisco de se ter uma \u201cIgreja em sa\u00edda\u201d, as 42 pessoas presentes no encontro refletiram sobre o tema \u201cPlanejamento Pastoral Mission\u00e1rio na Igreja local\u201d. Estudaram, ainda, o sentido e a m\u00edstica do processo de planejamento, a din\u00e2mica pedag\u00f3gica no exerc\u00edcio das propostas metodol\u00f3gicas de trabalho, a inser\u00e7\u00e3o do Servi\u00e7o de Anima\u00e7\u00e3o Mission\u00e1ria no Planejamento e no Plano de A\u00e7\u00e3o Pastoral.<\/p>\n<p style=\"text-align: justify\">Durante a forma\u00e7\u00e3o, foi realizado um laborat\u00f3rio em que os presentes puderam usar sua experi\u00eancia para compor propostas concretas de planos de pastoral mission\u00e1rios. De acordo com o assessor da Comiss\u00e3o Episcopal para a Miss\u00e3o Continental, padre Sidnei Dornelas, \u201cos participantes enriqueceram o debate e o horizonte desse minist\u00e9rio de coordena\u00e7\u00e3o na Igreja\u201d.<\/p>\n<p style=\"text-align: justify\">A Semana de Forma\u00e7\u00e3o foi coordenada pelo padre Sidnei com a colabora\u00e7\u00e3o dos padres Ari Ant\u00f4nio dos Reis, Jos\u00e9 Carlos Pereira e Estev\u00e3o Raschietti.<\/p>\n","protected":false},"excerpt":{"rendered":"<p>Representantes de equipes de coordena\u00e7\u00e3o da a\u00e7\u00e3o evangelizadora nas dioceses e membros dos Conselhos Mission\u00e1rios Diocesanos de todas as regi\u00f5es do Brasil participaram da Semana de Forma\u00e7\u00e3o para Coordenadores Diocesanos de Pastoral. O evento, promovido pela Comiss\u00e3o Episcopal para a Miss\u00e3o Continental e pelo Centro Cultural Mission\u00e1rio (CCM), ocorreu em Bras\u00edlia (DF), de 14 a &hellip;<\/p>\n<p class=\"read-more\"> <a class=\"\" href=\"https:\/\/www.cnbb.org.br\/coordenadores-diocesanos-recebem-formacao-sobre-planejamento-missionario-e-pastoral\/\"> <span class=\"screen-reader-text\">Coordenadores diocesanos recebem forma\u00e7\u00e3o sobre planejamento mission\u00e1rio e pastoral<\/span> Leia mais &raquo;<\/a><\/p>\n","protected":false},"author":83,"featured_media":9635,"comment_status":"open","ping_status":"open","sticky":false,"template":"","format":"standard","meta":{"site-sidebar-layout":"default","site-content-layout":"default","ast-global-header-display":"","ast-banner-title-visibility":"","ast-main-header-display":"","ast-hfb-above-header-display":"","ast-hfb-below-header-display":"","ast-hfb-mobile-header-display":"","site-post-title":"","ast-breadcrumbs-content":"","ast-featured-img":"","footer-sml-layout":"","theme-transparent-header-meta":"","adv-header-id-meta":"","stick-header-meta":"","header-above-stick-meta":"","header-main-stick-meta":"","header-below-stick-meta":""},"categories":[854,878],"tags":[],"acf":[],"_links":{"self":[{"href":"https:\/\/www.cnbb.org.br\/cnbb-app\/wp\/v2\/posts\/9634"}],"collection":[{"href":"https:\/\/www.cnbb.org.br\/cnbb-app\/wp\/v2\/posts"}],"about":[{"href":"https:\/\/www.cnbb.org.br\/cnbb-app\/wp\/v2\/types\/post"}],"author":[{"embeddable":true,"href":"https:\/\/www.cnbb.org.br\/cnbb-app\/wp\/v2\/users\/83"}],"replies":[{"embeddable":true,"href":"https:\/\/www.cnbb.org.br\/cnbb-app\/wp\/v2\/comments?post=9634"}],"version-history":[{"count":0,"href":"https:\/\/www.cnbb.org.br\/cnbb-app\/wp\/v2\/posts\/9634\/revisions"}],"wp:featuredmedia":[{"embeddable":true,"href":"https:\/\/www.cnbb.org.br\/cnbb-app\/wp\/v2\/media\/9635"}],"wp:attachment":[{"href":"https:\/\/www.cnbb.org.br\/cnbb-app\/wp\/v2\/media?parent=9634"}],"wp:term":[{"taxonomy":"category","embeddable":true,"href":"https:\/\/www.cnbb.org.br\/cnbb-app\/wp\/v2\/categories?post=9634"},{"taxonomy":"post_tag","embeddable":true,"href":"https:\/\/www.cnbb.org.br\/cnbb-app\/wp\/v2\/tags?post=9634"}],"curies":[{"name":"wp","href":"https:\/\/api.w.org\/{rel}","templated":true}]}}