{"id":963785,"date":"2024-05-17T13:47:11","date_gmt":"2024-05-17T16:47:11","guid":{"rendered":"https:\/\/www.cnbb.org.br\/?p=963785"},"modified":"2024-05-17T13:48:25","modified_gmt":"2024-05-17T16:48:25","slug":"os-tempos-fortes-do-ano-liturgico","status":"publish","type":"post","link":"https:\/\/www.cnbb.org.br\/os-tempos-fortes-do-ano-liturgico\/","title":{"rendered":"Os tempos fortes do ano Lit\u00fargico"},"content":{"rendered":"<p>Dom Orani Jo\u00e3o, Cardeal Tempesta<br \/>\nArcebispo de S\u00e3o Sebasti\u00e3o do Rio de Janeiro (RJ)<\/p>\n<p>Cadernos do Conc\u00edlio \u2013 Volume 13<\/p>\n<p style=\"text-align: justify;\">\nHoje nos debru\u00e7aremos no volume treze da Cole\u00e7\u00e3o Cadernos do Conc\u00edlio Ecum\u00eanico Vaticano II em prepara\u00e7\u00e3o ao Jubileu da Esperan\u00e7a de 2025. No pr\u00f3ximo ano recordaremos os sessenta anos de encerramento do Conc\u00edlio Vaticano II, por isso, ao longo deste ano estamos revendo alguns documentos e os temas de maior relev\u00e2ncia tratados ao longo do Conc\u00edlio. Al\u00e9m de propor uma reforma lit\u00fargica e nos sacramentos, o Conc\u00edlio publicou documentos importantes que transformaram a vida da Igreja e dos fi\u00e9is.<\/p>\n<p>Nos volumes anteriores dessa cole\u00e7\u00e3o tratamos sobre a liturgia, os sacramentos, a Eucaristia e o Domingo. Hoje trataremos sobre um tema de extrema import\u00e2ncia e que est\u00e1 intimamente ligado a tudo o que j\u00e1 tratamos. Falaremos sobre o ano lit\u00fargico e como ele deve ser bem vivido por cada um de n\u00f3s. Dentro do ano lit\u00fargico existem momentos fortes que devem ser celebrados por n\u00f3s.<\/p>\n<p>O ano lit\u00fargico, do mesmo modo que o ano civil, tem doze meses, mas o que o diferencia \u00e9 o in\u00edcio e o t\u00e9rmino. O ano lit\u00fargico tem in\u00edcio no primeiro Domingo do Advento, normalmente \u00faltimo domingo de novembro ou o primeiro de dezembro, e tem seu t\u00e9rmino na festa de Cristo Rei do Universo, no pen\u00faltimo ou \u00faltimo Domingo de novembro.<\/p>\n<p>O ano lit\u00fargico inicia com o tempo do Advento, em prepara\u00e7\u00e3o ao Natal do Senhor. Ap\u00f3s o tempo do Advento vem o tempo do Natal, em seguida a primeira parte do tempo comum, ap\u00f3s a primeira parte do comum inicia o tempo da Quaresma com a Quarta-Feira de Cinzas. A partir da celebra\u00e7\u00e3o do Domingo de P\u00e1scoa inicia o tempo pascal que perdura por cinquenta dias, at\u00e9 a festa de Pentecostes. Ap\u00f3s Pentecostes volta o tempo comum que permanece at\u00e9 a festa de Cristo Rei do Universo.<\/p>\n<p>O ano lit\u00fargico dominical \u00e9 dividido em 3 ciclos: A, B e C, as leituras s\u00e3o diferentes para cada ano e o evangelista \u00e9 um dos tr\u00eas sin\u00f3ticos. No ano A, o Evangelho \u00e9 de Mateus, no ano B \u00e9 de Marcos e no ano C \u00e9 de Lucas. O Evangelho de Jo\u00e3o \u00e9 proclamado no tempo pascal e em algumas solenidades e festas. Ao longo da semana (dias feriais) ele \u00e9 divido em par e \u00edmpar, mudando a cada dois anos as leituras e o salmos. Se cada fiel cat\u00f3lico for a missa ao longo de tr\u00eas anos aos Domingos e todos os dias na semana acompanhar\u00e1 toda a Palavra de Deus proclamada e comentada.<\/p>\n<p>O Ano Lit\u00fargico nos ajuda a lembrar que Cristo deve ser o centro das nossas vidas e conduz a nossa vida, de nossa fam\u00edlia, do nosso trabalho. Por isso a missa n\u00e3o \u00e9 uma repeti\u00e7\u00e3o, a cada ano muda o conte\u00fado das leituras e a cada tempo lit\u00fargico celebrado envolve-se por um mist\u00e9rio, e tem uma ess\u00eancia que nunca muda, que \u00e9 a Eucaristia com as diversas ora\u00e7\u00f5es eucar\u00edsticas, pref\u00e1cios e comemora\u00e7\u00f5es.<\/p>\n<p>Ao longo do ano lit\u00fargico al\u00e9m dessas celebra\u00e7\u00f5es principais que j\u00e1 mencionamos e que marcam o ano, existem outras celebra\u00e7\u00f5es para animar a vida de f\u00e9 dos fi\u00e9is. Como por exemplo os meses tem\u00e1ticos: mariano, voca\u00e7\u00f5es, B\u00edblia e miss\u00f5es. Existem semanas especiais e tamb\u00e9m dias especiais. Al\u00e9m da solenidade da Sant\u00edssima Trindade, Sagrado Cora\u00e7\u00e3o de Jesus e as festas marianas.<\/p>\n<p>Outro fator que marca o ano lit\u00fargico s\u00e3o as cores dos paramentos para cada tempo. No tempo do Advento e da Quaresma a cor usada \u00e9 a roxa, que significa ora\u00e7\u00e3o, vigil\u00e2ncia e penit\u00eancia. Na P\u00e1scoa e no Natal a cor lit\u00fargica \u00e9 o branco, ou seja, a Igreja \u00e9 envolvida de uma grande alegria pelo nascimento e posterior ressurrei\u00e7\u00e3o de Jesus. No tempo comum a cor predominante \u00e9 o verde, que significa a esperan\u00e7a na chegada do reino de Deus. Al\u00e9m disso, nas mem\u00f3rias e festas lit\u00fargicas dos santos n\u00e3o m\u00e1rtires s\u00e3o usados os paramentos brancos e dos santos que foram martirizados a cor lit\u00fargica usada \u00e9 o vermelho, assim como em Pentecostes.<\/p>\n<p>Ao longo de todo o ano lit\u00fargico existem diversos momentos fortes e marcantes, mas o centro do calend\u00e1rio lit\u00fargico \u00e9 a P\u00e1scoa. Todas as outras celebra\u00e7\u00f5es est\u00e3o voltadas para o mist\u00e9rio pascal de Cristo. Quando celebramos o Natal do Senhor, o seu nascimento, ao olhar o menino Jesus no pres\u00e9pio, contemplamos ao mesmo tempo a Cruz, pois essa foi a miss\u00e3o do Filho de Deus, veio ao mundo para nos salvar e selar de uma vez por todas a alian\u00e7a entre Deus e a humanidade. Ele n\u00e3o fica na Cruz, mas ressuscita e abre para todos n\u00f3s as portas da eternidade,<\/p>\n<p>A celebra\u00e7\u00e3o da Vig\u00edlia Pascal \u00e9 a celebra\u00e7\u00e3o mais importante de todo o ano lit\u00fargico, nessa celebra\u00e7\u00e3o renovamos as nossas promessas batismais, perpassamos atrav\u00e9s das leituras toda a hist\u00f3ria da salva\u00e7\u00e3o, at\u00e9 chegar na ressurrei\u00e7\u00e3o de Jesus. A Vig\u00edlia Pascal \u00e9 M\u00e3e de todas as vig\u00edlias. No S\u00e1bado Santo proclamamos a P\u00e1scoa e a ressurrei\u00e7\u00e3o do Senhor, do mesmo modo que Ele venceu a morte, n\u00f3s de igual modo iremos vencer.<\/p>\n<p style=\"text-align: justify;\">\nConforme dissemos, a P\u00e1scoa \u00e9 a celebra\u00e7\u00e3o mais importante do ano lit\u00fargico e centro do calend\u00e1rio lit\u00fargico. Mas existem outros momentos fortes ao longo do ano lit\u00fargico que marcam a vida de todos os fi\u00e9is. Como por exemplo, o pr\u00f3prio Natal em que recordamos o nascimento de Cristo; Pentecostes em que celebramos a vinda Esp\u00edrito Santo e com isso o in\u00edcio da Igreja primitiva; Sant\u00edssima Trindade em que celebramos o mist\u00e9rio do Pai, do Filho e do Esp\u00edrito Santo. Outra celebra\u00e7\u00e3o muito importante na vida de todos os fi\u00e9is \u00e9 Corpus Christi, em que celebramos a raz\u00e3o de ser da Igreja, que \u00e9 o mist\u00e9rio Eucar\u00edstico que adv\u00e9m da paix\u00e3o, morte e ressurrei\u00e7\u00e3o de Jesus.<\/p>\n<p>Vivamos com f\u00e9 o ano lit\u00fargico da Igreja e participemos de todos os momentos. N\u00e3o esque\u00e7amos que Cristo est\u00e1 sempre no centro e todo o calend\u00e1rio lit\u00fargico gira em torno do mist\u00e9rio pascal de Cristo. Alimentemos sempre a nossa f\u00e9 com Palavra de Deus e com a Eucaristia. Recomendo ainda tomar esse volume 13 da cole\u00e7\u00e3o cadernos do Conc\u00edlio e ler sobre o tema.<\/p>\n<p>&nbsp;<\/p>\n","protected":false},"excerpt":{"rendered":"<p>Dom Orani Jo\u00e3o, Cardeal Tempesta Arcebispo de S\u00e3o Sebasti\u00e3o do Rio de Janeiro (RJ) Cadernos do Conc\u00edlio \u2013 Volume 13 Hoje nos debru\u00e7aremos no volume treze da Cole\u00e7\u00e3o Cadernos do Conc\u00edlio Ecum\u00eanico Vaticano II em prepara\u00e7\u00e3o ao Jubileu da Esperan\u00e7a de 2025. No pr\u00f3ximo ano recordaremos os sessenta anos de encerramento do Conc\u00edlio Vaticano II, &hellip;<\/p>\n<p class=\"read-more\"> <a class=\"\" href=\"https:\/\/www.cnbb.org.br\/os-tempos-fortes-do-ano-liturgico\/\"> <span class=\"screen-reader-text\">Os tempos fortes do ano Lit\u00fargico<\/span> Leia mais &raquo;<\/a><\/p>\n","protected":false},"author":31,"featured_media":0,"comment_status":"open","ping_status":"open","sticky":false,"template":"","format":"standard","meta":{"site-sidebar-layout":"default","site-content-layout":"default","ast-global-header-display":"","ast-banner-title-visibility":"","ast-main-header-display":"","ast-hfb-above-header-display":"","ast-hfb-below-header-display":"","ast-hfb-mobile-header-display":"","site-post-title":"","ast-breadcrumbs-content":"","ast-featured-img":"","footer-sml-layout":"","theme-transparent-header-meta":"default","adv-header-id-meta":"","stick-header-meta":"","header-above-stick-meta":"","header-main-stick-meta":"","header-below-stick-meta":""},"categories":[758],"tags":[],"acf":[],"_links":{"self":[{"href":"https:\/\/www.cnbb.org.br\/cnbb-app\/wp\/v2\/posts\/963785"}],"collection":[{"href":"https:\/\/www.cnbb.org.br\/cnbb-app\/wp\/v2\/posts"}],"about":[{"href":"https:\/\/www.cnbb.org.br\/cnbb-app\/wp\/v2\/types\/post"}],"author":[{"embeddable":true,"href":"https:\/\/www.cnbb.org.br\/cnbb-app\/wp\/v2\/users\/31"}],"replies":[{"embeddable":true,"href":"https:\/\/www.cnbb.org.br\/cnbb-app\/wp\/v2\/comments?post=963785"}],"version-history":[{"count":2,"href":"https:\/\/www.cnbb.org.br\/cnbb-app\/wp\/v2\/posts\/963785\/revisions"}],"predecessor-version":[{"id":963787,"href":"https:\/\/www.cnbb.org.br\/cnbb-app\/wp\/v2\/posts\/963785\/revisions\/963787"}],"wp:attachment":[{"href":"https:\/\/www.cnbb.org.br\/cnbb-app\/wp\/v2\/media?parent=963785"}],"wp:term":[{"taxonomy":"category","embeddable":true,"href":"https:\/\/www.cnbb.org.br\/cnbb-app\/wp\/v2\/categories?post=963785"},{"taxonomy":"post_tag","embeddable":true,"href":"https:\/\/www.cnbb.org.br\/cnbb-app\/wp\/v2\/tags?post=963785"}],"curies":[{"name":"wp","href":"https:\/\/api.w.org\/{rel}","templated":true}]}}