{"id":963859,"date":"2024-05-20T14:22:20","date_gmt":"2024-05-20T17:22:20","guid":{"rendered":"https:\/\/www.cnbb.org.br\/?p=963859"},"modified":"2024-05-20T14:44:02","modified_gmt":"2024-05-20T17:44:02","slug":"missa-com-a-celebracao-do-sacramento-da-crisma-confirma-grupo-de-colaboradores-da-cnbb-no-caminho-da-fe","status":"publish","type":"post","link":"https:\/\/www.cnbb.org.br\/missa-com-a-celebracao-do-sacramento-da-crisma-confirma-grupo-de-colaboradores-da-cnbb-no-caminho-da-fe\/","title":{"rendered":"Missa com a celebra\u00e7\u00e3o do sacramento da Crisma confirma grupo de colaboradores da CNBB no caminho da f\u00e9"},"content":{"rendered":"<p style=\"text-align: justify;\">Uma missa com celebra\u00e7\u00e3o do sacramento da Crisma, na \u00faltima sexta-feira, 17 de maio, na capela Nossa Senhor Aparecida na sede da Confer\u00eancia Nacional dos Bispos do Brasil (CNBB), confirmou oito colaboradores da entidade no caminho da vida crist\u00e3. A iniciativa mant\u00e9m o Secretariado Geral da entidade fiel ao que diz o artigo de n\u00famero 196 do Regimento da Confer\u00eancia, em sua se\u00e7\u00e3o 2, Cap\u00edtulo VII que fala sobre suas compet\u00eancias e atribui\u00e7\u00f5es: &#8220;O secret\u00e1rio-geral promover\u00e1 reuni\u00f5es peri\u00f3dicas com os colaboradores da CNBB e cuidar\u00e1 tamb\u00e9m da assist\u00eancia religiosa e promo\u00e7\u00e3o espiritual deles e de seus familiares&#8221;.<\/p>\n<p style=\"text-align: justify;\">A celebra\u00e7\u00e3o foi presidida pelo bispo auxiliar de Bras\u00edlia e secret\u00e1rio-geral da CNBB, dom Ricardo Hoepers, e concelebrada por padres assessores das comiss\u00f5es da CNBB. Em sua homilia, no coment\u00e1rio do Evangelho do dia (Jo 21,15-19), dom Ricardo relacionou a pergunta que Jesus Cristo fez a Sim\u00e3o Pedro ao convite feito pelo filho de Deus a cada um dos crismandos. &#8220;Voc\u00ea me ama?&#8221;, disse dom Ricardo afirmando ser esta a pergunta que Jesus continua fazendo a cada um dos jovens junto ao convite para segui-lo como seus disc\u00edpulos hoje.<\/p>\n<p style=\"text-align: justify;\"><img decoding=\"async\" loading=\"lazy\" class=\"wp-image-963871 size-medium alignleft\" src=\"https:\/\/www.cnbb.org.br\/wp-content\/uploads\/2024\/05\/Padre-Wagner-e1716225402295-300x292.jpeg\" alt=\"\" width=\"300\" height=\"292\" srcset=\"https:\/\/www.cnbb.org.br\/wp-content\/uploads\/2024\/05\/Padre-Wagner-e1716225402295-300x292.jpeg 300w, https:\/\/www.cnbb.org.br\/wp-content\/uploads\/2024\/05\/Padre-Wagner-e1716225402295-500x486.jpeg 500w, https:\/\/www.cnbb.org.br\/wp-content\/uploads\/2024\/05\/Padre-Wagner-e1716225402295.jpeg 549w\" sizes=\"(max-width: 300px) 100vw, 300px\" \/>A missa foi o ponto alto do projeto de catequese promovido pelo Secretariado Geral da CNBB em parceria com a Comiss\u00e3o Episcopal para a Anima\u00e7\u00e3o B\u00edblico-Catequ\u00e9tica da entidade.<\/p>\n<p style=\"text-align: justify;\">O assessor da Comiss\u00e3o para a Anima\u00e7\u00e3o B\u00edblico-Catequ\u00e9tica, padre Wagner Francisco, contou que durante um bom tempo, os membros participaram da prepara\u00e7\u00e3o, compreendendo a import\u00e2ncia de seguir Cristo e de viver a f\u00e9 em comunidade.<\/p>\n<blockquote>\n<p style=\"text-align: justify;\">&#8220;Como Igreja, acompanhar e ver esses membros celebrarem os sacramentos foi uma maneira concreta de cuidar espiritualmente dos colaboradores da nossa Confer\u00eancia, que ajudam na evangeliza\u00e7\u00e3o em nosso Brasil&#8221;, enalteceu.<\/p>\n<\/blockquote>\n<h3>Conhecer, amar e testemunhar Jesus Cristo<\/h3>\n<p>&nbsp;<\/p>\n<figure id=\"attachment_963866\" aria-describedby=\"caption-attachment-963866\" style=\"width: 872px\" class=\"wp-caption aligncenter\"><img decoding=\"async\" loading=\"lazy\" class=\"wp-image-963866 size-full\" src=\"https:\/\/www.cnbb.org.br\/wp-content\/uploads\/2024\/05\/Homenagem-a-Soninha.jpeg\" alt=\"\" width=\"872\" height=\"581\" srcset=\"https:\/\/www.cnbb.org.br\/wp-content\/uploads\/2024\/05\/Homenagem-a-Soninha.jpeg 872w, https:\/\/www.cnbb.org.br\/wp-content\/uploads\/2024\/05\/Homenagem-a-Soninha-300x200.jpeg 300w, https:\/\/www.cnbb.org.br\/wp-content\/uploads\/2024\/05\/Homenagem-a-Soninha-768x512.jpeg 768w, https:\/\/www.cnbb.org.br\/wp-content\/uploads\/2024\/05\/Homenagem-a-Soninha-500x333.jpeg 500w\" sizes=\"(max-width: 872px) 100vw, 872px\" \/><figcaption id=\"caption-attachment-963866\" class=\"wp-caption-text\">Soninha, ao centro, recebe homenagem dos crismandos. | Foto: Paulo Augusto Cruz<\/figcaption><\/figure>\n<p style=\"text-align: justify;\">A forma\u00e7\u00e3o foi conduzida pela colaboradora da CNBB, a catequista Maria S\u00f4nia Carvalhedo, a Soninha, que assumiu para si miss\u00e3o de tornar Jesus conhecido e amado. &#8220;\u00c9 isto que eu quero que os colaboradores da CNBB se sintam com essa miss\u00e3o de conhecer Jesus, amar Jesus e faz\u00ea-lo amado no dia a dia. \u00c9 isto que eu procurei ensinar para eles serem testemunhas da pessoa de Jesus no seu trabalho, na sua vida e no seu corre corre di\u00e1rio&#8221;, disse.<\/p>\n<p style=\"text-align: justify;\"><img decoding=\"async\" loading=\"lazy\" class=\"size-medium wp-image-963870 alignleft\" src=\"https:\/\/www.cnbb.org.br\/wp-content\/uploads\/2024\/05\/Cilandia-300x281.jpg\" alt=\"\" width=\"300\" height=\"281\" srcset=\"https:\/\/www.cnbb.org.br\/wp-content\/uploads\/2024\/05\/Cilandia-300x281.jpg 300w, https:\/\/www.cnbb.org.br\/wp-content\/uploads\/2024\/05\/Cilandia.jpg 385w\" sizes=\"(max-width: 300px) 100vw, 300px\" \/>A colaboradora da cozinha da CNBB, Cil\u00e2ndia Galdino Santiago, esteve entre o grupo que recebeu a un\u00e7\u00e3o da Crisma. &#8220;Particularmente para mim foi muito bom e importante porque essa era uma consagra\u00e7\u00e3o que estava faltando na minha vida. Foi important\u00edssimo, um momento em que me aproximei mais de Deus. Eu quero que o Esp\u00edrito Santo esteja sempre comigo&#8221;, disse.<\/p>\n<p style=\"text-align: justify;\">Ela disse sentir se grata por ter tido a oportunidade de fazer a Crisma no pr\u00f3prio ambiente de trabalho. &#8220;A gente acaba ficando sem contato com isto e a CNBB me deu essa chance e oportunidade de estar me consagrando. Foi um momento inexplic\u00e1vel pr\u00e1 mim, coisa de Deus na minha vida. Meu cora\u00e7\u00e3o est\u00e1 bem tranquilo&#8221;, expressou.<\/p>\n<blockquote>\n<p style=\"text-align: justify;\">O colaborador do setor de Mobilidade da CNBB, Marcos Silva, disse que a cerim\u00f4nia foi muito gratificante e bonita. &#8220;Foi muito emocionante em ver que est\u00e1vamos na presen\u00e7a do Esp\u00edrito Santo e em ver que todos ali estavam felizes e emocionados por nossa Crisma e por nos tornamos mais filhos de Deus ainda&#8221;, disse.<\/p>\n<\/blockquote>\n<figure id=\"attachment_963867\" aria-describedby=\"caption-attachment-963867\" style=\"width: 1024px\" class=\"wp-caption aligncenter\"><img decoding=\"async\" loading=\"lazy\" class=\"wp-image-963867 size-large\" src=\"https:\/\/www.cnbb.org.br\/wp-content\/uploads\/2024\/05\/Marquinos-e-padrinhos-1024x683.jpeg\" alt=\"\" width=\"1024\" height=\"683\" srcset=\"https:\/\/www.cnbb.org.br\/wp-content\/uploads\/2024\/05\/Marquinos-e-padrinhos-1024x683.jpeg 1024w, https:\/\/www.cnbb.org.br\/wp-content\/uploads\/2024\/05\/Marquinos-e-padrinhos-300x200.jpeg 300w, https:\/\/www.cnbb.org.br\/wp-content\/uploads\/2024\/05\/Marquinos-e-padrinhos-768x512.jpeg 768w, https:\/\/www.cnbb.org.br\/wp-content\/uploads\/2024\/05\/Marquinos-e-padrinhos-1536x1024.jpeg 1536w, https:\/\/www.cnbb.org.br\/wp-content\/uploads\/2024\/05\/Marquinos-e-padrinhos-2048x1365.jpeg 2048w, https:\/\/www.cnbb.org.br\/wp-content\/uploads\/2024\/05\/Marquinos-e-padrinhos-500x333.jpeg 500w\" sizes=\"(max-width: 1024px) 100vw, 1024px\" \/><figcaption id=\"caption-attachment-963867\" class=\"wp-caption-text\">Marquinhos recebe de seus padrinhos, Maria de Lourdes e padre Patriky Samuel Batista, a vela s\u00edmbolo da f\u00e9. | Fotos: Paulo Augusto Cruz e Willian Bonfim &#8211; Ascom CNBB.<\/figcaption><\/figure>\n<p>&nbsp;<\/p>\n<p>&nbsp;<\/p>\n","protected":false},"excerpt":{"rendered":"<p>A iniciativa mant\u00e9m o secretariado geral da entidade fiel ao que diz o artigo de n\u00famero 196 do Regimento da Confer\u00eancia, em sua se\u00e7\u00e3o 2, Cap\u00edtulo VII que fala sobre suas compet\u00eancias e atribui\u00e7\u00f5es: &#8220;O secret\u00e1rio-geral promover\u00e1 reuni\u00f5es peri\u00f3dicas com os colaboradores da CNBB e cuidar\u00e1 tamb\u00e9m da assist\u00eancia religiosa e promo\u00e7\u00e3o espiritual deles e de seus familiares&#8221;\u00a0<\/p>\n","protected":false},"author":142,"featured_media":963876,"comment_status":"open","ping_status":"open","sticky":false,"template":"","format":"standard","meta":{"site-sidebar-layout":"default","site-content-layout":"default","ast-global-header-display":"","ast-banner-title-visibility":"","ast-main-header-display":"","ast-hfb-above-header-display":"","ast-hfb-below-header-display":"","ast-hfb-mobile-header-display":"","site-post-title":"","ast-breadcrumbs-content":"","ast-featured-img":"","footer-sml-layout":"","theme-transparent-header-meta":"default","adv-header-id-meta":"","stick-header-meta":"","header-above-stick-meta":"","header-main-stick-meta":"","header-below-stick-meta":""},"categories":[800,50],"tags":[5546],"acf":[],"_links":{"self":[{"href":"https:\/\/www.cnbb.org.br\/cnbb-app\/wp\/v2\/posts\/963859"}],"collection":[{"href":"https:\/\/www.cnbb.org.br\/cnbb-app\/wp\/v2\/posts"}],"about":[{"href":"https:\/\/www.cnbb.org.br\/cnbb-app\/wp\/v2\/types\/post"}],"author":[{"embeddable":true,"href":"https:\/\/www.cnbb.org.br\/cnbb-app\/wp\/v2\/users\/142"}],"replies":[{"embeddable":true,"href":"https:\/\/www.cnbb.org.br\/cnbb-app\/wp\/v2\/comments?post=963859"}],"version-history":[{"count":12,"href":"https:\/\/www.cnbb.org.br\/cnbb-app\/wp\/v2\/posts\/963859\/revisions"}],"predecessor-version":[{"id":963881,"href":"https:\/\/www.cnbb.org.br\/cnbb-app\/wp\/v2\/posts\/963859\/revisions\/963881"}],"wp:featuredmedia":[{"embeddable":true,"href":"https:\/\/www.cnbb.org.br\/cnbb-app\/wp\/v2\/media\/963876"}],"wp:attachment":[{"href":"https:\/\/www.cnbb.org.br\/cnbb-app\/wp\/v2\/media?parent=963859"}],"wp:term":[{"taxonomy":"category","embeddable":true,"href":"https:\/\/www.cnbb.org.br\/cnbb-app\/wp\/v2\/categories?post=963859"},{"taxonomy":"post_tag","embeddable":true,"href":"https:\/\/www.cnbb.org.br\/cnbb-app\/wp\/v2\/tags?post=963859"}],"curies":[{"name":"wp","href":"https:\/\/api.w.org\/{rel}","templated":true}]}}