{"id":963945,"date":"2024-05-21T14:33:54","date_gmt":"2024-05-21T17:33:54","guid":{"rendered":"https:\/\/www.cnbb.org.br\/?p=963945"},"modified":"2024-05-22T10:47:50","modified_gmt":"2024-05-22T13:47:50","slug":"projeto-capacita-em-redes-parceria-da-cnbb-com-o-mec-e-institutos-federais-vai-atuar-com-dioceses-do-rs","status":"publish","type":"post","link":"https:\/\/www.cnbb.org.br\/projeto-capacita-em-redes-parceria-da-cnbb-com-o-mec-e-institutos-federais-vai-atuar-com-dioceses-do-rs\/","title":{"rendered":"Projeto Capacita em Rede, parceria da CNBB com o MEC e Institutos Federais, vai atuar com dioceses do RS"},"content":{"rendered":"<p style=\"text-align: justify;\">A Confer\u00eancia Nacional dos Bispos do Brasil (CNBB), por meio do Setor de Campanhas e de seu coordenador, padre Jean Poul Hansen, reuniu-se ontem, 20 de maio, com representantes do projeto &#8220;Capacita em Rede&#8221; para avaliar o andamento da parceria.<\/p>\n<p style=\"text-align: justify;\">O projeto &#8220;Capacita em Rede&#8221; surgiu a partir da experi\u00eancia do projeto \u201cCapacita Sul de Minas\u201d, desenvolvido pelo Instituto Federal do Sul de Minas desde 2021 e intensificado em 2023, com a Campanha da Fraternidade, que aprofundou a tem\u00e1tica da fome. A iniciativa contou com a parceria das Igrejas particulares em vista da capacita\u00e7\u00e3o profissional para inser\u00e7\u00e3o no mercado de trabalho e a gera\u00e7\u00e3o de renda.<\/p>\n<h3 style=\"text-align: justify;\">A parceria<\/h3>\n<p style=\"text-align: justify;\">A CNBB e o Instituto Federal de Educa\u00e7\u00e3o, Ci\u00eancia e Tecnologia do Sul de Minas Gerais (IF Sul de Minas), ligado \u00e0 Secretaria de Educa\u00e7\u00e3o Profissional e Tecnol\u00f3gica do Minist\u00e9rio a Educa\u00e7\u00e3o, assinaram, 6 de fevereiro, um \u201cTermo de Ades\u00e3o\u201d ao projeto. Essa parceria vai resultar na capacita\u00e7\u00e3o profissional de mil pessoas em cada um dos 19 regionais da CNBB. Seu objetivo \u00e9 ofertar cursos r\u00e1pidos, de 50 horas presenciais, com v\u00e1rias frentes de atua\u00e7\u00e3o, de forma\u00e7\u00e3o profissional e tecnol\u00f3gica, para a melhoria na qualidade de vida da popula\u00e7\u00e3o e no combate \u00e0 fome.<\/p>\n<p style=\"text-align: justify;\"><span class=\"TextRun SCXW243958718 BCX0\" lang=\"PT-BR\" xml:lang=\"PT-BR\" data-contrast=\"auto\"><span class=\"NormalTextRun SCXW243958718 BCX0\">A CNBB, seus regionais e as igrejas locais participar\u00e3o no projeto com a sua capilaridade na mobiliza\u00e7\u00e3o das pessoas, com a identifica\u00e7\u00e3o das necessidades profissionais locais, com ambiente comunit\u00e1rio\/paroquial para a realiza\u00e7\u00e3o dos cursos, com a estrutura de matr\u00edculas e o IF participa com a contrata\u00e7\u00e3o dos professores, materiais did\u00e1ticos e certifica\u00e7\u00e3o.<\/span><\/span><span class=\"EOP SCXW243958718 BCX0\" data-ccp-props=\"{&quot;201341983&quot;:0,&quot;335551550&quot;:6,&quot;335551620&quot;:6,&quot;335559731&quot;:708,&quot;335559739&quot;:160,&quot;335559740&quot;:259}\"> \u00a0<\/span><\/p>\n<p><img decoding=\"async\" loading=\"lazy\" class=\"aligncenter wp-image-963947 size-full\" src=\"https:\/\/www.cnbb.org.br\/wp-content\/uploads\/2024\/05\/Capacita-em-Redes.jpeg\" alt=\"\" width=\"872\" height=\"581\" srcset=\"https:\/\/www.cnbb.org.br\/wp-content\/uploads\/2024\/05\/Capacita-em-Redes.jpeg 872w, https:\/\/www.cnbb.org.br\/wp-content\/uploads\/2024\/05\/Capacita-em-Redes-300x200.jpeg 300w, https:\/\/www.cnbb.org.br\/wp-content\/uploads\/2024\/05\/Capacita-em-Redes-768x512.jpeg 768w, https:\/\/www.cnbb.org.br\/wp-content\/uploads\/2024\/05\/Capacita-em-Redes-500x333.jpeg 500w\" sizes=\"(max-width: 872px) 100vw, 872px\" \/><\/p>\n<h3>Solidariedade ao RS<\/h3>\n<p style=\"text-align: justify;\">O secret\u00e1rio de Educa\u00e7\u00e3o Profissional e Tecnol\u00f3gica (SETEC\/MEC), Marcelo Bregagnoli, apresentou uma novidade do projeto, a\u00e7\u00e3o balizada no princ\u00edpio da solidariedade. De acordo com ele, al\u00e9m das metas estabelecidas incialmente, agora o projeto vai focar tamb\u00e9m no Rio Grande do Sul e aprofundar o princ\u00edpio da solidariedade numa parceria com todas as dioceses do Estado. &#8220;\u00c9 a rede federal de Institutos demonstrando que pode mais quando se atua em rede&#8221;, disse.<\/p>\n<blockquote>\n<p style=\"text-align: justify;\">De acordo com ele, a CNBB agrega um valor p\u00fablico \u00e0 a\u00e7\u00e3o do minist\u00e9rio, principalmente neste momento que se amplia para a solidariedade no RS. &#8220;Isto demonstra que institui\u00e7\u00f5es podem atuar juntas em sinergia. Neste momento de trag\u00e9dia, a gente atrav\u00e9s de um projeto de extens\u00f5es com a\u00e7\u00f5es focadas na forma\u00e7\u00e3o para dar um alento \u00e0 popula\u00e7\u00e3o&#8221;, disse.<\/p>\n<\/blockquote>\n<h3>Capacita em Rede<\/h3>\n<p style=\"text-align: justify;\">O professor Roberto Camilo Orf\u00e3o Moares, coordenador geral do projeto, fez um balan\u00e7o da iniciativa. &#8220;O capacita em rede j\u00e1 est\u00e1 avan\u00e7ando. J\u00e1 estamos organizando a iniciativa em oito regionais da CNBB. Na pr\u00f3xima semana, come\u00e7aremos as articula\u00e7\u00f5es com o regional Oeste 2,\u00a0 que corresponde ao Mato Grosso, e ao Nordeste 3, que corresponde Sergipe e Bahia&#8221;.<\/p>\n<p style=\"text-align: justify;\">Segundo ele, trata-se de uma grande mobiliza\u00e7\u00e3o que tem gerado grande alegria e esperan\u00e7a nas comunidades porque abre a porta da capacita\u00e7\u00e3o profissional como instrumento de inser\u00e7\u00e3o no mundo do trabalho, no combate \u00e0 vulnerabilidade social e no resgate da cidadania. &#8220;Essa parceria est\u00e1 provocando algo novo a inser\u00e7\u00e3o da capacita\u00e7\u00e3o profissional dentro de movimentos organizados, comunidades e associa\u00e7\u00f5es&#8221;, disse.<\/p>\n<p style=\"text-align: justify;\">Participaram da reuni\u00e3o, al\u00e9m do coordenador de Campanhas da CNBB, padre Jean Poul, a ditetora geral do IFSuldeMinas Campus Machado,\u00a0 Aline Manke Nachtigall, o diretor de Administra\u00e7\u00e3o e Planejamento do IFSul deMinas Campus Machado, Antonio Marcos de Lima, o coordenador geral do projeto Capacita em Rede, Roberto Camilo Orf\u00e3o Morais, o secret\u00e1rio de Educa\u00e7\u00e3o Profissional e Tecnol\u00f3gica (SETEC\/MEC), Marcelo Bregagnoli e o representante da diretoria de Articula\u00e7\u00e3o e Fortalecimento da Educa\u00e7\u00e3o Profissional e Tecnol\u00f3gica (SETEC\/MEC), Claudio Alex Jorge da Rocha.<\/p>\n<p><strong>Saiba mais:<\/strong><br \/>\n<a href=\"https:\/\/www.cnbb.org.br\/cnbb-e-instituto-federal-do-sul-de-minas-gerais-assinam-projeto-para-levar-capacitacao-a-19-mil-pessoas-em-todo-pais\/\">CNBB e Instituto Federal do Sul de Minas Gerais assinam \u201cTermo de Ades\u00e3o\u201d para levar capacita\u00e7\u00e3o a 19 mil pessoas em todo pa\u00eds &#8211; CNBB<\/a><\/p>\n","protected":false},"excerpt":{"rendered":"<p>O secret\u00e1rio de Educa\u00e7\u00e3o Profissional e Tecnol\u00f3gica  do MEC, Marcelo Bregagnoli, apresentou uma novidade do projeto: agora o projeto vai focar tamb\u00e9m no Rio Grande do Sul e aprofundar o princ\u00edpio da solidariedade numa parceria com todas as dioceses do Estado. &#8220;\u00c9 a rede federal de Institutos demonstrando que pode mais quando se atua em rede&#8221;, disse<\/p>\n","protected":false},"author":142,"featured_media":963949,"comment_status":"open","ping_status":"open","sticky":false,"template":"","format":"standard","meta":{"site-sidebar-layout":"default","site-content-layout":"default","ast-global-header-display":"","ast-banner-title-visibility":"","ast-main-header-display":"","ast-hfb-above-header-display":"","ast-hfb-below-header-display":"","ast-hfb-mobile-header-display":"","site-post-title":"","ast-breadcrumbs-content":"","ast-featured-img":"","footer-sml-layout":"","theme-transparent-header-meta":"default","adv-header-id-meta":"","stick-header-meta":"","header-above-stick-meta":"","header-main-stick-meta":"","header-below-stick-meta":""},"categories":[50,760],"tags":[5540],"acf":[],"_links":{"self":[{"href":"https:\/\/www.cnbb.org.br\/cnbb-app\/wp\/v2\/posts\/963945"}],"collection":[{"href":"https:\/\/www.cnbb.org.br\/cnbb-app\/wp\/v2\/posts"}],"about":[{"href":"https:\/\/www.cnbb.org.br\/cnbb-app\/wp\/v2\/types\/post"}],"author":[{"embeddable":true,"href":"https:\/\/www.cnbb.org.br\/cnbb-app\/wp\/v2\/users\/142"}],"replies":[{"embeddable":true,"href":"https:\/\/www.cnbb.org.br\/cnbb-app\/wp\/v2\/comments?post=963945"}],"version-history":[{"count":10,"href":"https:\/\/www.cnbb.org.br\/cnbb-app\/wp\/v2\/posts\/963945\/revisions"}],"predecessor-version":[{"id":963981,"href":"https:\/\/www.cnbb.org.br\/cnbb-app\/wp\/v2\/posts\/963945\/revisions\/963981"}],"wp:featuredmedia":[{"embeddable":true,"href":"https:\/\/www.cnbb.org.br\/cnbb-app\/wp\/v2\/media\/963949"}],"wp:attachment":[{"href":"https:\/\/www.cnbb.org.br\/cnbb-app\/wp\/v2\/media?parent=963945"}],"wp:term":[{"taxonomy":"category","embeddable":true,"href":"https:\/\/www.cnbb.org.br\/cnbb-app\/wp\/v2\/categories?post=963945"},{"taxonomy":"post_tag","embeddable":true,"href":"https:\/\/www.cnbb.org.br\/cnbb-app\/wp\/v2\/tags?post=963945"}],"curies":[{"name":"wp","href":"https:\/\/api.w.org\/{rel}","templated":true}]}}