{"id":964136,"date":"2024-05-24T13:54:19","date_gmt":"2024-05-24T16:54:19","guid":{"rendered":"https:\/\/www.cnbb.org.br\/?p=964136"},"modified":"2024-05-24T13:54:51","modified_gmt":"2024-05-24T16:54:51","slug":"a-importancia-da-oracao-em-preparacao-ao-jubileu-da-esperanca","status":"publish","type":"post","link":"https:\/\/www.cnbb.org.br\/a-importancia-da-oracao-em-preparacao-ao-jubileu-da-esperanca\/","title":{"rendered":"A import\u00e2ncia da ora\u00e7\u00e3o em prepara\u00e7\u00e3o ao Jubileu da Esperan\u00e7a"},"content":{"rendered":"<p>Dom Jo\u00e3o Santos Cardoso<br \/>\nArcebispo de Natal (RN)<\/p>\n<p style=\"text-align: justify;\">Em prepara\u00e7\u00e3o ao Jubileu de 2025, com o tema &#8220;Peregrinos da Esperan\u00e7a&#8221;, este ano est\u00e1 sendo dedicado \u00e0 ora\u00e7\u00e3o. O Papa Francisco, em suas catequeses nas Audi\u00eancias Gerais de 2020-2021, oferece valiosos ensinamentos sobre a ora\u00e7\u00e3o que podem nos ajudar a celebrar o ano jubilar.<\/p>\n<p>Em sua catequese de 21\/04\/2021, o Papa Francisco nos ensina que a ora\u00e7\u00e3o \u00e9 um di\u00e1logo com Deus. Este di\u00e1logo n\u00e3o se limita a momentos espec\u00edficos, mas permeia toda a exist\u00eancia, transformando cada alegria e cada tristeza em temas de nossa conversa com Deus. A Palavra divina se fez carne e, na carne de cada ser humano, a palavra retorna a Deus pela ora\u00e7\u00e3o.<\/p>\n<p>A primeira ora\u00e7\u00e3o do ser humano \u00e9 sempre vocal, e embora saibamos que rezar n\u00e3o signifique simplesmente repetir palavras, a ora\u00e7\u00e3o vocal \u00e9 a forma mais segura e sempre dispon\u00edvel para todos e pode ser praticada a qualquer momento, proporcionando seguran\u00e7a nas dificuldades. Entretanto, rezar n\u00e3o \u00e9 uma tarefa f\u00e1cil! Na catequese de 19\/05\/2021, o Papa Francisco identifica as principais dificuldades na ora\u00e7\u00e3o, como a distra\u00e7\u00e3o, a aridez e a ac\u00eddia.<\/p>\n<p>Na distra\u00e7\u00e3o, a mente humana tende a se dispersar, e manter a concentra\u00e7\u00e3o na ora\u00e7\u00e3o pode ser um grande desafio. Na aridez, s\u00e3o comuns per\u00edodos de secura espiritual, onde a ora\u00e7\u00e3o parece desprovida de consola\u00e7\u00e3o. As raz\u00f5es para a aridez podem ser variadas e muitas vezes desconhecidas, podendo depender de n\u00f3s ou de Deus. A vida de f\u00e9 alterna entre momentos de consola\u00e7\u00e3o e desola\u00e7\u00e3o. Sentir-se abatido \u00e9 comum, mas o perigo reside em permitir que essa sensa\u00e7\u00e3o cinzenta tome conta do cora\u00e7\u00e3o, impedindo a ora\u00e7\u00e3o e a consola\u00e7\u00e3o.<\/p>\n<p>Durante esses tempos, a f\u00e9 pura e a perseveran\u00e7a s\u00e3o fundamentais para superar a aridez e manter o cora\u00e7\u00e3o aberto para receber a luz do Senhor, aguardando-a com esperan\u00e7a. A ac\u00eddia, ou pregui\u00e7a espiritual, \u00e9 a principal tenta\u00e7\u00e3o contra a ora\u00e7\u00e3o. Trata-se de uma esp\u00e9cie de depress\u00e3o que surge do relaxamento da ascese, frequentemente alimentada pela presun\u00e7\u00e3o, e que pode levar \u00e0 morte da alma.<\/p>\n<p>Para superar essas dificuldades, \u00e9 necess\u00e1rio: manter a fidelidade na ora\u00e7\u00e3o, mesmo quando \u00e9 dif\u00edcil ou parece infrut\u00edfera; buscar a ora\u00e7\u00e3o comunit\u00e1ria, pois essa pode fortalecer a experi\u00eancia individual e ajudar a manter a const\u00e2ncia; e ter humildade, reconhecendo nossas limita\u00e7\u00f5es e nos abrindo \u00e0 gra\u00e7a de Deus para sustentar nossa vida de ora\u00e7\u00e3o.<\/p>\n<p>O Papa Francisco aborda v\u00e1rias formas de ora\u00e7\u00e3o. Na catequese de 28 de abril de 2021, ele discorre sobre a ora\u00e7\u00e3o de medita\u00e7\u00e3o e nos lembra que a sua pr\u00e1tica n\u00e3o \u00e9 exclusiva do cristianismo. A medita\u00e7\u00e3o pode ser encontrada em v\u00e1rias religi\u00f5es e at\u00e9 entre pessoas que n\u00e3o t\u00eam uma concep\u00e7\u00e3o religiosa da vida, pois todos t\u00eam a necessidade de meditar e refletir.<\/p>\n<p>No entanto, a medita\u00e7\u00e3o crist\u00e3 possui uma especificidade: ela \u00e9 um encontro com o Outro, Deus, atrav\u00e9s de Jesus Cristo. Diferente de uma busca introspectiva, a medita\u00e7\u00e3o crist\u00e3 envolve a reflex\u00e3o sobre a Palavra de Deus e busca um encontro profundo com Cristo, guiado pelo Esp\u00edrito Santo. A pr\u00e1tica da medita\u00e7\u00e3o crist\u00e3 pode assumir v\u00e1rios m\u00e9todos, todos importantes, desde que ajudem a pessoa a se relacionar integralmente com Deus, envolvendo mente, cora\u00e7\u00e3o e vontade.<\/p>\n<p>Na ora\u00e7\u00e3o de contempla\u00e7\u00e3o, cessam as palavras. Ela se baseia na certeza de que nossa vida est\u00e1 cercada pelo amor fiel de Deus. \u00c9 semelhante a um ato de f\u00e9 e amor, um \u201crespiro\u201d da nossa rela\u00e7\u00e3o com Deus, que purifica o cora\u00e7\u00e3o e ilumina o olhar, permitindo que vejamos a realidade sob uma nova perspectiva. Na catequese do dia 05\/05\/2021, o Papa Francisco afirma que \u201cser contemplativo n\u00e3o depende dos olhos, mas do cora\u00e7\u00e3o.<\/p>\n<p>E nisto entra em jogo a ora\u00e7\u00e3o, como um ato de f\u00e9 e amor, como um \u2018respiro\u2019 da nossa rela\u00e7\u00e3o com Deus\u201d. Citando o Catecismo, ele lembra um famoso testemunho do Santo Cura d&#8217;Ars: \u00abA contempla\u00e7\u00e3o \u00e9 o olhar da f\u00e9, fixado em Jesus. &#8216;Eu olho para Ele e Ele olha para mim&#8217; \u2013 dizia, no tempo do Santo Cura, um campon\u00eas d&#8217;Ars em ora\u00e7\u00e3o diante do sacr\u00e1rio. [\u2026] A luz do olhar de Jesus ilumina os olhos do nosso cora\u00e7\u00e3o; ensina-nos a ver tudo \u00e0 luz da sua verdade e da sua compaix\u00e3o para com todos os homens\u00bb (Catecismo da Igreja Cat\u00f3lica, 2715). Esse olhar de amor m\u00fatuo, onde &#8220;eu olho para Ele e Ele olha para mim&#8221;, transforma a vida e revela um amor fiel que nos rodeia e do qual nada pode nos separar. A contempla\u00e7\u00e3o difere da medita\u00e7\u00e3o. Enquanto a medita\u00e7\u00e3o envolve a mente e a reflex\u00e3o, a contempla\u00e7\u00e3o \u00e9 uma express\u00e3o do cora\u00e7\u00e3o que se sente visto e amado por Deus.<\/p>\n<p>\u00c0 medida em que se aproxima o Jubileu de 2025, que este ano dedicado \u00e0 ora\u00e7\u00e3o nos conduza ainda mais \u00e0 intimidade com Cristo, renove nosso cora\u00e7\u00e3o e alimente nossa esperan\u00e7a.<\/p>\n","protected":false},"excerpt":{"rendered":"<p>Dom Jo\u00e3o Santos Cardoso Arcebispo de Natal (RN) Em prepara\u00e7\u00e3o ao Jubileu de 2025, com o tema &#8220;Peregrinos da Esperan\u00e7a&#8221;, este ano est\u00e1 sendo dedicado \u00e0 ora\u00e7\u00e3o. O Papa Francisco, em suas catequeses nas Audi\u00eancias Gerais de 2020-2021, oferece valiosos ensinamentos sobre a ora\u00e7\u00e3o que podem nos ajudar a celebrar o ano jubilar. Em sua &hellip;<\/p>\n<p class=\"read-more\"> <a class=\"\" href=\"https:\/\/www.cnbb.org.br\/a-importancia-da-oracao-em-preparacao-ao-jubileu-da-esperanca\/\"> <span class=\"screen-reader-text\">A import\u00e2ncia da ora\u00e7\u00e3o em prepara\u00e7\u00e3o ao Jubileu da Esperan\u00e7a<\/span> Leia mais &raquo;<\/a><\/p>\n","protected":false},"author":105,"featured_media":0,"comment_status":"open","ping_status":"open","sticky":false,"template":"","format":"standard","meta":{"site-sidebar-layout":"default","site-content-layout":"default","ast-global-header-display":"","ast-banner-title-visibility":"","ast-main-header-display":"","ast-hfb-above-header-display":"","ast-hfb-below-header-display":"","ast-hfb-mobile-header-display":"","site-post-title":"","ast-breadcrumbs-content":"","ast-featured-img":"","footer-sml-layout":"","theme-transparent-header-meta":"default","adv-header-id-meta":"","stick-header-meta":"","header-above-stick-meta":"","header-main-stick-meta":"","header-below-stick-meta":""},"categories":[758,1837],"tags":[],"acf":[],"_links":{"self":[{"href":"https:\/\/www.cnbb.org.br\/cnbb-app\/wp\/v2\/posts\/964136"}],"collection":[{"href":"https:\/\/www.cnbb.org.br\/cnbb-app\/wp\/v2\/posts"}],"about":[{"href":"https:\/\/www.cnbb.org.br\/cnbb-app\/wp\/v2\/types\/post"}],"author":[{"embeddable":true,"href":"https:\/\/www.cnbb.org.br\/cnbb-app\/wp\/v2\/users\/105"}],"replies":[{"embeddable":true,"href":"https:\/\/www.cnbb.org.br\/cnbb-app\/wp\/v2\/comments?post=964136"}],"version-history":[{"count":2,"href":"https:\/\/www.cnbb.org.br\/cnbb-app\/wp\/v2\/posts\/964136\/revisions"}],"predecessor-version":[{"id":964138,"href":"https:\/\/www.cnbb.org.br\/cnbb-app\/wp\/v2\/posts\/964136\/revisions\/964138"}],"wp:attachment":[{"href":"https:\/\/www.cnbb.org.br\/cnbb-app\/wp\/v2\/media?parent=964136"}],"wp:term":[{"taxonomy":"category","embeddable":true,"href":"https:\/\/www.cnbb.org.br\/cnbb-app\/wp\/v2\/categories?post=964136"},{"taxonomy":"post_tag","embeddable":true,"href":"https:\/\/www.cnbb.org.br\/cnbb-app\/wp\/v2\/tags?post=964136"}],"curies":[{"name":"wp","href":"https:\/\/api.w.org\/{rel}","templated":true}]}}